






{"id":48987,"date":"2024-01-26T12:14:45","date_gmt":"2024-01-26T03:14:45","guid":{"rendered":"https:\/\/guide.fire-emblem-heroes.com\/?p=48987"},"modified":"2024-02-20T16:02:00","modified_gmt":"2024-02-20T07:02:00","slug":"01001001001057-2","status":"publish","type":"post","link":"https:\/\/guide.fire-emblem-heroes.com\/es-MX\/01001001001057-2\/","title":{"rendered":"<span class=\"character_nick\">De los Or\u00edgenes<\/span><span class=\"character_name\">Marth<\/span>"},"content":{"rendered":"<main id=\"CHARA_986\" class=\"main_page character\">\r\n            <article>\r\n                <section class=\"sec sec_character\">\r\n                    <ul class=\"sec_ul sec_ul--character slick-box\">\r\n                        <li class=\"sec_li sec_li--character\">\r\n                            <img decoding=\"async\" src=\"https:\/\/guide.fire-emblem-heroes.com\/wp-content\/uploads\/marth_of_beginnings_slide01.png\" alt=\"\" \/>\r\n                        <\/li>\r\n                        <li class=\"sec_li sec_li--character\">\r\n                            <img decoding=\"async\" src=\"https:\/\/guide.fire-emblem-heroes.com\/wp-content\/uploads\/marth_of_beginnings_slide02.png\" alt=\"\" \/>\r\n                        <\/li>\r\n                        <li class=\"sec_li sec_li--character\">\r\n                            <img decoding=\"async\" src=\"https:\/\/guide.fire-emblem-heroes.com\/wp-content\/uploads\/marth_of_beginnings_slide03.png\" alt=\"\" \/>\r\n                        <\/li>\r\n                        <li class=\"sec_li sec_li--character\">\r\n                            <img decoding=\"async\" src=\"https:\/\/guide.fire-emblem-heroes.com\/wp-content\/uploads\/marth_of_beginnings_slide04.png\" alt=\"\" \/>\r\n                        <\/li>\r\n                    <\/ul>\r\n                    <div class=\"sec_charainfoarea flex\">\r\n                        <div class=\"sec_gif\"><img loading=\"lazy\" decoding=\"async\" src=\"https:\/\/guide.fire-emblem-heroes.com\/wp-content\/uploads\/marth_of_beginnings.png\" alt=\"\" width=\"210\" height=\"190\"\/><\/div>\r\n                        <div class=\"sec_charainfo\">\r\n                            <p id=\"CHARA_986_002\" class=\"sec_characate sec_characate--emblem_heroes\">H\u00e9roes Emblema<\/p>\r\n                            <p id=\"CHARA_986_003\" class=\"sec_charanick\">De los Or\u00edgenes<\/p>\r\n                            <p id=\"CHARA_986_004\" class=\"sec_charaname\">Marth<\/p>\r\n                            <p id=\"CHARA_986_005\" class=\"sec_charaappearancetxt\">Aparece en<\/p>\r\n                            <p id=\"CHARA_986_006\" class=\"sec_charaappearancetxt\">Fire Emblem: Mystery of the Emblem<br \/>Fire Emblem Engage<\/p>\r\n                        <\/div>\r\n                    <\/div>\r\n                <\/section>\r\n            <\/article>\r\n            <article>\r\n                <section class=\"sec sec_characterarea\">\r\n                    <div class=\"sec_h2chara\">\r\n                        <p id=\"CHARA_986_007\" class=\"sec_h2charattl\">\u00a1Sharena te contar\u00e1 de \u00e9l!<\/p>\r\n                        <h2 id=\"CHARA_986_008\" class=\"sec_h2charatxt\">De los Or\u00edgenes Marth<\/h2>\r\n                    <\/div>\r\n                    <dl class=\"sec_dl flex\">\r\n                        <dt id=\"CHARA_986_009\" class=\"sec_dt\">\u00a1Hola, Marth! \u00a1Hoy te ves diferente! \u00bfSiempre brillaste y flotaste as\u00ed? Espera&#8230; no te convertiste en fantasma, \u00bfo s\u00ed?<\/dt>\r\n                        <dd class=\"sec_dd\">\r\n                            <a href=\"https:\/\/guide.fire-emblem-heroes.com\/wp-content\/uploads\/marth_of_beginnings_pop01.png\" class=\"popup-image\">\r\n                                <img decoding=\"async\" src=\"https:\/\/guide.fire-emblem-heroes.com\/wp-content\/uploads\/marth_of_beginnings_info01.png\" alt=\"\" \/>\r\n                            <\/a>\r\n                        <\/dd>\r\n                        <dt id=\"CHARA_986_010\" class=\"sec_dt\">\u00a1Ups, me equivoqu\u00e9! Parece que este Marth es un emblema, es decir, el &#8220;concepto&#8221; de un h\u00e9roe de otro mundo. \u00a1Y ya fue invocado antes en Elyos!<\/dt>\r\n                        <dd class=\"sec_dd\">\r\n                            <a href=\"https:\/\/guide.fire-emblem-heroes.com\/wp-content\/uploads\/marth_of_beginnings_pop02.png\" class=\"popup-image\">\r\n                                <img decoding=\"async\" src=\"https:\/\/guide.fire-emblem-heroes.com\/wp-content\/uploads\/marth_of_beginnings_info02.png\" alt=\"\" \/>\r\n                            <\/a>\r\n                        <\/dd>\r\n                        <dt id=\"CHARA_986_011\" class=\"sec_dt\">Marth emblema ayud\u00f3 a Lumera, la monarca del Drag\u00f3n Divino de Elyos, y a su hijo, Alear, durante la batalla contra el Drag\u00f3n ca\u00eddo Sombron.<\/dt>\r\n                        <dd class=\"sec_dd\">\r\n                            <a href=\"https:\/\/guide.fire-emblem-heroes.com\/wp-content\/uploads\/marth_of_beginnings_pop03.png\" class=\"popup-image\">\r\n                                <img decoding=\"async\" src=\"https:\/\/guide.fire-emblem-heroes.com\/wp-content\/uploads\/marth_of_beginnings_info03.png\" alt=\"\" \/>\r\n                            <\/a>\r\n                        <\/dd>\r\n                        <dt id=\"CHARA_986_012\" class=\"sec_dt\">Hace mucho tiempo, Marth salv\u00f3 el continente de Akaneia. Ahora, como emblema, cuentan con \u00e9l para proteger a Elyos. \u00a1De seguro llevar\u00e1 a la Orden de H\u00e9roes hacia la victoria!<\/dt>\r\n                        <dd class=\"sec_dd\">\r\n                            <a href=\"https:\/\/guide.fire-emblem-heroes.com\/wp-content\/uploads\/marth_of_beginnings_pop04.png\" class=\"popup-image\">\r\n                                <img decoding=\"async\" src=\"https:\/\/guide.fire-emblem-heroes.com\/wp-content\/uploads\/marth_of_beginnings_info04.png\" alt=\"\" \/>\r\n                            <\/a>\r\n                        <\/dd>\r\n                    <\/dl>\r\n                    <h3 id=\"CHARA_986_013\" class=\"sec_h3charatxt\">Personajes relacionados<\/h3>\r\n                    <h4 id=\"CHARA_986_014\" class=\"sec_h4charatxt\">Alear<\/h4>\r\n                    <p id=\"CHARA_986_015\" class=\"sec_charatxt\">Descendiente del Drag\u00f3n Divino que acaba de despertar. Invoca a Marth y a los otros emblemas para salvar al mundo.<\/p>\r\n                    <h4 id=\"CHARA_986_016\" class=\"sec_h4charatxt\">Lumera<\/h4>\r\n                    <p id=\"CHARA_986_017\" class=\"sec_charatxt\">Drag\u00f3n Divino y se\u00f1ora de la tierra sagrada de Lythos. Es la madre de Alear y la hero\u00edna que salv\u00f3 a toda Elyos con la ayuda de Marth y los dem\u00e1s emblemas.<\/p>\r\n                <\/section>\r\n            <\/article>\r\n        <\/main>","protected":false},"excerpt":{"rendered":"H\u00e9roes Emblema De los Or\u00edgenes Marth Aparece en Fire Emblem: Mystery of the EmblemFire Emblem Engage \u00a1Sharena te contar\u00e1 de \u00e9l! De los Or\u00edgenes Marth \u00a1Hola, Marth! \u00a1Hoy te ves diferente! \u00bfSiempre brillaste y flotaste as\u00ed? Espera&#8230; no te convertiste en fantasma, \u00bfo s\u00ed? \u00a1Ups, me equivoqu\u00e9! Parece que este Marth es un emblema, es [&hellip;]","protected":false},"author":1,"featured_media":49200,"comment_status":"closed","ping_status":"closed","sticky":false,"template":"","format":"standard","meta":{"advanced_seo_description":"","jetpack_seo_html_title":"","jetpack_seo_noindex":false,"_jetpack_newsletter_access":"","_jetpack_dont_email_post_to_subs":false,"_jetpack_newsletter_tier_id":0,"_jetpack_memberships_contains_paywalled_content":false,"_locale":"es_MX","_original_post":"https:\/\/guide.fire-emblem-heroes.com\/?p=48980","_jetpack_memberships_contains_paid_content":false,"footnotes":"","jetpack_publicize_message":"","jetpack_publicize_feature_enabled":true,"jetpack_social_post_already_shared":false,"jetpack_social_options":{"image_generator_settings":{"template":"highway","default_image_id":0,"font":"","enabled":false},"version":2},"_wpas_customize_per_network":false,"jetpack_post_was_ever_published":false},"categories":[1512,1384,1424,1527,1390],"tags":[1530],"class_list":["post-48987","post","type-post","status-publish","format-standard","has-post-thumbnail","hentry","category-ex_works_engage","category-character","category-ex_works_mystery_of_the_emblem","category-emblem_heroes","category-stay_heroes","tag-heroes-emblema","es-MX"],"jetpack_publicize_connections":[],"jetpack_featured_media_url":"https:\/\/guide.fire-emblem-heroes.com\/wp-content\/uploads\/marth_of_beginnings.png","jetpack_sharing_enabled":false,"jetpack_shortlink":"https:\/\/wp.me\/pa0Mj3-cK7","jetpack_likes_enabled":false,"amp_enabled":false,"_links":{"self":[{"href":"https:\/\/guide.fire-emblem-heroes.com\/wp-json\/wp\/v2\/posts\/48987","targetHints":{"allow":["GET"]}}],"collection":[{"href":"https:\/\/guide.fire-emblem-heroes.com\/wp-json\/wp\/v2\/posts"}],"about":[{"href":"https:\/\/guide.fire-emblem-heroes.com\/wp-json\/wp\/v2\/types\/post"}],"author":[{"embeddable":true,"href":"https:\/\/guide.fire-emblem-heroes.com\/wp-json\/wp\/v2\/users\/1"}],"replies":[{"embeddable":true,"href":"https:\/\/guide.fire-emblem-heroes.com\/wp-json\/wp\/v2\/comments?post=48987"}],"version-history":[{"count":1,"href":"https:\/\/guide.fire-emblem-heroes.com\/wp-json\/wp\/v2\/posts\/48987\/revisions"}],"predecessor-version":[{"id":48997,"href":"https:\/\/guide.fire-emblem-heroes.com\/wp-json\/wp\/v2\/posts\/48987\/revisions\/48997"}],"wp:featuredmedia":[{"embeddable":true,"href":"https:\/\/guide.fire-emblem-heroes.com\/wp-json\/wp\/v2\/media\/49200"}],"wp:attachment":[{"href":"https:\/\/guide.fire-emblem-heroes.com\/wp-json\/wp\/v2\/media?parent=48987"}],"wp:term":[{"taxonomy":"category","embeddable":true,"href":"https:\/\/guide.fire-emblem-heroes.com\/wp-json\/wp\/v2\/categories?post=48987"},{"taxonomy":"post_tag","embeddable":true,"href":"https:\/\/guide.fire-emblem-heroes.com\/wp-json\/wp\/v2\/tags?post=48987"}],"curies":[{"name":"wp","href":"https:\/\/api.w.org\/{rel}","templated":true}]}}