






{"id":50361,"date":"2024-03-27T10:13:58","date_gmt":"2024-03-27T01:13:58","guid":{"rendered":"https:\/\/guide.fire-emblem-heroes.com\/?p=50361"},"modified":"2024-03-28T12:41:01","modified_gmt":"2024-03-28T03:41:01","slug":"00001001000229-2","status":"publish","type":"post","link":"https:\/\/guide.fire-emblem-heroes.com\/es-MX\/00001001000229-2\/","title":{"rendered":"<span class=\"character_nick\">Pr\u00edncipe vernal<\/span><span class=\"character_name\">Alfonse<\/span>"},"content":{"rendered":"<main id=\"CHARA_1019\" class=\"main_page character\">\r\n            <article>\r\n                <section class=\"sec sec_character\">\r\n                    <ul class=\"sec_ul sec_ul--character slick-box\">\r\n                        <li class=\"sec_li sec_li--character\">\r\n                            <img decoding=\"async\" src=\"https:\/\/guide.fire-emblem-heroes.com\/wp-content\/uploads\/alfons_spring_prince_slide01.png\" alt=\"\" \/>\r\n                        <\/li>\r\n                        <li class=\"sec_li sec_li--character\">\r\n                            <img decoding=\"async\" src=\"https:\/\/guide.fire-emblem-heroes.com\/wp-content\/uploads\/alfons_spring_prince_slide02.png\" alt=\"\" \/>\r\n                        <\/li>\r\n                        <li class=\"sec_li sec_li--character\">\r\n                            <img decoding=\"async\" src=\"https:\/\/guide.fire-emblem-heroes.com\/wp-content\/uploads\/alfons_spring_prince_slide03.png\" alt=\"\" \/>\r\n                        <\/li>\r\n                        <li class=\"sec_li sec_li--character\">\r\n                            <img decoding=\"async\" src=\"https:\/\/guide.fire-emblem-heroes.com\/wp-content\/uploads\/alfons_spring_prince_slide04.png\" alt=\"\" \/>\r\n                        <\/li>\r\n                    <\/ul>\r\n                    <div class=\"sec_charainfoarea flex\">\r\n                        <div class=\"sec_gif\"><img loading=\"lazy\" decoding=\"async\" src=\"https:\/\/guide.fire-emblem-heroes.com\/wp-content\/uploads\/alfons_spring_prince.png\" alt=\"\" width=\"210\" height=\"190\"\/><\/div>\r\n                        <div class=\"sec_charainfo\">\r\n                            <p id=\"CHARA_1019_002\" class=\"sec_characate sec_characate--special_heroes\">H\u00e9roes especiales<\/p>\r\n                            <p id=\"CHARA_1019_003\" class=\"sec_charanick\">Pr\u00edncipe vernal<\/p>\r\n                            <p id=\"CHARA_1019_004\" class=\"sec_charaname\">Alfonse<\/p>\r\n                            <p id=\"CHARA_1019_005\" class=\"sec_charaappearancetxt\">Aparece en<\/p>\r\n                            <p id=\"CHARA_1019_006\" class=\"sec_charaappearancetxt\">Fire Emblem Heroes<\/p>\r\n                        <\/div>\r\n                    <\/div>\r\n                <\/section>\r\n            <\/article>\r\n            <article>\r\n                <section class=\"sec sec_characterarea\">\r\n                    <div class=\"sec_h2chara\">\r\n                        <p id=\"CHARA_1019_007\" class=\"sec_h2charattl\">\u00a1Sharena te contar\u00e1 de \u00e9l!<\/p>\r\n                        <h2 id=\"CHARA_1019_008\" class=\"sec_h2charatxt\">Pr\u00edncipe vernal Alfonse<\/h2>\r\n                    <\/div>\r\n                    <dl class=\"sec_dl flex\">\r\n                        <dt id=\"CHARA_1019_009\" class=\"sec_dt\">\u00bfEs Alfonse? \u00a1Luce&#8230; ADORABLE! Miren todos, nuestro pr\u00edncipe Alfonse lleg\u00f3 con su atuendo especial para el festival primaveral de Askr.<\/dt>\r\n                        <dd class=\"sec_dd\">\r\n                            <a href=\"https:\/\/guide.fire-emblem-heroes.com\/wp-content\/uploads\/alfons_spring_prince_pop01.png\" class=\"popup-image\">\r\n                                <img decoding=\"async\" src=\"https:\/\/guide.fire-emblem-heroes.com\/wp-content\/uploads\/alfons_spring_prince_info01.png\" alt=\"\" \/>\r\n                            <\/a>\r\n                        <\/dd>\r\n                        <dt id=\"CHARA_1019_010\" class=\"sec_dt\">\u00a1Y esta es su vestimenta con tem\u00e1tica de conejo! Al verdadero estilo de Askr, viste de blanco con detalles dorados en el cuello y en las mangas.<\/dt>\r\n                        <dd class=\"sec_dd\">\r\n                            <a href=\"https:\/\/guide.fire-emblem-heroes.com\/wp-content\/uploads\/alfons_spring_prince_pop02.png\" class=\"popup-image\">\r\n                                <img decoding=\"async\" src=\"https:\/\/guide.fire-emblem-heroes.com\/wp-content\/uploads\/alfons_spring_prince_info02.png\" alt=\"\" \/>\r\n                            <\/a>\r\n                        <\/dd>\r\n                        <dt id=\"CHARA_1019_011\" class=\"sec_dt\">Esa cuchara gigante y el huevo festivo colorido de seguro llamar\u00e1n la atenci\u00f3n, pero, en mi opini\u00f3n, \u00a1la diadema con orejas esponjosas es lo m\u00e1s adorable!<\/dt>\r\n                        <dd class=\"sec_dd\">\r\n                            <a href=\"https:\/\/guide.fire-emblem-heroes.com\/wp-content\/uploads\/alfons_spring_prince_pop03.png\" class=\"popup-image\">\r\n                                <img decoding=\"async\" src=\"https:\/\/guide.fire-emblem-heroes.com\/wp-content\/uploads\/alfons_spring_prince_info03.png\" alt=\"\" \/>\r\n                            <\/a>\r\n                        <\/dd>\r\n                        <dt id=\"CHARA_1019_012\" class=\"sec_dt\">Parece que a Alfonse le averg\u00fcenza lucir tan adorable. No importa cu\u00e1l sea su atuendo, \u00a1siempre ser\u00e1 mi querido hermano mayor!<\/dt>\r\n                        <dd class=\"sec_dd\">\r\n                            <a href=\"https:\/\/guide.fire-emblem-heroes.com\/wp-content\/uploads\/alfons_spring_prince_pop04.png\" class=\"popup-image\">\r\n                                <img decoding=\"async\" src=\"https:\/\/guide.fire-emblem-heroes.com\/wp-content\/uploads\/alfons_spring_prince_info04.png\" alt=\"\" \/>\r\n                            <\/a>\r\n                        <\/dd>\r\n                    <\/dl>\r\n                    <h3 id=\"CHARA_1019_013\" class=\"sec_h3charatxt\">Personajes relacionados<\/h3>\r\n                    <h4 id=\"CHARA_1019_014\" class=\"sec_h4charatxt\">Sharena<\/h4>\r\n                    <p id=\"CHARA_1019_015\" class=\"sec_charatxt\">Princesa de Askr y hermana peque\u00f1a de Alfonse. Convenci\u00f3 a su hermano para que participara con ella en el festival primaveral.<\/p>\r\n                    <h4 id=\"CHARA_1019_016\" class=\"sec_h4charatxt\">Anna<\/h4>\r\n                    <p id=\"CHARA_1019_017\" class=\"sec_charatxt\">Experimentada guerrera que lidera la Orden de H\u00e9roes, donde tambi\u00e9n sirven Alfonse y Sharena.<\/p>\r\n                <\/section>\r\n            <\/article>\r\n        <\/main>","protected":false},"excerpt":{"rendered":"H\u00e9roes especiales Pr\u00edncipe vernal Alfonse Aparece en Fire Emblem Heroes \u00a1Sharena te contar\u00e1 de \u00e9l! Pr\u00edncipe vernal Alfonse \u00bfEs Alfonse? \u00a1Luce&#8230; ADORABLE! Miren todos, nuestro pr\u00edncipe Alfonse lleg\u00f3 con su atuendo especial para el festival primaveral de Askr. \u00a1Y esta es su vestimenta con tem\u00e1tica de conejo! Al verdadero estilo de Askr, viste de blanco [&hellip;]","protected":false},"author":1,"featured_media":50464,"comment_status":"closed","ping_status":"closed","sticky":false,"template":"","format":"standard","meta":{"advanced_seo_description":"","jetpack_seo_html_title":"","jetpack_seo_noindex":false,"_jetpack_newsletter_access":"","_jetpack_dont_email_post_to_subs":false,"_jetpack_newsletter_tier_id":0,"_jetpack_memberships_contains_paywalled_content":false,"_locale":"es_MX","_original_post":"https:\/\/guide.fire-emblem-heroes.com\/?p=50354","_jetpack_memberships_contains_paid_content":false,"footnotes":"","jetpack_publicize_message":"","jetpack_publicize_feature_enabled":true,"jetpack_social_post_already_shared":false,"jetpack_social_options":{"image_generator_settings":{"template":"highway","default_image_id":0,"font":"","enabled":false},"version":2},"_wpas_customize_per_network":false,"jetpack_post_was_ever_published":false},"categories":[1384,1423,1405,1390],"tags":[1409],"class_list":["post-50361","post","type-post","status-publish","format-standard","has-post-thumbnail","hentry","category-character","category-ex_works_heroes","category-special_heroes","category-stay_heroes","tag-heroes-especiales","es-MX"],"jetpack_publicize_connections":[],"jetpack_featured_media_url":"https:\/\/guide.fire-emblem-heroes.com\/wp-content\/uploads\/alfons_spring_prince.png","jetpack_sharing_enabled":false,"jetpack_shortlink":"https:\/\/wp.me\/pa0Mj3-d6h","jetpack_likes_enabled":false,"amp_enabled":false,"_links":{"self":[{"href":"https:\/\/guide.fire-emblem-heroes.com\/wp-json\/wp\/v2\/posts\/50361","targetHints":{"allow":["GET"]}}],"collection":[{"href":"https:\/\/guide.fire-emblem-heroes.com\/wp-json\/wp\/v2\/posts"}],"about":[{"href":"https:\/\/guide.fire-emblem-heroes.com\/wp-json\/wp\/v2\/types\/post"}],"author":[{"embeddable":true,"href":"https:\/\/guide.fire-emblem-heroes.com\/wp-json\/wp\/v2\/users\/1"}],"replies":[{"embeddable":true,"href":"https:\/\/guide.fire-emblem-heroes.com\/wp-json\/wp\/v2\/comments?post=50361"}],"version-history":[{"count":1,"href":"https:\/\/guide.fire-emblem-heroes.com\/wp-json\/wp\/v2\/posts\/50361\/revisions"}],"predecessor-version":[{"id":50371,"href":"https:\/\/guide.fire-emblem-heroes.com\/wp-json\/wp\/v2\/posts\/50361\/revisions\/50371"}],"wp:featuredmedia":[{"embeddable":true,"href":"https:\/\/guide.fire-emblem-heroes.com\/wp-json\/wp\/v2\/media\/50464"}],"wp:attachment":[{"href":"https:\/\/guide.fire-emblem-heroes.com\/wp-json\/wp\/v2\/media?parent=50361"}],"wp:term":[{"taxonomy":"category","embeddable":true,"href":"https:\/\/guide.fire-emblem-heroes.com\/wp-json\/wp\/v2\/categories?post=50361"},{"taxonomy":"post_tag","embeddable":true,"href":"https:\/\/guide.fire-emblem-heroes.com\/wp-json\/wp\/v2\/tags?post=50361"}],"curies":[{"name":"wp","href":"https:\/\/api.w.org\/{rel}","templated":true}]}}