






{"id":53516,"date":"2024-08-14T11:57:15","date_gmt":"2024-08-14T02:57:15","guid":{"rendered":"https:\/\/guide.fire-emblem-heroes.com\/?p=53516"},"modified":"2024-09-17T16:11:17","modified_gmt":"2024-09-17T07:11:17","slug":"00001001001133-2","status":"publish","type":"post","link":"https:\/\/guide.fire-emblem-heroes.com\/es-MX\/00001001001133-2\/","title":{"rendered":"<span class=\"character_nick\">Heredero de Askr<\/span><span class=\"character_name\">Alfonse<\/span>"},"content":{"rendered":"<main id=\"CHARA_1092\" class=\"main_page character\">\r\n            <article>\r\n                <section class=\"sec sec_character\">\r\n                    <ul class=\"sec_ul sec_ul--character slick-box\">\r\n                        <li class=\"sec_li sec_li--character\">\r\n                            <img decoding=\"async\" src=\"https:\/\/guide.fire-emblem-heroes.com\/wp-content\/uploads\/alfons_heir_to_openness_slide01.png\" alt=\"\" \/>\r\n                        <\/li>\r\n                        <li class=\"sec_li sec_li--character\">\r\n                            <img decoding=\"async\" src=\"https:\/\/guide.fire-emblem-heroes.com\/wp-content\/uploads\/alfons_heir_to_openness_slide02.png\" alt=\"\" \/>\r\n                        <\/li>\r\n                        <li class=\"sec_li sec_li--character\">\r\n                            <img decoding=\"async\" src=\"https:\/\/guide.fire-emblem-heroes.com\/wp-content\/uploads\/alfons_heir_to_openness_slide03.png\" alt=\"\" \/>\r\n                        <\/li>\r\n                        <li class=\"sec_li sec_li--character\">\r\n                            <img decoding=\"async\" src=\"https:\/\/guide.fire-emblem-heroes.com\/wp-content\/uploads\/alfons_heir_to_openness_slide04.png\" alt=\"\" \/>\r\n                        <\/li>\r\n                    <\/ul>\r\n                    <div class=\"sec_charainfoarea flex\">\r\n                        <div class=\"sec_gif\"><img loading=\"lazy\" decoding=\"async\" src=\"https:\/\/guide.fire-emblem-heroes.com\/wp-content\/uploads\/alfons_heir_to_openness.png\" alt=\"\" width=\"210\" height=\"190\"\/><\/div>\r\n                        <div class=\"sec_charainfo\">\r\n                            <p id=\"CHARA_1092_002\" class=\"sec_characate sec_characate--heroes\">H\u00e9roes<\/p>\r\n                            <p id=\"CHARA_1092_003\" class=\"sec_charanick\">Heredero de Askr<\/p>\r\n                            <p id=\"CHARA_1092_004\" class=\"sec_charaname\">Alfonse<\/p>\r\n                            <p id=\"CHARA_1092_005\" class=\"sec_charaappearancetxt\">Aparece en<\/p>\r\n                            <p id=\"CHARA_1092_006\" class=\"sec_charaappearancetxt\">Fire Emblem Heroes<\/p>\r\n                        <\/div>\r\n                    <\/div>\r\n                <\/section>\r\n            <\/article>\r\n            <article>\r\n                <section class=\"sec sec_characterarea\">\r\n                    <div class=\"sec_h2chara\">\r\n                        <p id=\"CHARA_1092_007\" class=\"sec_h2charattl\">\u00a1Sharena te contar\u00e1 de \u00e9l!<\/p>\r\n                        <h2 id=\"CHARA_1092_008\" class=\"sec_h2charatxt\">Heredero de Askr Alfonse<\/h2>\r\n                    <\/div>\r\n                    <dl class=\"sec_dl flex\">\r\n                        <dt id=\"CHARA_1092_009\" class=\"sec_dt\">Mi hermano, el pr\u00edncipe Alfonse de Askr, lleg\u00f3 con un nuevo atuendo especial para la ocasi\u00f3n. Es un homenaje a la forma de vestir de nuestro padre. \u00a1Impresionante!<\/dt>\r\n                        <dd class=\"sec_dd\">\r\n                            <a href=\"https:\/\/guide.fire-emblem-heroes.com\/wp-content\/uploads\/alfons_heir_to_openness_pop01.png\" class=\"popup-image\">\r\n                                <img decoding=\"async\" src=\"https:\/\/guide.fire-emblem-heroes.com\/wp-content\/uploads\/alfons_heir_to_openness_info01.png\" alt=\"\" \/>\r\n                            <\/a>\r\n                        <\/dd>\r\n                        <dt id=\"CHARA_1092_010\" class=\"sec_dt\">Pesadas hombreras, largas telas alrededor de la cintura y una enorme capa para darle el toque final: su armadura no pasa desapercibida. Alfonse transmite m\u00e1s dignidad y elegancia que nunca, \u00bfno te parece?<\/dt>\r\n                        <dd class=\"sec_dd\">\r\n                            <a href=\"https:\/\/guide.fire-emblem-heroes.com\/wp-content\/uploads\/alfons_heir_to_openness_pop02.png\" class=\"popup-image\">\r\n                                <img decoding=\"async\" src=\"https:\/\/guide.fire-emblem-heroes.com\/wp-content\/uploads\/alfons_heir_to_openness_info02.png\" alt=\"\" \/>\r\n                            <\/a>\r\n                        <\/dd>\r\n                        <dt id=\"CHARA_1092_011\" class=\"sec_dt\">Y un detalle para tener en cuenta es la antigua hacha de nuestro padre. Si bien se ve muy pesada, mi hermano la blande sin problemas.<\/dt>\r\n                        <dd class=\"sec_dd\">\r\n                            <a href=\"https:\/\/guide.fire-emblem-heroes.com\/wp-content\/uploads\/alfons_heir_to_openness_pop03.png\" class=\"popup-image\">\r\n                                <img decoding=\"async\" src=\"https:\/\/guide.fire-emblem-heroes.com\/wp-content\/uploads\/alfons_heir_to_openness_info03.png\" alt=\"\" \/>\r\n                            <\/a>\r\n                        <\/dd>\r\n                        <dt id=\"CHARA_1092_012\" class=\"sec_dt\">Estoy segura de que le gustar\u00eda que padre pudiera verlo ahora mismo&#8230; a m\u00ed tambi\u00e9n me encantar\u00eda. \u00a1Seguiremos luchando por el futuro de Askr!<\/dt>\r\n                        <dd class=\"sec_dd\">\r\n                            <a href=\"https:\/\/guide.fire-emblem-heroes.com\/wp-content\/uploads\/alfons_heir_to_openness_pop04.png\" class=\"popup-image\">\r\n                                <img decoding=\"async\" src=\"https:\/\/guide.fire-emblem-heroes.com\/wp-content\/uploads\/alfons_heir_to_openness_info04.png\" alt=\"\" \/>\r\n                            <\/a>\r\n                        <\/dd>\r\n                    <\/dl>\r\n                    <h3 id=\"CHARA_1092_013\" class=\"sec_h3charatxt\">Personajes relacionados<\/h3>\r\n                    <h4 id=\"CHARA_1092_014\" class=\"sec_h4charatxt\">Sharena<\/h4>\r\n                    <p id=\"CHARA_1092_015\" class=\"sec_charatxt\">Princesa del reino de Askr y hermana de Alfonse. Siempre est\u00e1 de buen humor y le encanta conocer a gente nueva, sobre todo si son h\u00e9roes.<\/p>\r\n                    <h4 id=\"CHARA_1092_016\" class=\"sec_h4charatxt\">Anna<\/h4>\r\n                    <p id=\"CHARA_1092_017\" class=\"sec_charatxt\">Experimentada guerrera que lidera la Orden de H\u00e9roes, donde tambi\u00e9n sirven Alfonse y Sharena.<\/p>\r\n                <\/section>\r\n            <\/article>\r\n        <\/main>","protected":false},"excerpt":{"rendered":"H\u00e9roes Heredero de Askr Alfonse Aparece en Fire Emblem Heroes \u00a1Sharena te contar\u00e1 de \u00e9l! Heredero de Askr Alfonse Mi hermano, el pr\u00edncipe Alfonse de Askr, lleg\u00f3 con un nuevo atuendo especial para la ocasi\u00f3n. Es un homenaje a la forma de vestir de nuestro padre. \u00a1Impresionante! Pesadas hombreras, largas telas alrededor de la cintura [&hellip;]","protected":false},"author":1,"featured_media":53599,"comment_status":"closed","ping_status":"closed","sticky":false,"template":"","format":"standard","meta":{"advanced_seo_description":"","jetpack_seo_html_title":"","jetpack_seo_noindex":false,"_jetpack_newsletter_access":"","_jetpack_dont_email_post_to_subs":false,"_jetpack_newsletter_tier_id":0,"_jetpack_memberships_contains_paywalled_content":false,"_locale":"es_MX","_original_post":"https:\/\/guide.fire-emblem-heroes.com\/?p=53509","_jetpack_memberships_contains_paid_content":false,"footnotes":"","jetpack_publicize_message":"","jetpack_publicize_feature_enabled":true,"jetpack_social_post_already_shared":false,"jetpack_social_options":{"image_generator_settings":{"template":"highway","default_image_id":0,"font":"","enabled":false},"version":2},"_wpas_customize_per_network":false,"jetpack_post_was_ever_published":false},"categories":[1384,1423,1415,1390],"tags":[1422],"class_list":["post-53516","post","type-post","status-publish","format-standard","has-post-thumbnail","hentry","category-character","category-ex_works_heroes","category-heroes","category-stay_heroes","tag-heroes-2","es-MX"],"jetpack_publicize_connections":[],"jetpack_featured_media_url":"https:\/\/guide.fire-emblem-heroes.com\/wp-content\/uploads\/alfons_heir_to_openness.png","jetpack_sharing_enabled":false,"jetpack_shortlink":"https:\/\/wp.me\/pa0Mj3-dVa","jetpack_likes_enabled":false,"amp_enabled":false,"_links":{"self":[{"href":"https:\/\/guide.fire-emblem-heroes.com\/wp-json\/wp\/v2\/posts\/53516","targetHints":{"allow":["GET"]}}],"collection":[{"href":"https:\/\/guide.fire-emblem-heroes.com\/wp-json\/wp\/v2\/posts"}],"about":[{"href":"https:\/\/guide.fire-emblem-heroes.com\/wp-json\/wp\/v2\/types\/post"}],"author":[{"embeddable":true,"href":"https:\/\/guide.fire-emblem-heroes.com\/wp-json\/wp\/v2\/users\/1"}],"replies":[{"embeddable":true,"href":"https:\/\/guide.fire-emblem-heroes.com\/wp-json\/wp\/v2\/comments?post=53516"}],"version-history":[{"count":1,"href":"https:\/\/guide.fire-emblem-heroes.com\/wp-json\/wp\/v2\/posts\/53516\/revisions"}],"predecessor-version":[{"id":53530,"href":"https:\/\/guide.fire-emblem-heroes.com\/wp-json\/wp\/v2\/posts\/53516\/revisions\/53530"}],"wp:featuredmedia":[{"embeddable":true,"href":"https:\/\/guide.fire-emblem-heroes.com\/wp-json\/wp\/v2\/media\/53599"}],"wp:attachment":[{"href":"https:\/\/guide.fire-emblem-heroes.com\/wp-json\/wp\/v2\/media?parent=53516"}],"wp:term":[{"taxonomy":"category","embeddable":true,"href":"https:\/\/guide.fire-emblem-heroes.com\/wp-json\/wp\/v2\/categories?post=53516"},{"taxonomy":"post_tag","embeddable":true,"href":"https:\/\/guide.fire-emblem-heroes.com\/wp-json\/wp\/v2\/tags?post=53516"}],"curies":[{"name":"wp","href":"https:\/\/api.w.org\/{rel}","templated":true}]}}