






{"id":56240,"date":"2024-12-04T13:09:49","date_gmt":"2024-12-04T04:09:49","guid":{"rendered":"https:\/\/guide.fire-emblem-heroes.com\/?p=56240"},"modified":"2024-12-16T16:28:59","modified_gmt":"2024-12-16T07:28:59","slug":"06008003001179-2","status":"publish","type":"post","link":"https:\/\/guide.fire-emblem-heroes.com\/es-MX\/06008003001179-2\/","title":{"rendered":"<span class=\"character_nick\">General dragontina<\/span><span class=\"character_name\">Vaida<\/span>"},"content":{"rendered":"<main id=\"CHARA_1154\" class=\"main_page character\">\r\n            <article>\r\n                <section class=\"sec sec_character\">\r\n                    <ul class=\"sec_ul sec_ul--character slick-box\">\r\n                        <li class=\"sec_li sec_li--character\">\r\n                            <img decoding=\"async\" src=\"https:\/\/guide.fire-emblem-heroes.com\/wp-content\/uploads\/vajda_dracofang_general_slide01.png\" alt=\"\" \/>\r\n                        <\/li>\r\n                        <li class=\"sec_li sec_li--character\">\r\n                            <img decoding=\"async\" src=\"https:\/\/guide.fire-emblem-heroes.com\/wp-content\/uploads\/vajda_dracofang_general_slide02.png\" alt=\"\" \/>\r\n                        <\/li>\r\n                        <li class=\"sec_li sec_li--character\">\r\n                            <img decoding=\"async\" src=\"https:\/\/guide.fire-emblem-heroes.com\/wp-content\/uploads\/vajda_dracofang_general_slide03.png\" alt=\"\" \/>\r\n                        <\/li>\r\n                        <li class=\"sec_li sec_li--character\">\r\n                            <img decoding=\"async\" src=\"https:\/\/guide.fire-emblem-heroes.com\/wp-content\/uploads\/vajda_dracofang_general_slide04.png\" alt=\"\" \/>\r\n                        <\/li>\r\n                    <\/ul>\r\n                    <div class=\"sec_charainfoarea flex\">\r\n                        <div class=\"sec_gif\"><img loading=\"lazy\" decoding=\"async\" src=\"https:\/\/guide.fire-emblem-heroes.com\/wp-content\/uploads\/vajda_dracofang_general.png\" alt=\"\" width=\"210\" height=\"190\"\/><\/div>\r\n                        <div class=\"sec_charainfo\">\r\n                            <p id=\"CHARA_1154_002\" class=\"sec_characate sec_characate--heroes\">H\u00e9roes<\/p>\r\n                            <p id=\"CHARA_1154_003\" class=\"sec_charanick\">General dragontina<\/p>\r\n                            <p id=\"CHARA_1154_004\" class=\"sec_charaname\">Vaida<\/p>\r\n                            <p id=\"CHARA_1154_005\" class=\"sec_charaappearancetxt\">Aparece en<\/p>\r\n                            <p id=\"CHARA_1154_006\" class=\"sec_charaappearancetxt\">Fire Emblem: The Blazing Blade<\/p>\r\n                        <\/div>\r\n                    <\/div>\r\n                <\/section>\r\n            <\/article>\r\n            <article>\r\n                <section class=\"sec sec_characterarea\">\r\n                    <div class=\"sec_h2chara\">\r\n                        <p id=\"CHARA_1154_007\" class=\"sec_h2charattl\">\u00a1Sharena te contar\u00e1 de ella!<\/p>\r\n                        <h2 id=\"CHARA_1154_008\" class=\"sec_h2charatxt\">General dragontina Vaida<\/h2>\r\n                    <\/div>\r\n                    <dl class=\"sec_dl flex\">\r\n                        <dt id=\"CHARA_1154_009\" class=\"sec_dt\">El reino de Biran es un importante poder militar en el continente de Elibe. \u00a1A Vaida se la nombr\u00f3 la comandante m\u00e1s poderosa de los caballeros wyvern reales!<\/dt>\r\n                        <dd class=\"sec_dd\">\r\n                            <a href=\"https:\/\/guide.fire-emblem-heroes.com\/wp-content\/uploads\/vajda_dracofang_general_pop01.png\" class=\"popup-image\">\r\n                                <img decoding=\"async\" src=\"https:\/\/guide.fire-emblem-heroes.com\/wp-content\/uploads\/vajda_dracofang_general_info01.png\" alt=\"\" \/>\r\n                            <\/a>\r\n                        <\/dd>\r\n                        <dt id=\"CHARA_1154_010\" class=\"sec_dt\">Sin embargo, unos corruptos de la \u00e9lite la incriminaron en el ej\u00e9rcito, y declararon como un acto de rebeli\u00f3n el hecho de que se negara a masacrar aldeanos inocentes durante una misi\u00f3n.<\/dt>\r\n                        <dd class=\"sec_dd\">\r\n                            <a href=\"https:\/\/guide.fire-emblem-heroes.com\/wp-content\/uploads\/vajda_dracofang_general_pop02.png\" class=\"popup-image\">\r\n                                <img decoding=\"async\" src=\"https:\/\/guide.fire-emblem-heroes.com\/wp-content\/uploads\/vajda_dracofang_general_info02.png\" alt=\"\" \/>\r\n                            <\/a>\r\n                        <\/dd>\r\n                        <dt id=\"CHARA_1154_011\" class=\"sec_dt\">Vaida se vio forzada a desertar y huir del ej\u00e9rcito. Sin embargo, su lealtad no era hacia el rey que permiti\u00f3 tal corrupci\u00f3n, sino al pr\u00edncipe Zephiel.<\/dt>\r\n                        <dd class=\"sec_dd\">\r\n                            <a href=\"https:\/\/guide.fire-emblem-heroes.com\/wp-content\/uploads\/vajda_dracofang_general_pop03.png\" class=\"popup-image\">\r\n                                <img decoding=\"async\" src=\"https:\/\/guide.fire-emblem-heroes.com\/wp-content\/uploads\/vajda_dracofang_general_info03.png\" alt=\"\" \/>\r\n                            <\/a>\r\n                        <\/dd>\r\n                        <dt id=\"CHARA_1154_012\" class=\"sec_dt\">Vaida, que quer\u00eda permanecer cerca de Zephiel y protegerlo, deseaba regresar al ej\u00e9rcito de Biran. Y as\u00ed fue que comenz\u00f3 a trabajar con Nergal, la sombr\u00eda figura que controla a los asesinos del Colmillo Negro&#8230;<\/dt>\r\n                        <dd class=\"sec_dd\">\r\n                            <a href=\"https:\/\/guide.fire-emblem-heroes.com\/wp-content\/uploads\/vajda_dracofang_general_pop04.png\" class=\"popup-image\">\r\n                                <img decoding=\"async\" src=\"https:\/\/guide.fire-emblem-heroes.com\/wp-content\/uploads\/vajda_dracofang_general_info04.png\" alt=\"\" \/>\r\n                            <\/a>\r\n                        <\/dd>\r\n                    <\/dl>\r\n                    <h3 id=\"CHARA_1154_013\" class=\"sec_h3charatxt\">Personajes relacionados<\/h3>\r\n                    <h4 id=\"CHARA_1154_014\" class=\"sec_h4charatxt\">Heath<\/h4>\r\n                    <p id=\"CHARA_1154_015\" class=\"sec_charatxt\">Joven atormentado por la dualidad entre sus ideales caballerescos y la realidad. Tras ser expulsado de Biran, su tierra natal, se convierte en mercenario.<\/p>\r\n                    <h4 id=\"CHARA_1154_016\" class=\"sec_h4charatxt\">Nergal<\/h4>\r\n                    <p id=\"CHARA_1154_017\" class=\"sec_charatxt\">Un hombre malvado que roba quintaesencia humana para engendrar creaciones vivientes llamadas morphs, que cumplen con su voluntad. Le otorga poder a Vaida, pero la convierte en su marioneta.<\/p>\r\n                <\/section>\r\n            <\/article>\r\n        <\/main>","protected":false},"excerpt":{"rendered":"H\u00e9roes General dragontina Vaida Aparece en Fire Emblem: The Blazing Blade \u00a1Sharena te contar\u00e1 de ella! General dragontina Vaida El reino de Biran es un importante poder militar en el continente de Elibe. \u00a1A Vaida se la nombr\u00f3 la comandante m\u00e1s poderosa de los caballeros wyvern reales! Sin embargo, unos corruptos de la \u00e9lite la [&hellip;]","protected":false},"author":1,"featured_media":56372,"comment_status":"closed","ping_status":"closed","sticky":false,"template":"","format":"standard","meta":{"advanced_seo_description":"","jetpack_seo_html_title":"","jetpack_seo_noindex":false,"_jetpack_newsletter_access":"","_jetpack_dont_email_post_to_subs":false,"_jetpack_newsletter_tier_id":0,"_jetpack_memberships_contains_paywalled_content":false,"_locale":"es_MX","_original_post":"https:\/\/guide.fire-emblem-heroes.com\/?p=56233","_jetpack_memberships_contains_paid_content":false,"footnotes":"","jetpack_publicize_message":"","jetpack_publicize_feature_enabled":true,"jetpack_social_post_already_shared":false,"jetpack_social_options":{"image_generator_settings":{"template":"highway","default_image_id":0,"font":"","enabled":false},"version":2},"_wpas_customize_per_network":false,"jetpack_post_was_ever_published":false},"categories":[1384,1427,1415,1390],"tags":[1422],"class_list":["post-56240","post","type-post","status-publish","format-standard","has-post-thumbnail","hentry","category-character","category-ex_works_the_blazing_blade","category-heroes","category-stay_heroes","tag-heroes-2","es-MX"],"jetpack_publicize_connections":[],"jetpack_featured_media_url":"https:\/\/guide.fire-emblem-heroes.com\/wp-content\/uploads\/vajda_dracofang_general.png","jetpack_sharing_enabled":false,"jetpack_shortlink":"https:\/\/wp.me\/pa0Mj3-eD6","jetpack_likes_enabled":false,"amp_enabled":false,"_links":{"self":[{"href":"https:\/\/guide.fire-emblem-heroes.com\/wp-json\/wp\/v2\/posts\/56240","targetHints":{"allow":["GET"]}}],"collection":[{"href":"https:\/\/guide.fire-emblem-heroes.com\/wp-json\/wp\/v2\/posts"}],"about":[{"href":"https:\/\/guide.fire-emblem-heroes.com\/wp-json\/wp\/v2\/types\/post"}],"author":[{"embeddable":true,"href":"https:\/\/guide.fire-emblem-heroes.com\/wp-json\/wp\/v2\/users\/1"}],"replies":[{"embeddable":true,"href":"https:\/\/guide.fire-emblem-heroes.com\/wp-json\/wp\/v2\/comments?post=56240"}],"version-history":[{"count":1,"href":"https:\/\/guide.fire-emblem-heroes.com\/wp-json\/wp\/v2\/posts\/56240\/revisions"}],"predecessor-version":[{"id":56248,"href":"https:\/\/guide.fire-emblem-heroes.com\/wp-json\/wp\/v2\/posts\/56240\/revisions\/56248"}],"wp:featuredmedia":[{"embeddable":true,"href":"https:\/\/guide.fire-emblem-heroes.com\/wp-json\/wp\/v2\/media\/56372"}],"wp:attachment":[{"href":"https:\/\/guide.fire-emblem-heroes.com\/wp-json\/wp\/v2\/media?parent=56240"}],"wp:term":[{"taxonomy":"category","embeddable":true,"href":"https:\/\/guide.fire-emblem-heroes.com\/wp-json\/wp\/v2\/categories?post=56240"},{"taxonomy":"post_tag","embeddable":true,"href":"https:\/\/guide.fire-emblem-heroes.com\/wp-json\/wp\/v2\/tags?post=56240"}],"curies":[{"name":"wp","href":"https:\/\/api.w.org\/{rel}","templated":true}]}}