






{"id":62019,"date":"2025-09-03T12:31:46","date_gmt":"2025-09-03T03:31:46","guid":{"rendered":"https:\/\/guide.fire-emblem-heroes.com\/?p=62019"},"modified":"2025-10-08T11:59:21","modified_gmt":"2025-10-08T02:59:21","slug":"05008006001283-2","status":"publish","type":"post","link":"https:\/\/guide.fire-emblem-heroes.com\/es-MX\/05008006001283-2\/","title":{"rendered":"<span class=\"character_nick\">Doble filo<\/span><span class=\"character_name\">Fir<\/span>"},"content":{"rendered":"<main id=\"CHARA_1283\" class=\"main_page character\">\r\n            <article>\r\n                <section class=\"sec sec_character\">\r\n                    <ul class=\"sec_ul sec_ul--character slick-box\">\r\n                        <li class=\"sec_li sec_li--character\">\r\n                            <img decoding=\"async\" src=\"https:\/\/guide.fire-emblem-heroes.com\/wp-content\/uploads\/fir_dual_warriors_slide01.png\" alt=\"\" \/>\r\n                        <\/li>\r\n                        <li class=\"sec_li sec_li--character\">\r\n                            <img decoding=\"async\" src=\"https:\/\/guide.fire-emblem-heroes.com\/wp-content\/uploads\/fir_dual_warriors_slide02.png\" alt=\"\" \/>\r\n                        <\/li>\r\n                        <li class=\"sec_li sec_li--character\">\r\n                            <img decoding=\"async\" src=\"https:\/\/guide.fire-emblem-heroes.com\/wp-content\/uploads\/fir_dual_warriors_slide03.png\" alt=\"\" \/>\r\n                        <\/li>\r\n                        <li class=\"sec_li sec_li--character\">\r\n                            <img decoding=\"async\" src=\"https:\/\/guide.fire-emblem-heroes.com\/wp-content\/uploads\/fir_dual_warriors_slide04.png\" alt=\"\" \/>\r\n                        <\/li>\r\n                    <\/ul>\r\n                    <div class=\"sec_charainfoarea flex\">\r\n                        <div class=\"sec_gif\"><img loading=\"lazy\" decoding=\"async\" src=\"https:\/\/guide.fire-emblem-heroes.com\/wp-content\/uploads\/fir_dual_warriors.png\" alt=\"\" width=\"210\" height=\"190\"\/><\/div>\r\n                        <div class=\"sec_charainfo\">\r\n                            <p id=\"CHARA_1283_002\" class=\"sec_characate sec_characate sec_characate--harmonized_hero\">Unidades armonizadas<\/p>\r\n                            <p id=\"CHARA_1283_003\" class=\"sec_charanick\">Doble filo<\/p>\r\n                            <p id=\"CHARA_1283_004\" class=\"sec_charaname\">Fir<\/p>\r\n                            <p id=\"CHARA_1283_005\" class=\"sec_charaappearancetxt\">Aparece en<\/p>\r\n                            <p id=\"CHARA_1283_006\" class=\"sec_charaappearancetxt\">Fire Emblem: The Binding Blade<br \/>Fire Emblem: The Blazing Blade<\/p>\r\n                        <\/div>\r\n                    <\/div>\r\n                <\/section>\r\n            <\/article>\r\n            <article>\r\n                <section class=\"sec sec_characterarea\">\r\n                    <div class=\"sec_h2chara\">\r\n                        <p id=\"CHARA_1283_007\" class=\"sec_h2charattl\">\u00a1Sharena te contar\u00e1 de ella!<\/p>\r\n                        <h2 id=\"CHARA_1283_008\" class=\"sec_h2charatxt\">Doble filo Fir<\/h2>\r\n                    <\/div>\r\n                    <dl class=\"sec_dl flex\">\r\n                        <dt id=\"CHARA_1283_009\" class=\"sec_dt\">Fir recorre el continente de Elibe mientras perfecciona constantemente sus habilidades con la espada. En esta ocasi\u00f3n, se encuentra en la naci\u00f3n militar de Regna Ferox para participar del torneo, y se unir\u00e1 a su madre, Karla, en su versi\u00f3n joven.<\/dt>\r\n                        <dd class=\"sec_dd\">\r\n                            <a href=\"https:\/\/guide.fire-emblem-heroes.com\/wp-content\/uploads\/fir_dual_warriors_pop01.png\" class=\"popup-image\">\r\n                                <img decoding=\"async\" src=\"https:\/\/guide.fire-emblem-heroes.com\/wp-content\/uploads\/fir_dual_warriors_info01.png\" alt=\"\" \/>\r\n                            <\/a>\r\n                        <\/dd>\r\n                        <dt id=\"CHARA_1283_010\" class=\"sec_dt\">La piel que lleva alrededor de los hombros causa una gran primera impresi\u00f3n. Se podr\u00eda pensar que su estilo sacrifica defensa por movilidad, pero la armadura dorada le protege los brazos y piernas.<\/dt>\r\n                        <dd class=\"sec_dd\">\r\n                            <a href=\"https:\/\/guide.fire-emblem-heroes.com\/wp-content\/uploads\/fir_dual_warriors_pop02.png\" class=\"popup-image\">\r\n                                <img decoding=\"async\" src=\"https:\/\/guide.fire-emblem-heroes.com\/wp-content\/uploads\/fir_dual_warriors_info02.png\" alt=\"\" \/>\r\n                            <\/a>\r\n                        <\/dd>\r\n                        <dt id=\"CHARA_1283_011\" class=\"sec_dt\">Al igual que Fir, Karla usa una armadura dorada, pero su estilo presenta un dise\u00f1o asim\u00e9trico particular.<\/dt>\r\n                        <dd class=\"sec_dd\">\r\n                            <a href=\"https:\/\/guide.fire-emblem-heroes.com\/wp-content\/uploads\/fir_dual_warriors_pop03.png\" class=\"popup-image\">\r\n                                <img decoding=\"async\" src=\"https:\/\/guide.fire-emblem-heroes.com\/wp-content\/uploads\/fir_dual_warriors_info03.png\" alt=\"\" \/>\r\n                            <\/a>\r\n                        <\/dd>\r\n                        <dt id=\"CHARA_1283_012\" class=\"sec_dt\">Ambas ir\u00e1n al coliseo mientras siguen puliendo sus habilidades. \u00a1Ans\u00edo ver de qu\u00e9 es capaz este d\u00fao de madre e hija!<\/dt>\r\n                        <dd class=\"sec_dd\">\r\n                            <a href=\"https:\/\/guide.fire-emblem-heroes.com\/wp-content\/uploads\/fir_dual_warriors_pop04.png\" class=\"popup-image\">\r\n                                <img decoding=\"async\" src=\"https:\/\/guide.fire-emblem-heroes.com\/wp-content\/uploads\/fir_dual_warriors_info04.png\" alt=\"\" \/>\r\n                            <\/a>\r\n                        <\/dd>\r\n                    <\/dl>\r\n                    <h3 id=\"CHARA_1283_013\" class=\"sec_h3charatxt\">Personajes relacionados<\/h3>\r\n                    <h4 id=\"CHARA_1283_014\" class=\"sec_h4charatxt\">Bartre<\/h4>\r\n                    <p id=\"CHARA_1283_015\" class=\"sec_charatxt\">Guerrero de un pueblo fronterizo que se embarc\u00f3 en un viaje para rencontrarse con su hija, Fir. Es el esposo de Karla.<\/p>\r\n                    <h4 id=\"CHARA_1283_016\" class=\"sec_h4charatxt\">Karel<\/h4>\r\n                    <p id=\"CHARA_1283_017\" class=\"sec_charatxt\">Un espadach\u00edn letal dedicado en cuerpo y alma a perfeccionar su maestr\u00eda con el acero. Es el hermano de Karla y t\u00edo de Fir.<\/p>\r\n                <\/section>\r\n            <\/article>\r\n        <\/main>","protected":false},"excerpt":{"rendered":"Unidades armonizadas Doble filo Fir Aparece en Fire Emblem: The Binding BladeFire Emblem: The Blazing Blade \u00a1Sharena te contar\u00e1 de ella! Doble filo Fir Fir recorre el continente de Elibe mientras perfecciona constantemente sus habilidades con la espada. En esta ocasi\u00f3n, se encuentra en la naci\u00f3n militar de Regna Ferox para participar del torneo, y [&hellip;]","protected":false},"author":1,"featured_media":62165,"comment_status":"closed","ping_status":"closed","sticky":false,"template":"","format":"standard","meta":{"advanced_seo_description":"","jetpack_seo_html_title":"","jetpack_seo_noindex":false,"_jetpack_newsletter_access":"","_jetpack_dont_email_post_to_subs":false,"_jetpack_newsletter_tier_id":0,"_jetpack_memberships_contains_paywalled_content":false,"_locale":"es_MX","_original_post":"https:\/\/guide.fire-emblem-heroes.com\/?p=62012","_jetpack_memberships_contains_paid_content":false,"footnotes":"","jetpack_publicize_message":"","jetpack_publicize_feature_enabled":true,"jetpack_social_post_already_shared":false,"jetpack_social_options":{"image_generator_settings":{"template":"highway","default_image_id":0,"font":"","enabled":false},"version":2},"_wpas_customize_per_network":false,"jetpack_post_was_ever_published":false},"categories":[1384,1464,1426,1390],"tags":[1468],"class_list":["post-62019","post","type-post","status-publish","format-standard","has-post-thumbnail","hentry","category-character","category-harmonized_heroes","category-ex_works_the_binding_blade","category-stay_heroes","tag-unidades-armonizadas","es-MX"],"jetpack_publicize_connections":[],"jetpack_featured_media_url":"https:\/\/guide.fire-emblem-heroes.com\/wp-content\/uploads\/fir_dual_warriors.png","jetpack_sharing_enabled":false,"jetpack_shortlink":"https:\/\/wp.me\/pa0Mj3-g8j","jetpack_likes_enabled":false,"amp_enabled":false,"_links":{"self":[{"href":"https:\/\/guide.fire-emblem-heroes.com\/wp-json\/wp\/v2\/posts\/62019","targetHints":{"allow":["GET"]}}],"collection":[{"href":"https:\/\/guide.fire-emblem-heroes.com\/wp-json\/wp\/v2\/posts"}],"about":[{"href":"https:\/\/guide.fire-emblem-heroes.com\/wp-json\/wp\/v2\/types\/post"}],"author":[{"embeddable":true,"href":"https:\/\/guide.fire-emblem-heroes.com\/wp-json\/wp\/v2\/users\/1"}],"replies":[{"embeddable":true,"href":"https:\/\/guide.fire-emblem-heroes.com\/wp-json\/wp\/v2\/comments?post=62019"}],"version-history":[{"count":1,"href":"https:\/\/guide.fire-emblem-heroes.com\/wp-json\/wp\/v2\/posts\/62019\/revisions"}],"predecessor-version":[{"id":62032,"href":"https:\/\/guide.fire-emblem-heroes.com\/wp-json\/wp\/v2\/posts\/62019\/revisions\/62032"}],"wp:featuredmedia":[{"embeddable":true,"href":"https:\/\/guide.fire-emblem-heroes.com\/wp-json\/wp\/v2\/media\/62165"}],"wp:attachment":[{"href":"https:\/\/guide.fire-emblem-heroes.com\/wp-json\/wp\/v2\/media?parent=62019"}],"wp:term":[{"taxonomy":"category","embeddable":true,"href":"https:\/\/guide.fire-emblem-heroes.com\/wp-json\/wp\/v2\/categories?post=62019"},{"taxonomy":"post_tag","embeddable":true,"href":"https:\/\/guide.fire-emblem-heroes.com\/wp-json\/wp\/v2\/tags?post=62019"}],"curies":[{"name":"wp","href":"https:\/\/api.w.org\/{rel}","templated":true}]}}