






{"id":62660,"date":"2025-10-03T13:34:13","date_gmt":"2025-10-03T04:34:13","guid":{"rendered":"https:\/\/guide.fire-emblem-heroes.com\/?p=62660"},"modified":"2025-11-06T16:18:46","modified_gmt":"2025-11-06T07:18:46","slug":"00004007001296-2","status":"publish","type":"post","link":"https:\/\/guide.fire-emblem-heroes.com\/es-MX\/00004007001296-2\/","title":{"rendered":"<span class=\"character_nick\">Almas paralelas<\/span><span class=\"character_name\">Freyja<\/span>"},"content":{"rendered":"<main id=\"CHARA_1296\" class=\"main_page character\">\r\n            <article>\r\n                <section class=\"sec sec_character\">\r\n                    <ul class=\"sec_ul sec_ul--character slick-box\">\r\n                        <li class=\"sec_li sec_li--character\">\r\n                            <img decoding=\"async\" src=\"https:\/\/guide.fire-emblem-heroes.com\/wp-content\/uploads\/freya_parallel_hearts_slide01.png\" alt=\"\" \/>\r\n                        <\/li>\r\n                        <li class=\"sec_li sec_li--character\">\r\n                            <img decoding=\"async\" src=\"https:\/\/guide.fire-emblem-heroes.com\/wp-content\/uploads\/freya_parallel_hearts_slide02.png\" alt=\"\" \/>\r\n                        <\/li>\r\n                        <li class=\"sec_li sec_li--character\">\r\n                            <img decoding=\"async\" src=\"https:\/\/guide.fire-emblem-heroes.com\/wp-content\/uploads\/freya_parallel_hearts_slide03.png\" alt=\"\" \/>\r\n                        <\/li>\r\n                        <li class=\"sec_li sec_li--character\">\r\n                            <img decoding=\"async\" src=\"https:\/\/guide.fire-emblem-heroes.com\/wp-content\/uploads\/freya_parallel_hearts_slide04.png\" alt=\"\" \/>\r\n                        <\/li>\r\n                    <\/ul>\r\n                    <div class=\"sec_charainfoarea flex\">\r\n                        <div class=\"sec_gif\"><img loading=\"lazy\" decoding=\"async\" src=\"https:\/\/guide.fire-emblem-heroes.com\/wp-content\/uploads\/freya_parallel_hearts.png\" alt=\"\" width=\"210\" height=\"190\"\/><\/div>\r\n                        <div class=\"sec_charainfo\">\r\n                            <p id=\"CHARA_1296_002\" class=\"sec_characate sec_characate--duo_hero\">Unidades dobles<\/p>\r\n                            <p id=\"CHARA_1296_003\" class=\"sec_charanick\">Almas paralelas<\/p>\r\n                            <p id=\"CHARA_1296_004\" class=\"sec_charaname\">Freyja<\/p>\r\n                            <p id=\"CHARA_1296_005\" class=\"sec_charaappearancetxt\">Aparece en<\/p>\r\n                            <p id=\"CHARA_1296_006\" class=\"sec_charaappearancetxt\">Fire Emblem Heroes<\/p>\r\n                        <\/div>\r\n                    <\/div>\r\n                <\/section>\r\n            <\/article>\r\n            <article>\r\n                <section class=\"sec sec_characterarea\">\r\n                    <div class=\"sec_h2chara\">\r\n                        <p id=\"CHARA_1296_007\" class=\"sec_h2charattl\">\u00a1Sharena te contar\u00e1 de ella!<\/p>\r\n                        <h2 id=\"CHARA_1296_008\" class=\"sec_h2charatxt\">Almas paralelas Freyja<\/h2>\r\n                    <\/div>\r\n                    <dl class=\"sec_dl flex\">\r\n                        <dt id=\"CHARA_1296_009\" class=\"sec_dt\">Freyja, la reina de D\u00f6kk\u00e1lfheimr, y Eitr, la exsirviente de la monarca del vac\u00edo, vinieron al festival de la cosecha a divertirse.<\/dt>\r\n                        <dd class=\"sec_dd\">\r\n                            <a href=\"https:\/\/guide.fire-emblem-heroes.com\/wp-content\/uploads\/freya_parallel_hearts_pop01.png\" class=\"popup-image\">\r\n                                <img decoding=\"async\" src=\"https:\/\/guide.fire-emblem-heroes.com\/wp-content\/uploads\/freya_parallel_hearts_info01.png\" alt=\"\" \/>\r\n                            <\/a>\r\n                        <\/dd>\r\n                        <dt id=\"CHARA_1296_010\" class=\"sec_dt\">Hay un marcado contraste en sus elecciones de atuendos para el festival. Freyja est\u00e1 vestida de negro: lleva una falda larga y lo que parecen ser alas de drag\u00f3n en la espalda.<\/dt>\r\n                        <dd class=\"sec_dd\">\r\n                            <a href=\"https:\/\/guide.fire-emblem-heroes.com\/wp-content\/uploads\/freya_parallel_hearts_pop02.png\" class=\"popup-image\">\r\n                                <img decoding=\"async\" src=\"https:\/\/guide.fire-emblem-heroes.com\/wp-content\/uploads\/freya_parallel_hearts_info02.png\" alt=\"\" \/>\r\n                            <\/a>\r\n                        <\/dd>\r\n                        <dt id=\"CHARA_1296_011\" class=\"sec_dt\">Por otro lado, el atuendo blanco de Eitr tambi\u00e9n tiene alas, \u00a1pero son de pegaso! Adem\u00e1s, lleva un bolso que tiene el dise\u00f1o de un adorable lazo.<\/dt>\r\n                        <dd class=\"sec_dd\">\r\n                            <a href=\"https:\/\/guide.fire-emblem-heroes.com\/wp-content\/uploads\/freya_parallel_hearts_pop03.png\" class=\"popup-image\">\r\n                                <img decoding=\"async\" src=\"https:\/\/guide.fire-emblem-heroes.com\/wp-content\/uploads\/freya_parallel_hearts_info03.png\" alt=\"\" \/>\r\n                            <\/a>\r\n                        <\/dd>\r\n                        <dt id=\"CHARA_1296_012\" class=\"sec_dt\">Eitr, que es t\u00edmida e introvertida, se est\u00e1 esforzando mucho por unirse a la diversi\u00f3n en el festival mientras Freyja la anima. \u00a1Creo que la pasar\u00e1n a lo grande en el festival!<\/dt>\r\n                        <dd class=\"sec_dd\">\r\n                            <a href=\"https:\/\/guide.fire-emblem-heroes.com\/wp-content\/uploads\/freya_parallel_hearts_pop04.png\" class=\"popup-image\">\r\n                                <img decoding=\"async\" src=\"https:\/\/guide.fire-emblem-heroes.com\/wp-content\/uploads\/freya_parallel_hearts_info04.png\" alt=\"\" \/>\r\n                            <\/a>\r\n                        <\/dd>\r\n                    <\/dl>\r\n                    <h3 id=\"CHARA_1296_013\" class=\"sec_h3charatxt\">Personajes relacionados<\/h3>\r\n                    <h4 id=\"CHARA_1296_014\" class=\"sec_h4charatxt\">Freyr<\/h4>\r\n                    <p id=\"CHARA_1296_015\" class=\"sec_charatxt\">Rey on\u00edrico de Lj\u00f3s\u00e1lfheimr, el reino de los sue\u00f1os. Es el dios de los sue\u00f1os y desea que todo el mundo pueda disfrutar de una vida tranquila y apacible. Es el querido hermano de Freyja.<\/p>\r\n                    <h4 id=\"CHARA_1296_016\" class=\"sec_h4charatxt\">Ginnungagap<\/h4>\r\n                    <p id=\"CHARA_1296_017\" class=\"sec_charatxt\">Monarca que reina sobre el vac\u00edo. Anhela poner fin a toda esperanza y eliminar los sue\u00f1os, la humanidad, la reina de las pesadillas y todos los elfos. Obliga a Eitr a ayudarla en sus planes.<\/p>\r\n                <\/section>\r\n            <\/article>\r\n        <\/main>","protected":false},"excerpt":{"rendered":"Unidades dobles Almas paralelas Freyja Aparece en Fire Emblem Heroes \u00a1Sharena te contar\u00e1 de ella! Almas paralelas Freyja Freyja, la reina de D\u00f6kk\u00e1lfheimr, y Eitr, la exsirviente de la monarca del vac\u00edo, vinieron al festival de la cosecha a divertirse. Hay un marcado contraste en sus elecciones de atuendos para el festival. Freyja est\u00e1 vestida [&hellip;]","protected":false},"author":1,"featured_media":62778,"comment_status":"closed","ping_status":"closed","sticky":false,"template":"","format":"standard","meta":{"advanced_seo_description":"","jetpack_seo_html_title":"","jetpack_seo_noindex":false,"_jetpack_newsletter_access":"","_jetpack_dont_email_post_to_subs":false,"_jetpack_newsletter_tier_id":0,"_jetpack_memberships_contains_paywalled_content":false,"_locale":"es_MX","_original_post":"https:\/\/guide.fire-emblem-heroes.com\/?p=62652","_jetpack_memberships_contains_paid_content":false,"footnotes":"","jetpack_publicize_message":"","jetpack_publicize_feature_enabled":true,"jetpack_social_post_already_shared":false,"jetpack_social_options":{"image_generator_settings":{"template":"highway","default_image_id":0,"font":"","enabled":false},"version":2},"_wpas_customize_per_network":false,"jetpack_post_was_ever_published":false},"categories":[1384,1423,1390,1440],"tags":[1444],"class_list":["post-62660","post","type-post","status-publish","format-standard","has-post-thumbnail","hentry","category-character","category-ex_works_heroes","category-stay_heroes","category-duo_heroes","tag-unidades-dobles","es-MX"],"jetpack_publicize_connections":[],"jetpack_featured_media_url":"https:\/\/guide.fire-emblem-heroes.com\/wp-content\/uploads\/freya_parallel_hearts.png","jetpack_sharing_enabled":false,"jetpack_shortlink":"https:\/\/wp.me\/pa0Mj3-giE","jetpack_likes_enabled":false,"amp_enabled":false,"_links":{"self":[{"href":"https:\/\/guide.fire-emblem-heroes.com\/wp-json\/wp\/v2\/posts\/62660","targetHints":{"allow":["GET"]}}],"collection":[{"href":"https:\/\/guide.fire-emblem-heroes.com\/wp-json\/wp\/v2\/posts"}],"about":[{"href":"https:\/\/guide.fire-emblem-heroes.com\/wp-json\/wp\/v2\/types\/post"}],"author":[{"embeddable":true,"href":"https:\/\/guide.fire-emblem-heroes.com\/wp-json\/wp\/v2\/users\/1"}],"replies":[{"embeddable":true,"href":"https:\/\/guide.fire-emblem-heroes.com\/wp-json\/wp\/v2\/comments?post=62660"}],"version-history":[{"count":1,"href":"https:\/\/guide.fire-emblem-heroes.com\/wp-json\/wp\/v2\/posts\/62660\/revisions"}],"predecessor-version":[{"id":62671,"href":"https:\/\/guide.fire-emblem-heroes.com\/wp-json\/wp\/v2\/posts\/62660\/revisions\/62671"}],"wp:featuredmedia":[{"embeddable":true,"href":"https:\/\/guide.fire-emblem-heroes.com\/wp-json\/wp\/v2\/media\/62778"}],"wp:attachment":[{"href":"https:\/\/guide.fire-emblem-heroes.com\/wp-json\/wp\/v2\/media?parent=62660"}],"wp:term":[{"taxonomy":"category","embeddable":true,"href":"https:\/\/guide.fire-emblem-heroes.com\/wp-json\/wp\/v2\/categories?post=62660"},{"taxonomy":"post_tag","embeddable":true,"href":"https:\/\/guide.fire-emblem-heroes.com\/wp-json\/wp\/v2\/tags?post=62660"}],"curies":[{"name":"wp","href":"https:\/\/api.w.org\/{rel}","templated":true}]}}