






{"id":8288,"date":"2019-03-04T17:46:45","date_gmt":"2019-03-04T08:46:45","guid":{"rendered":"https:\/\/guide.fire-emblem-heroes.com\/?p=8288"},"modified":"2019-07-10T18:38:43","modified_gmt":"2019-07-10T09:38:43","slug":"idunn_dark_priestess","status":"publish","type":"post","link":"https:\/\/guide.fire-emblem-heroes.com\/es-MX\/idunn_dark_priestess\/","title":{"rendered":"<span class=\"character_nick\">Vicaria oscura<\/span><span class=\"character_name\">Idunn<\/span>"},"content":{"rendered":"<main id=\"chara_028\" class=\"main_page character\">\r\n    <article>\r\n        <section class=\"sec sec_character\">\r\n            <ul class=\"sec_ul sec_ul--character slick-box\">\r\n                <li class=\"sec_li sec_li--character\">\r\n                    <img decoding=\"async\" src=\"https:\/\/guide.fire-emblem-heroes.com\/wp-content\/uploads\/idunn_dark_priestess_slide01.png\" alt=\"\" \/>\r\n                <\/li>\r\n                <li class=\"sec_li sec_li--character\">\r\n                    <img decoding=\"async\" src=\"https:\/\/guide.fire-emblem-heroes.com\/wp-content\/uploads\/idunn_dark_priestess_slide02.png\" alt=\"\" \/>\r\n                <\/li>\r\n                <li class=\"sec_li sec_li--character\">\r\n                    <img decoding=\"async\" src=\"https:\/\/guide.fire-emblem-heroes.com\/wp-content\/uploads\/idunn_dark_priestess_slide03.png\" alt=\"\" \/>\r\n                <\/li>\r\n                <li class=\"sec_li sec_li--character\">\r\n                    <img decoding=\"async\" src=\"https:\/\/guide.fire-emblem-heroes.com\/wp-content\/uploads\/idunn_dark_priestess_slide04.png\" alt=\"\" \/>\r\n                <\/li>\r\n            <\/ul>\r\n            <div class=\"sec_charainfoarea flex\">\r\n                <div class=\"sec_gif\"><img loading=\"lazy\" decoding=\"async\" src=\"https:\/\/guide.fire-emblem-heroes.com\/wp-content\/uploads\/idunn_dark_priestess.png\" alt=\"\" width=\"210\" height=\"190\"\/><\/div>\r\n                <div class=\"sec_charainfo\">\r\n                    <p id=\"CHARA_028_002\" class=\"sec_characate sec_characate--heroes\">H\u00e9roes<\/p>\r\n                    <p id=\"CHARA_028_003\" class=\"sec_charanick\">Vicaria oscura<\/p>\r\n                    <p id=\"CHARA_028_004\" class=\"sec_charaname\">Idunn<\/p>\r\n                    <p id=\"CHARA_028_005\" class=\"sec_charaappearancetxt\">Aparece en<\/p>\r\n                    <p id=\"CHARA_028_006\" class=\"sec_charaappearancetxt\">Fire Emblem: The Binding Blade<\/p>\r\n                <\/div>\r\n            <\/div>\r\n        <\/section>\r\n    <\/article>\r\n    <article>\r\n        <section class=\"sec sec_characterarea\">\r\n            <div class=\"sec_h2chara\">\r\n                <p id=\"CHARA_028_007\" class=\"sec_h2charattl\">\u00a1Sharena te contar\u00e1 de ella!<\/p>\r\n                <h2 id=\"CHARA_028_008\" class=\"sec_h2charatxt\">Vicaria oscura Idunn<\/h2>\r\n            <\/div>\r\n            <dl class=\"sec_dl flex\">\r\n                <dt id=\"CHARA_028_009\" class=\"sec_dt\">La misteriosa Idunn, conocida como la vicaria oscura, debut\u00f3 durante la guerra de Biran que arras\u00f3 con el continente de Elibe.<\/dt>\r\n                <dd class=\"sec_dd\">\r\n                    <a href=\"https:\/\/guide.fire-emblem-heroes.com\/wp-content\/uploads\/idunn_dark_priestess_pop01.png\" class=\"popup-image\">\r\n                        <img decoding=\"async\" src=\"https:\/\/guide.fire-emblem-heroes.com\/wp-content\/uploads\/idunn_dark_priestess_info01.png\" alt=\"\" \/>\r\n                    <\/a>\r\n                <\/dd>\r\n                <dt id=\"CHARA_028_010\" class=\"sec_dt\">Pero no es una vicaria com\u00fan, \u00a1es una dragona divina! O al menos lo fue&#8230; Los dem\u00e1s dragones quebrantaron su esp\u00edritu durante La Batida, y por tanto dolor, se convirti\u00f3 en drag\u00f3n demoniaco.<\/dt>\r\n                <dd class=\"sec_dd\">\r\n                    <a href=\"https:\/\/guide.fire-emblem-heroes.com\/wp-content\/uploads\/idunn_dark_priestess_pop02.png\" class=\"popup-image\">\r\n                        <img decoding=\"async\" src=\"https:\/\/guide.fire-emblem-heroes.com\/wp-content\/uploads\/idunn_dark_priestess_info02.png\" alt=\"\" \/>\r\n                    <\/a>\r\n                <\/dd>\r\n                <dt id=\"CHARA_028_011\" class=\"sec_dt\">Le fijaron un sello eterno, pero no resisti\u00f3 la intrusi\u00f3n de Zephiel, el gobernante de Biran, quien rompi\u00f3 sus ataduras y le permiti\u00f3 sembrar el caos de nuevo sobre la humanidad.<\/dt>\r\n                <dd class=\"sec_dd\">\r\n                    <a href=\"https:\/\/guide.fire-emblem-heroes.com\/wp-content\/uploads\/idunn_dark_priestess_pop03.png\" class=\"popup-image\">\r\n                        <img decoding=\"async\" src=\"https:\/\/guide.fire-emblem-heroes.com\/wp-content\/uploads\/idunn_dark_priestess_info03.png\" alt=\"\" \/>\r\n                    <\/a>\r\n                <\/dd>\r\n                <dt id=\"CHARA_028_012\" class=\"sec_dt\">Tristemente, as\u00ed fue como Idunn se convirti\u00f3 en un temible drag\u00f3n demoniaco. Me pregunto si ser\u00e1n ciertas las historias sobre sus aterradores poderes&#8230;<\/dt>\r\n                <dd class=\"sec_dd\">\r\n                    <a href=\"https:\/\/guide.fire-emblem-heroes.com\/wp-content\/uploads\/idunn_dark_priestess_pop04.png\" class=\"popup-image\">\r\n                        <img decoding=\"async\" src=\"https:\/\/guide.fire-emblem-heroes.com\/wp-content\/uploads\/idunn_dark_priestess_info04.png\" alt=\"\" \/>\r\n                    <\/a>\r\n                <\/dd>\r\n            <\/dl>\r\n            <h3 id=\"CHARA_028_013\" class=\"sec_h3charatxt\">Personajes relacionados<\/h3>\r\n            <h4 id=\"CHARA_028_014\" class=\"sec_h4charatxt\">Zephiel<\/h4>\r\n            <p id=\"CHARA_028_015\" class=\"sec_charatxt\">Es el gobernante de Biran. En su juventud, ten\u00eda una disposici\u00f3n bondadosa, pero despu\u00e9s perdi\u00f3 la fe en la humanidad y entreg\u00f3 el mundo a los dragones. \u00c9l fue quien rompi\u00f3 el sello de Idunn.<\/p>\r\n        <\/section>\r\n    <\/article>\r\n<\/main>","protected":false},"excerpt":{"rendered":"H\u00e9roes Vicaria oscura Idunn Aparece en Fire Emblem: The Binding Blade \u00a1Sharena te contar\u00e1 de ella! Vicaria oscura Idunn La misteriosa Idunn, conocida como la vicaria oscura, debut\u00f3 durante la guerra de Biran que arras\u00f3 con el continente de Elibe. Pero no es una vicaria com\u00fan, \u00a1es una dragona divina! O al menos lo fue&#8230; [&hellip;]","protected":false},"author":1,"featured_media":8423,"comment_status":"closed","ping_status":"closed","sticky":false,"template":"","format":"standard","meta":{"advanced_seo_description":"","jetpack_seo_html_title":"","jetpack_seo_noindex":false,"_jetpack_newsletter_access":"","_jetpack_dont_email_post_to_subs":false,"_jetpack_newsletter_tier_id":0,"_jetpack_memberships_contains_paywalled_content":false,"_locale":"es_MX","_original_post":"8274","_jetpack_memberships_contains_paid_content":false,"footnotes":"","jetpack_publicize_message":"","jetpack_publicize_feature_enabled":true,"jetpack_social_post_already_shared":true,"jetpack_social_options":{"image_generator_settings":{"template":"highway","default_image_id":0,"font":"","enabled":false},"version":2},"_wpas_customize_per_network":false,"jetpack_post_was_ever_published":false},"categories":[1384,1415,1426,1390],"tags":[1422],"class_list":["post-8288","post","type-post","status-publish","format-standard","has-post-thumbnail","hentry","category-character","category-heroes","category-ex_works_the_binding_blade","category-stay_heroes","tag-heroes-2","es-MX"],"jetpack_publicize_connections":[],"jetpack_featured_media_url":"https:\/\/guide.fire-emblem-heroes.com\/wp-content\/uploads\/idunn_dark_priestess.png","jetpack_sharing_enabled":false,"jetpack_shortlink":"https:\/\/wp.me\/pa0Mj3-29G","jetpack_likes_enabled":false,"amp_enabled":true,"_links":{"self":[{"href":"https:\/\/guide.fire-emblem-heroes.com\/wp-json\/wp\/v2\/posts\/8288","targetHints":{"allow":["GET"]}}],"collection":[{"href":"https:\/\/guide.fire-emblem-heroes.com\/wp-json\/wp\/v2\/posts"}],"about":[{"href":"https:\/\/guide.fire-emblem-heroes.com\/wp-json\/wp\/v2\/types\/post"}],"author":[{"embeddable":true,"href":"https:\/\/guide.fire-emblem-heroes.com\/wp-json\/wp\/v2\/users\/1"}],"replies":[{"embeddable":true,"href":"https:\/\/guide.fire-emblem-heroes.com\/wp-json\/wp\/v2\/comments?post=8288"}],"version-history":[{"count":1,"href":"https:\/\/guide.fire-emblem-heroes.com\/wp-json\/wp\/v2\/posts\/8288\/revisions"}],"predecessor-version":[{"id":8301,"href":"https:\/\/guide.fire-emblem-heroes.com\/wp-json\/wp\/v2\/posts\/8288\/revisions\/8301"}],"wp:featuredmedia":[{"embeddable":true,"href":"https:\/\/guide.fire-emblem-heroes.com\/wp-json\/wp\/v2\/media\/8423"}],"wp:attachment":[{"href":"https:\/\/guide.fire-emblem-heroes.com\/wp-json\/wp\/v2\/media?parent=8288"}],"wp:term":[{"taxonomy":"category","embeddable":true,"href":"https:\/\/guide.fire-emblem-heroes.com\/wp-json\/wp\/v2\/categories?post=8288"},{"taxonomy":"post_tag","embeddable":true,"href":"https:\/\/guide.fire-emblem-heroes.com\/wp-json\/wp\/v2\/tags?post=8288"}],"curies":[{"name":"wp","href":"https:\/\/api.w.org\/{rel}","templated":true}]}}