






{"id":11136,"date":"2019-07-29T15:03:54","date_gmt":"2019-07-29T06:03:54","guid":{"rendered":"https:\/\/guide.fire-emblem-heroes.com\/?p=11136"},"modified":"2019-07-30T14:42:05","modified_gmt":"2019-07-30T05:42:05","slug":"01001007000037","status":"publish","type":"post","link":"https:\/\/guide.fire-emblem-heroes.com\/fr\/01001007000037\/","title":{"rendered":"<span class=\"character_nick\">\u00c9cu d&rsquo;Altea<\/span><span class=\"character_name\">Abel<\/span>"},"content":{"rendered":"<main id=\"CHARA_085\" class=\"main_page character\">\r\n    <article>\r\n        <section class=\"sec sec_character\">\r\n            <ul class=\"sec_ul sec_ul--character slick-box\">\r\n                <li class=\"sec_li sec_li--character\">\r\n                    <img decoding=\"async\" src=\"https:\/\/guide.fire-emblem-heroes.com\/wp-content\/uploads\/abel_the_panther_slide01.png\" alt=\"\" \/>\r\n                <\/li>\r\n                <li class=\"sec_li sec_li--character\">\r\n                    <img decoding=\"async\" src=\"https:\/\/guide.fire-emblem-heroes.com\/wp-content\/uploads\/abel_the_panther_slide02.png\" alt=\"\" \/>\r\n                <\/li>\r\n                <li class=\"sec_li sec_li--character\">\r\n                    <img decoding=\"async\" src=\"https:\/\/guide.fire-emblem-heroes.com\/wp-content\/uploads\/abel_the_panther_slide03.png\" alt=\"\" \/>\r\n                <\/li>\r\n                <li class=\"sec_li sec_li--character\">\r\n                    <img decoding=\"async\" src=\"https:\/\/guide.fire-emblem-heroes.com\/wp-content\/uploads\/abel_the_panther_slide04.png\" alt=\"\" \/>\r\n                <\/li>\r\n            <\/ul>\r\n            <div class=\"sec_charainfoarea flex\">\r\n                <div class=\"sec_gif\"><img loading=\"lazy\" decoding=\"async\" src=\"https:\/\/guide.fire-emblem-heroes.com\/wp-content\/uploads\/abel_the_panther.png\" alt=\"\" width=\"210\" height=\"190\"\/><\/div>\r\n                <div class=\"sec_charainfo\">\r\n                    <p id=\"CHARA_085_002\" class=\"sec_characate sec_characate--heroes\">H\u00e9ros<\/p>\r\n                    <p id=\"CHARA_085_003\" class=\"sec_charanick\">\u00c9cu d&rsquo;Altea<\/p>\r\n                    <p id=\"CHARA_085_004\" class=\"sec_charaname\">Abel<\/p>\r\n                    <p id=\"CHARA_085_005\" class=\"sec_charaappearancetxt\">Appara\u00eet dans<\/p>\r\n                    <p id=\"CHARA_085_006\" class=\"sec_charaappearancetxt\">Fire Emblem: Mystery of the Emblem<\/p>\r\n                <\/div>\r\n            <\/div>\r\n        <\/section>\r\n    <\/article>\r\n    <article>\r\n        <section class=\"sec sec_characterarea\">\r\n            <div class=\"sec_h2chara\">\r\n                <p id=\"CHARA_085_007\" class=\"sec_h2charattl\">Sharena vous pr\u00e9sente&#8230;<\/p>\r\n                <h2 id=\"CHARA_085_008\" class=\"sec_h2charatxt\">\u00c9cu d&rsquo;Altea Abel<\/h2>\r\n            <\/div>\r\n            <dl class=\"sec_dl flex\">\r\n                <dt id=\"CHARA_085_009\" class=\"sec_dt\">Abel est un chevalier royal d&rsquo;Altea qui a combattu aux c\u00f4t\u00e9s de Marth lors de la guerre des ombres. Son style de combat souple et agile lui a aussi valu le surnom de \u00ab Panth\u00e8re \u00bb.<\/dt>\r\n                <dd class=\"sec_dd\">\r\n                    <a href=\"https:\/\/guide.fire-emblem-heroes.com\/wp-content\/uploads\/abel_the_panther_pop01.png\" class=\"popup-image\">\r\n                        <img decoding=\"async\" src=\"https:\/\/guide.fire-emblem-heroes.com\/wp-content\/uploads\/abel_the_panther_info01.png\" alt=\"\" \/>\r\n                    <\/a>\r\n                <\/dd>\r\n                <dt id=\"CHARA_085_010\" class=\"sec_dt\">Abel est calme et serein, \u00e0 l&rsquo;oppos\u00e9 de son partenaire Ca\u00efn, qui a tendance \u00e0 se laisser envahir par ses \u00e9motions. Mais \u00e7a ne les emp\u00eache pas de former une \u00e9quipe parfaite ! <\/dt>\r\n                <dd class=\"sec_dd\">\r\n                    <a href=\"https:\/\/guide.fire-emblem-heroes.com\/wp-content\/uploads\/abel_the_panther_pop02.png\" class=\"popup-image\">\r\n                        <img decoding=\"async\" src=\"https:\/\/guide.fire-emblem-heroes.com\/wp-content\/uploads\/abel_the_panther_info02.png\" alt=\"\" \/>\r\n                    <\/a>\r\n                <\/dd>\r\n                <dt id=\"CHARA_085_011\" class=\"sec_dt\">Apr\u00e8s la guerre des ombres, Abel a quitt\u00e9 la chevalerie pour ouvrir une armurerie avec Est&#8230; mais quand cette derni\u00e8re a \u00e9t\u00e9 prise en otage, Abel s&rsquo;est retrouv\u00e9 contraint \u00e0 croiser le fer avec Marth !<\/dt>\r\n                <dd class=\"sec_dd\">\r\n                    <a href=\"https:\/\/guide.fire-emblem-heroes.com\/wp-content\/uploads\/abel_the_panther_pop03.png\" class=\"popup-image\">\r\n                        <img decoding=\"async\" src=\"https:\/\/guide.fire-emblem-heroes.com\/wp-content\/uploads\/abel_the_panther_info03.png\" alt=\"\" \/>\r\n                    <\/a>\r\n                <\/dd>\r\n                <dt id=\"CHARA_085_012\" class=\"sec_dt\">Apr\u00e8s la lib\u00e9ration d&rsquo;Est, Abel a rejoint Marth. Et pendant la guerre des h\u00e9ros, il a pu montrer \u00e0 nouveau de quoi il \u00e9tait capable !<\/dt>\r\n                <dd class=\"sec_dd\">\r\n                    <a href=\"https:\/\/guide.fire-emblem-heroes.com\/wp-content\/uploads\/abel_the_panther_pop04.png\" class=\"popup-image\">\r\n                        <img decoding=\"async\" src=\"https:\/\/guide.fire-emblem-heroes.com\/wp-content\/uploads\/abel_the_panther_info04.png\" alt=\"\" \/>\r\n                    <\/a>\r\n                <\/dd>\r\n            <\/dl>\r\n            <h3 id=\"CHARA_085_013\" class=\"sec_h3charatxt\">Personnage li\u00e9 \u00e0<\/h3>\r\n            <h4 id=\"CHARA_085_014\" class=\"sec_h4charatxt\">Marth<\/h4>\r\n            <p id=\"CHARA_085_015\" class=\"sec_charatxt\">Prince d&rsquo;Altea, il se bat pour sa patrie et tient \u00e9norm\u00e9ment \u00e0 ses amis.<\/p>\r\n            <h4 id=\"CHARA_085_016\" class=\"sec_h4charatxt\">Ca\u00efn<\/h4>\r\n            <p id=\"CHARA_085_017\" class=\"sec_charatxt\">Cavalier d&rsquo;Altea connu pour sa t\u00e9m\u00e9rit\u00e9. Chevauche aux c\u00f4t\u00e9s d&rsquo;Abel au service de Marth. On le surnomme \u00ab Taureau \u00bb.<\/p>\r\n            <h4 id=\"CHARA_085_018\" class=\"sec_h4charatxt\">Est<\/h4>\r\n            <p id=\"CHARA_085_019\" class=\"sec_charatxt\">La benjamine des Ailes-blanches de Medon. Elle est amicale et un peu pu\u00e9rile. Abel et elle sont tr\u00e8s amoureux.<\/p>\r\n        <\/section>\r\n    <\/article>\r\n<\/main>","protected":false},"excerpt":{"rendered":"H\u00e9ros \u00c9cu d&rsquo;Altea Abel Appara\u00eet dans Fire Emblem: Mystery of the Emblem Sharena vous pr\u00e9sente&#8230; \u00c9cu d&rsquo;Altea Abel Abel est un chevalier royal d&rsquo;Altea qui a combattu aux c\u00f4t\u00e9s de Marth lors de la guerre des ombres. Son style de combat souple et agile lui a aussi valu le surnom de \u00ab Panth\u00e8re \u00bb. Abel [&hellip;]","protected":false},"author":1,"featured_media":11202,"comment_status":"closed","ping_status":"closed","sticky":false,"template":"","format":"standard","meta":{"advanced_seo_description":"","jetpack_seo_html_title":"","jetpack_seo_noindex":false,"_jetpack_newsletter_access":"","_jetpack_dont_email_post_to_subs":false,"_jetpack_newsletter_tier_id":0,"_jetpack_memberships_contains_paywalled_content":false,"_locale":"fr_FR","_original_post":"11130","_jetpack_memberships_contains_paid_content":false,"footnotes":"","jetpack_publicize_message":"","jetpack_publicize_feature_enabled":true,"jetpack_social_post_already_shared":true,"jetpack_social_options":{"image_generator_settings":{"template":"highway","default_image_id":0,"font":"","enabled":false},"version":2},"_wpas_customize_per_network":false,"jetpack_post_was_ever_published":false},"categories":[1384,1424,1415,1390],"tags":[1419],"class_list":["post-11136","post","type-post","status-publish","format-standard","has-post-thumbnail","hentry","category-character","category-ex_works_mystery_of_the_emblem","category-heroes","category-stay_heroes","tag-heros","fr-FR"],"jetpack_publicize_connections":[],"jetpack_featured_media_url":"https:\/\/guide.fire-emblem-heroes.com\/wp-content\/uploads\/abel_the_panther.png","jetpack_sharing_enabled":false,"jetpack_shortlink":"https:\/\/wp.me\/pa0Mj3-2TC","jetpack_likes_enabled":false,"amp_enabled":true,"_links":{"self":[{"href":"https:\/\/guide.fire-emblem-heroes.com\/wp-json\/wp\/v2\/posts\/11136","targetHints":{"allow":["GET"]}}],"collection":[{"href":"https:\/\/guide.fire-emblem-heroes.com\/wp-json\/wp\/v2\/posts"}],"about":[{"href":"https:\/\/guide.fire-emblem-heroes.com\/wp-json\/wp\/v2\/types\/post"}],"author":[{"embeddable":true,"href":"https:\/\/guide.fire-emblem-heroes.com\/wp-json\/wp\/v2\/users\/1"}],"replies":[{"embeddable":true,"href":"https:\/\/guide.fire-emblem-heroes.com\/wp-json\/wp\/v2\/comments?post=11136"}],"version-history":[{"count":1,"href":"https:\/\/guide.fire-emblem-heroes.com\/wp-json\/wp\/v2\/posts\/11136\/revisions"}],"predecessor-version":[{"id":11145,"href":"https:\/\/guide.fire-emblem-heroes.com\/wp-json\/wp\/v2\/posts\/11136\/revisions\/11145"}],"wp:featuredmedia":[{"embeddable":true,"href":"https:\/\/guide.fire-emblem-heroes.com\/wp-json\/wp\/v2\/media\/11202"}],"wp:attachment":[{"href":"https:\/\/guide.fire-emblem-heroes.com\/wp-json\/wp\/v2\/media?parent=11136"}],"wp:term":[{"taxonomy":"category","embeddable":true,"href":"https:\/\/guide.fire-emblem-heroes.com\/wp-json\/wp\/v2\/categories?post=11136"},{"taxonomy":"post_tag","embeddable":true,"href":"https:\/\/guide.fire-emblem-heroes.com\/wp-json\/wp\/v2\/tags?post=11136"}],"curies":[{"name":"wp","href":"https:\/\/api.w.org\/{rel}","templated":true}]}}