






{"id":11571,"date":"2019-08-14T12:33:16","date_gmt":"2019-08-14T03:33:16","guid":{"rendered":"https:\/\/guide.fire-emblem-heroes.com\/?p=11571"},"modified":"2019-09-06T12:13:08","modified_gmt":"2019-09-06T03:13:08","slug":"02001001000411","status":"publish","type":"post","link":"https:\/\/guide.fire-emblem-heroes.com\/fr\/02001001000411\/","title":{"rendered":"<span class=\"character_nick\">H\u00e9ritier imp\u00e9rial<\/span><span class=\"character_name\">Alm<\/span>"},"content":{"rendered":"<main id=\"CHARA_094\" class=\"main_page character\">\r\n    <article>\r\n        <section class=\"sec sec_character\">\r\n            <ul class=\"sec_ul sec_ul--character slick-box\">\r\n                <li class=\"sec_li sec_li--character\">\r\n                    <img decoding=\"async\" src=\"https:\/\/guide.fire-emblem-heroes.com\/wp-content\/uploads\/alm_imperial_ascent_slide01.png\" alt=\"\" \/>\r\n                <\/li>\r\n                <li class=\"sec_li sec_li--character\">\r\n                    <img decoding=\"async\" src=\"https:\/\/guide.fire-emblem-heroes.com\/wp-content\/uploads\/alm_imperial_ascent_slide02.png\" alt=\"\" \/>\r\n                <\/li>\r\n                <li class=\"sec_li sec_li--character\">\r\n                    <img decoding=\"async\" src=\"https:\/\/guide.fire-emblem-heroes.com\/wp-content\/uploads\/alm_imperial_ascent_slide03.png\" alt=\"\" \/>\r\n                <\/li>\r\n                <li class=\"sec_li sec_li--character\">\r\n                    <img decoding=\"async\" src=\"https:\/\/guide.fire-emblem-heroes.com\/wp-content\/uploads\/alm_imperial_ascent_slide04.png\" alt=\"\" \/>\r\n                <\/li>\r\n            <\/ul>\r\n            <div class=\"sec_charainfoarea flex\">\r\n                <div class=\"sec_gif\"><img loading=\"lazy\" decoding=\"async\" src=\"https:\/\/guide.fire-emblem-heroes.com\/wp-content\/uploads\/alm_imperial_ascent.png\" alt=\"\" width=\"210\" height=\"190\"\/><\/div>\r\n                <div class=\"sec_charainfo\">\r\n                    <p id=\"CHARA_094_002\" class=\"sec_characate sec_characate--heroes\">H\u00e9ros<\/p>\r\n                    <p id=\"CHARA_094_003\" class=\"sec_charanick\">H\u00e9ritier imp\u00e9rial<\/p>\r\n                    <p id=\"CHARA_094_004\" class=\"sec_charaname\">Alm<\/p>\r\n                    <p id=\"CHARA_094_005\" class=\"sec_charaappearancetxt\">Appara\u00eet dans<\/p>\r\n                    <p id=\"CHARA_094_006\" class=\"sec_charaappearancetxt\">Fire Emblem Echoes: Shadows of Valentia<\/p>\r\n                <\/div>\r\n            <\/div>\r\n        <\/section>\r\n    <\/article>\r\n    <article>\r\n        <section class=\"sec sec_characterarea\">\r\n            <div class=\"sec_h2chara\">\r\n                <p id=\"CHARA_094_007\" class=\"sec_h2charattl\">Sharena vous pr\u00e9sente&#8230;<\/p>\r\n                <h2 id=\"CHARA_094_008\" class=\"sec_h2charatxt\">H\u00e9ritier imp\u00e9rial Alm<\/h2>\r\n            <\/div>\r\n            <dl class=\"sec_dl flex\">\r\n                <dt id=\"CHARA_094_009\" class=\"sec_dt\">Alm \u00e9tait le personnage central de la D\u00e9livrance, l&rsquo;arm\u00e9e de lib\u00e9ration de Zofia engag\u00e9e contre l&#8217;empire de Rigel. Mais lorsqu&rsquo;Alm a vaincu l&#8217;empereur Rudolf, il a d\u00e9couvert l&rsquo;incroyable v\u00e9rit\u00e9. <\/dt>\r\n                <dd class=\"sec_dd\">\r\n                    <a href=\"https:\/\/guide.fire-emblem-heroes.com\/wp-content\/uploads\/alm_imperial_ascent_pop01.png\" class=\"popup-image\">\r\n                        <img decoding=\"async\" src=\"https:\/\/guide.fire-emblem-heroes.com\/wp-content\/uploads\/alm_imperial_ascent_info01.png\" alt=\"\" \/>\r\n                    <\/a>\r\n                <\/dd>\r\n                <dt id=\"CHARA_094_010\" class=\"sec_dt\">Alm \u00e9tait en fait le fils unique de Rudolf, faisant de lui l&rsquo;h\u00e9ritier du tr\u00f4ne de Rigel ! La marque de Duma sur sa main gauche en \u00e9tait la preuve.<\/dt>\r\n                <dd class=\"sec_dd\">\r\n                    <a href=\"https:\/\/guide.fire-emblem-heroes.com\/wp-content\/uploads\/alm_imperial_ascent_pop02.png\" class=\"popup-image\">\r\n                        <img decoding=\"async\" src=\"https:\/\/guide.fire-emblem-heroes.com\/wp-content\/uploads\/alm_imperial_ascent_info02.png\" alt=\"\" \/>\r\n                    <\/a>\r\n                <\/dd>\r\n                <dt id=\"CHARA_094_011\" class=\"sec_dt\">Dans un dernier souffle, Rudolf demanda \u00e0 Alm de sceller le dieu d\u00e9chu Duma, jadis protecteur de l&#8217;empire.<\/dt>\r\n                <dd class=\"sec_dd\">\r\n                    <a href=\"https:\/\/guide.fire-emblem-heroes.com\/wp-content\/uploads\/alm_imperial_ascent_pop03.png\" class=\"popup-image\">\r\n                        <img decoding=\"async\" src=\"https:\/\/guide.fire-emblem-heroes.com\/wp-content\/uploads\/alm_imperial_ascent_info03.png\" alt=\"\" \/>\r\n                    <\/a>\r\n                <\/dd>\r\n                <dt id=\"CHARA_094_012\" class=\"sec_dt\">Afin de respecter les derni\u00e8res volont\u00e9s de son p\u00e8re, Alm a rev\u00eatu l&rsquo;armure ancestrale de l&#8217;empire rig\u00e9lien, faisant de lui un authentique roi-guerrier !<\/dt>\r\n                <dd class=\"sec_dd\">\r\n                    <a href=\"https:\/\/guide.fire-emblem-heroes.com\/wp-content\/uploads\/alm_imperial_ascent_pop04.png\" class=\"popup-image\">\r\n                        <img decoding=\"async\" src=\"https:\/\/guide.fire-emblem-heroes.com\/wp-content\/uploads\/alm_imperial_ascent_info04.png\" alt=\"\" \/>\r\n                    <\/a>\r\n                <\/dd>\r\n            <\/dl>\r\n            <h3 id=\"CHARA_094_013\" class=\"sec_h3charatxt\">Personnage li\u00e9 \u00e0<\/h3>\r\n            <h4 id=\"CHARA_094_014\" class=\"sec_h4charatxt\">Celica<\/h4>\r\n            <p id=\"CHARA_094_015\" class=\"sec_charatxt\">Princesse de Zofia, \u00e9duqu\u00e9e comme une pr\u00eatresse. Attentionn\u00e9e envers les autres, elle n&rsquo;aime pas les combats. Elle porte la marque de Mila sur sa main droite, alors qu&rsquo;Alm porte la marque de Duma sur sa main gauche.<\/p>\r\n            <h4 id=\"CHARA_094_016\" class=\"sec_h4charatxt\">Duma<\/h4>\r\n            <p id=\"CHARA_094_017\" class=\"sec_charatxt\">Dieu de la force et fr\u00e8re de la d\u00e9esse Mila. Les deux se sont disput\u00e9s le continent de Valentia, le coupant en deux. Le nord de Valentia, appel\u00e9 Rigel, est son domaine. Pour Alm, c&rsquo;est un ennemi qui doit \u00eatre scell\u00e9 une fois de plus.<\/p>\r\n        <\/section>\r\n    <\/article>\r\n<\/main>","protected":false},"excerpt":{"rendered":"H\u00e9ros H\u00e9ritier imp\u00e9rial Alm Appara\u00eet dans Fire Emblem Echoes: Shadows of Valentia Sharena vous pr\u00e9sente&#8230; H\u00e9ritier imp\u00e9rial Alm Alm \u00e9tait le personnage central de la D\u00e9livrance, l&rsquo;arm\u00e9e de lib\u00e9ration de Zofia engag\u00e9e contre l&#8217;empire de Rigel. Mais lorsqu&rsquo;Alm a vaincu l&#8217;empereur Rudolf, il a d\u00e9couvert l&rsquo;incroyable v\u00e9rit\u00e9. Alm \u00e9tait en fait le fils unique de [&hellip;]","protected":false},"author":1,"featured_media":11672,"comment_status":"closed","ping_status":"closed","sticky":false,"template":"","format":"standard","meta":{"advanced_seo_description":"","jetpack_seo_html_title":"","jetpack_seo_noindex":false,"_jetpack_newsletter_access":"","_jetpack_dont_email_post_to_subs":false,"_jetpack_newsletter_tier_id":0,"_jetpack_memberships_contains_paywalled_content":false,"_locale":"fr_FR","_original_post":"11564","_jetpack_memberships_contains_paid_content":false,"footnotes":"","jetpack_publicize_message":"","jetpack_publicize_feature_enabled":true,"jetpack_social_post_already_shared":true,"jetpack_social_options":{"image_generator_settings":{"template":"highway","default_image_id":0,"font":"","enabled":false},"version":2},"_wpas_customize_per_network":false,"jetpack_post_was_ever_published":false},"categories":[1384,1425,1415,1390],"tags":[1419],"class_list":["post-11571","post","type-post","status-publish","format-standard","has-post-thumbnail","hentry","category-character","category-ex_works_shadows_of_valentia","category-heroes","category-stay_heroes","tag-heros","fr-FR"],"jetpack_publicize_connections":[],"jetpack_featured_media_url":"https:\/\/guide.fire-emblem-heroes.com\/wp-content\/uploads\/alm_imperial_ascent.png","jetpack_sharing_enabled":false,"jetpack_shortlink":"https:\/\/wp.me\/pa0Mj3-30D","jetpack_likes_enabled":false,"amp_enabled":true,"_links":{"self":[{"href":"https:\/\/guide.fire-emblem-heroes.com\/wp-json\/wp\/v2\/posts\/11571","targetHints":{"allow":["GET"]}}],"collection":[{"href":"https:\/\/guide.fire-emblem-heroes.com\/wp-json\/wp\/v2\/posts"}],"about":[{"href":"https:\/\/guide.fire-emblem-heroes.com\/wp-json\/wp\/v2\/types\/post"}],"author":[{"embeddable":true,"href":"https:\/\/guide.fire-emblem-heroes.com\/wp-json\/wp\/v2\/users\/1"}],"replies":[{"embeddable":true,"href":"https:\/\/guide.fire-emblem-heroes.com\/wp-json\/wp\/v2\/comments?post=11571"}],"version-history":[{"count":1,"href":"https:\/\/guide.fire-emblem-heroes.com\/wp-json\/wp\/v2\/posts\/11571\/revisions"}],"predecessor-version":[{"id":11577,"href":"https:\/\/guide.fire-emblem-heroes.com\/wp-json\/wp\/v2\/posts\/11571\/revisions\/11577"}],"wp:featuredmedia":[{"embeddable":true,"href":"https:\/\/guide.fire-emblem-heroes.com\/wp-json\/wp\/v2\/media\/11672"}],"wp:attachment":[{"href":"https:\/\/guide.fire-emblem-heroes.com\/wp-json\/wp\/v2\/media?parent=11571"}],"wp:term":[{"taxonomy":"category","embeddable":true,"href":"https:\/\/guide.fire-emblem-heroes.com\/wp-json\/wp\/v2\/categories?post=11571"},{"taxonomy":"post_tag","embeddable":true,"href":"https:\/\/guide.fire-emblem-heroes.com\/wp-json\/wp\/v2\/tags?post=11571"}],"curies":[{"name":"wp","href":"https:\/\/api.w.org\/{rel}","templated":true}]}}