






{"id":11634,"date":"2019-08-14T14:20:52","date_gmt":"2019-08-14T05:20:52","guid":{"rendered":"https:\/\/guide.fire-emblem-heroes.com\/?p=11634"},"modified":"2019-09-06T12:20:38","modified_gmt":"2019-09-06T03:20:38","slug":"11005005000414","status":"publish","type":"post","link":"https:\/\/guide.fire-emblem-heroes.com\/fr\/11005005000414\/","title":{"rendered":"<span class=\"character_nick\">Lumi\u00e8re de Nohr<\/span><span class=\"character_name\">Camilla<\/span>"},"content":{"rendered":"<main id=\"CHARA_097\" class=\"main_page character\">\r\n    <article>\r\n        <section class=\"sec sec_character\">\r\n            <ul class=\"sec_ul sec_ul--character slick-box\">\r\n                <li class=\"sec_li sec_li--character\">\r\n                    <img decoding=\"async\" src=\"https:\/\/guide.fire-emblem-heroes.com\/wp-content\/uploads\/camilla_light_of_nohr_slide01.png\" alt=\"\" \/>\r\n                <\/li>\r\n                <li class=\"sec_li sec_li--character\">\r\n                    <img decoding=\"async\" src=\"https:\/\/guide.fire-emblem-heroes.com\/wp-content\/uploads\/camilla_light_of_nohr_slide02.png\" alt=\"\" \/>\r\n                <\/li>\r\n                <li class=\"sec_li sec_li--character\">\r\n                    <img decoding=\"async\" src=\"https:\/\/guide.fire-emblem-heroes.com\/wp-content\/uploads\/camilla_light_of_nohr_slide03.png\" alt=\"\" \/>\r\n                <\/li>\r\n                <li class=\"sec_li sec_li--character\">\r\n                    <img decoding=\"async\" src=\"https:\/\/guide.fire-emblem-heroes.com\/wp-content\/uploads\/camilla_light_of_nohr_slide04.png\" alt=\"\" \/>\r\n                <\/li>\r\n            <\/ul>\r\n            <div class=\"sec_charainfoarea flex\">\r\n                <div class=\"sec_gif\"><img loading=\"lazy\" decoding=\"async\" src=\"https:\/\/guide.fire-emblem-heroes.com\/wp-content\/uploads\/camilla_light_of_nohr.png\" alt=\"\" width=\"210\" height=\"190\"\/><\/div>\r\n                <div class=\"sec_charainfo\">\r\n                    <p id=\"CHARA_097_002\" class=\"sec_characate sec_characate--heroes\">H\u00e9ros<\/p>\r\n                    <p id=\"CHARA_097_003\" class=\"sec_charanick\">Lumi\u00e8re de Nohr<\/p>\r\n                    <p id=\"CHARA_097_004\" class=\"sec_charaname\">Camilla<\/p>\r\n                    <p id=\"CHARA_097_005\" class=\"sec_charaappearancetxt\">Appara\u00eet dans<\/p>\r\n                    <p id=\"CHARA_097_006\" class=\"sec_charaappearancetxt\">Fire Emblem Fates<\/p>\r\n                <\/div>\r\n            <\/div>\r\n        <\/section>\r\n    <\/article>\r\n    <article>\r\n        <section class=\"sec sec_characterarea\">\r\n            <div class=\"sec_h2chara\">\r\n                <p id=\"CHARA_097_007\" class=\"sec_h2charattl\">Sharena vous pr\u00e9sente&#8230;<\/p>\r\n                <h2 id=\"CHARA_097_008\" class=\"sec_h2charatxt\">Lumi\u00e8re de Nohr Camilla<\/h2>\r\n            <\/div>\r\n            <dl class=\"sec_dl flex\">\r\n                <dt id=\"CHARA_097_009\" class=\"sec_dt\">Oh, quelque chose a chang\u00e9 chez Camilla&#8230; Attendez, ne me dites pas que&#8230; Elle est devenue reine de Nohr ?<\/dt>\r\n                <dd class=\"sec_dd\">\r\n                    <a href=\"https:\/\/guide.fire-emblem-heroes.com\/wp-content\/uploads\/camilla_light_of_nohr_pop01.png\" class=\"popup-image\">\r\n                        <img decoding=\"async\" src=\"https:\/\/guide.fire-emblem-heroes.com\/wp-content\/uploads\/camilla_light_of_nohr_info01.png\" alt=\"\" \/>\r\n                    <\/a>\r\n                <\/dd>\r\n                <dt id=\"CHARA_097_010\" class=\"sec_dt\">Waouh, elle semble taill\u00e9e pour le r\u00f4le ! Son ancienne armure (Swal\u00e4ups Mena, je crois) en mettait d\u00e9j\u00e0 plein la vue, mais l\u00e0, elle est carr\u00e9ment royale !<\/dt>\r\n                <dd class=\"sec_dd\">\r\n                    <a href=\"https:\/\/guide.fire-emblem-heroes.com\/wp-content\/uploads\/camilla_light_of_nohr_pop02.png\" class=\"popup-image\">\r\n                        <img decoding=\"async\" src=\"https:\/\/guide.fire-emblem-heroes.com\/wp-content\/uploads\/camilla_light_of_nohr_info02.png\" alt=\"\" \/>\r\n                    <\/a>\r\n                <\/dd>\r\n                <dt id=\"CHARA_097_011\" class=\"sec_dt\">Camilla a toujours compt\u00e9 parmi les personnages les plus compatissants et magnanimes de Nohr. Maintenant qu&rsquo;elle est reine, tous ses sujets peuvent ressentir son amour !<\/dt>\r\n                <dd class=\"sec_dd\">\r\n                    <a href=\"https:\/\/guide.fire-emblem-heroes.com\/wp-content\/uploads\/camilla_light_of_nohr_pop03.png\" class=\"popup-image\">\r\n                        <img decoding=\"async\" src=\"https:\/\/guide.fire-emblem-heroes.com\/wp-content\/uploads\/camilla_light_of_nohr_info03.png\" alt=\"\" \/>\r\n                    <\/a>\r\n                <\/dd>\r\n                <dt id=\"CHARA_097_012\" class=\"sec_dt\">Elle a du c\u0153ur et de la force, et elle est maintenant le symbole de la renaissance de Nohr. Avec Camilla aux commandes, c&rsquo;est un avenir radieux qui s&rsquo;annonce pour le royaume.<\/dt>\r\n                <dd class=\"sec_dd\">\r\n                    <a href=\"https:\/\/guide.fire-emblem-heroes.com\/wp-content\/uploads\/camilla_light_of_nohr_pop04.png\" class=\"popup-image\">\r\n                        <img decoding=\"async\" src=\"https:\/\/guide.fire-emblem-heroes.com\/wp-content\/uploads\/camilla_light_of_nohr_info04.png\" alt=\"\" \/>\r\n                    <\/a>\r\n                <\/dd>\r\n            <\/dl>\r\n            <h3 id=\"CHARA_097_013\" class=\"sec_h3charatxt\">Personnage li\u00e9 \u00e0<\/h3>\r\n            <h4 id=\"CHARA_097_014\" class=\"sec_h4charatxt\">Xander<\/h4>\r\n            <p id=\"CHARA_097_015\" class=\"sec_charatxt\">Fr\u00e8re a\u00een\u00e9 de Camilla, c&rsquo;est un prince nohrien respect\u00e9 pour ses exploits militaires. Il porte l&rsquo;\u00e9p\u00e9e divine Siegfried.<\/p>\r\n            <h4 id=\"CHARA_097_016\" class=\"sec_h4charatxt\">Leo<\/h4>\r\n            <p id=\"CHARA_097_017\" class=\"sec_charatxt\">Jeune fr\u00e8re de Camilla, c&rsquo;est un talentueux prince nohrien qui manie le tome divin Brynhildr.<\/p>\r\n            <h4 id=\"CHARA_097_018\" class=\"sec_h4charatxt\">Elise<\/h4>\r\n            <p id=\"CHARA_097_019\" class=\"sec_charatxt\">Jeune s\u0153ur de Camilla, c&rsquo;est une princesse de Nohr qui adore ses fr\u00e8res et s\u0153urs. Un peu pu\u00e9rile, elle a l&rsquo;\u0153il vif et le c\u0153ur pur.<\/p>\r\n        <\/section>\r\n    <\/article>\r\n<\/main>","protected":false},"excerpt":{"rendered":"H\u00e9ros Lumi\u00e8re de Nohr Camilla Appara\u00eet dans Fire Emblem Fates Sharena vous pr\u00e9sente&#8230; Lumi\u00e8re de Nohr Camilla Oh, quelque chose a chang\u00e9 chez Camilla&#8230; Attendez, ne me dites pas que&#8230; Elle est devenue reine de Nohr ? Waouh, elle semble taill\u00e9e pour le r\u00f4le ! Son ancienne armure (Swal\u00e4ups Mena, je crois) en mettait d\u00e9j\u00e0 [&hellip;]","protected":false},"author":1,"featured_media":11673,"comment_status":"closed","ping_status":"closed","sticky":false,"template":"","format":"standard","meta":{"advanced_seo_description":"","jetpack_seo_html_title":"","jetpack_seo_noindex":false,"_jetpack_newsletter_access":"","_jetpack_dont_email_post_to_subs":false,"_jetpack_newsletter_tier_id":0,"_jetpack_memberships_contains_paywalled_content":false,"_locale":"fr_FR","_original_post":"11627","_jetpack_memberships_contains_paid_content":false,"footnotes":"","jetpack_publicize_message":"","jetpack_publicize_feature_enabled":true,"jetpack_social_post_already_shared":true,"jetpack_social_options":{"image_generator_settings":{"template":"highway","default_image_id":0,"font":"","enabled":false},"version":2},"_wpas_customize_per_network":false,"jetpack_post_was_ever_published":false},"categories":[1384,1415,1432,1390],"tags":[1419],"class_list":["post-11634","post","type-post","status-publish","format-standard","has-post-thumbnail","hentry","category-character","category-heroes","category-ex_works_fates","category-stay_heroes","tag-heros","fr-FR"],"jetpack_publicize_connections":[],"jetpack_featured_media_url":"https:\/\/guide.fire-emblem-heroes.com\/wp-content\/uploads\/camilla_light_of_nohr.png","jetpack_sharing_enabled":false,"jetpack_shortlink":"https:\/\/wp.me\/pa0Mj3-31E","jetpack_likes_enabled":false,"amp_enabled":true,"_links":{"self":[{"href":"https:\/\/guide.fire-emblem-heroes.com\/wp-json\/wp\/v2\/posts\/11634","targetHints":{"allow":["GET"]}}],"collection":[{"href":"https:\/\/guide.fire-emblem-heroes.com\/wp-json\/wp\/v2\/posts"}],"about":[{"href":"https:\/\/guide.fire-emblem-heroes.com\/wp-json\/wp\/v2\/types\/post"}],"author":[{"embeddable":true,"href":"https:\/\/guide.fire-emblem-heroes.com\/wp-json\/wp\/v2\/users\/1"}],"replies":[{"embeddable":true,"href":"https:\/\/guide.fire-emblem-heroes.com\/wp-json\/wp\/v2\/comments?post=11634"}],"version-history":[{"count":1,"href":"https:\/\/guide.fire-emblem-heroes.com\/wp-json\/wp\/v2\/posts\/11634\/revisions"}],"predecessor-version":[{"id":11643,"href":"https:\/\/guide.fire-emblem-heroes.com\/wp-json\/wp\/v2\/posts\/11634\/revisions\/11643"}],"wp:featuredmedia":[{"embeddable":true,"href":"https:\/\/guide.fire-emblem-heroes.com\/wp-json\/wp\/v2\/media\/11673"}],"wp:attachment":[{"href":"https:\/\/guide.fire-emblem-heroes.com\/wp-json\/wp\/v2\/media?parent=11634"}],"wp:term":[{"taxonomy":"category","embeddable":true,"href":"https:\/\/guide.fire-emblem-heroes.com\/wp-json\/wp\/v2\/categories?post=11634"},{"taxonomy":"post_tag","embeddable":true,"href":"https:\/\/guide.fire-emblem-heroes.com\/wp-json\/wp\/v2\/tags?post=11634"}],"curies":[{"name":"wp","href":"https:\/\/api.w.org\/{rel}","templated":true}]}}