






{"id":12712,"date":"2019-10-07T13:33:12","date_gmt":"2019-10-07T04:33:12","guid":{"rendered":"https:\/\/guide.fire-emblem-heroes.com\/?p=12712"},"modified":"2019-11-08T16:14:34","modified_gmt":"2019-11-08T07:14:34","slug":"06001003000429","status":"publish","type":"post","link":"https:\/\/guide.fire-emblem-heroes.com\/fr\/06001003000429\/","title":{"rendered":"<span class=\"character_nick\">Duo costum\u00e9<\/span> <span class=\"character_name\">Hector<\/span>"},"content":{"rendered":"<main id=\"CHARA_122\" class=\"main_page character\">\r\n    <article>\r\n        <section class=\"sec sec_character\">\r\n            <ul class=\"sec_ul sec_ul--character slick-box\">\r\n                <li class=\"sec_li sec_li--character\">\r\n                    <img decoding=\"async\" src=\"https:\/\/guide.fire-emblem-heroes.com\/wp-content\/uploads\/hector_dressed-up_duo_slide01.png\" alt=\"\" \/>\r\n                <\/li>\r\n                <li class=\"sec_li sec_li--character\">\r\n                    <img decoding=\"async\" src=\"https:\/\/guide.fire-emblem-heroes.com\/wp-content\/uploads\/hector_dressed-up_duo_slide02.png\" alt=\"\" \/>\r\n                <\/li>\r\n                <li class=\"sec_li sec_li--character\">\r\n                    <img decoding=\"async\" src=\"https:\/\/guide.fire-emblem-heroes.com\/wp-content\/uploads\/hector_dressed-up_duo_slide03.png\" alt=\"\" \/>\r\n                <\/li>\r\n                <li class=\"sec_li sec_li--character\">\r\n                    <img decoding=\"async\" src=\"https:\/\/guide.fire-emblem-heroes.com\/wp-content\/uploads\/hector_dressed-up_duo_slide04.png\" alt=\"\" \/>\r\n                <\/li>\r\n            <\/ul>\r\n            <div class=\"sec_charainfoarea flex\">\r\n                <div class=\"sec_gif\"><img loading=\"lazy\" decoding=\"async\" src=\"https:\/\/guide.fire-emblem-heroes.com\/wp-content\/uploads\/hector_dressed-up_duo.png\" alt=\"\" width=\"210\" height=\"190\"\/><\/div>\r\n                <div class=\"sec_charainfo\">\r\n                    <p id=\"CHARA_122_002\" class=\"sec_characate sec_characate--duo_hero\">Doubles unit\u00e9s<\/p>\r\n                    <p id=\"CHARA_122_003\" class=\"sec_charanick\">Duo costum\u00e9<\/p>\r\n                    <p id=\"CHARA_122_004\" class=\"sec_charaname\">Hector<\/p>\r\n                    <p id=\"CHARA_122_005\" class=\"sec_charaappearancetxt\">Appara\u00eet dans<\/p>\r\n                    <p id=\"CHARA_122_006\" class=\"sec_charaappearancetxt\">Fire Emblem: The Blazing Blade<\/p>\r\n                <\/div>\r\n            <\/div>\r\n        <\/section>\r\n    <\/article>\r\n    <article>\r\n        <section class=\"sec sec_characterarea\">\r\n            <div class=\"sec_h2chara\">\r\n                <p id=\"CHARA_122_007\" class=\"sec_h2charattl\">Sharena vous pr\u00e9sente&#8230;<\/p>\r\n                <h2 id=\"CHARA_122_008\" class=\"sec_h2charatxt\">Duo costum\u00e9 Hector<\/h2>\r\n            <\/div>\r\n            <dl class=\"sec_dl flex\">\r\n                <dt id=\"CHARA_122_009\" class=\"sec_dt\">Aujourd&rsquo;hui, c&rsquo;est le festival d&rsquo;automne, et certains h\u00e9ros sont venus d\u00e9guis\u00e9s en famille, comme Hector, marquis d&rsquo;Ositia avec sa fille Lilina. Ils ne sont pas adorables ?<\/dt>\r\n                <dd class=\"sec_dd\">\r\n                    <a href=\"https:\/\/guide.fire-emblem-heroes.com\/wp-content\/uploads\/hector_dressed-up_duo_pop01.png\" class=\"popup-image\">\r\n                        <img decoding=\"async\" src=\"https:\/\/guide.fire-emblem-heroes.com\/wp-content\/uploads\/hector_dressed-up_duo_info01.png\" alt=\"\" \/>\r\n                    <\/a>\r\n                <\/dd>\r\n                <dt id=\"CHARA_122_010\" class=\"sec_dt\">On conna\u00eet Hector le g\u00e9n\u00e9ral courageux et loyal, mais aujourd&rsquo;hui c&rsquo;est le p\u00e8re qui prend le pas sur le marquis ! Et il a pris ce costume de sorcier tr\u00e8s au s\u00e9rieux.<\/dt>\r\n                <dd class=\"sec_dd\">\r\n                    <a href=\"https:\/\/guide.fire-emblem-heroes.com\/wp-content\/uploads\/hector_dressed-up_duo_pop02.png\" class=\"popup-image\">\r\n                        <img decoding=\"async\" src=\"https:\/\/guide.fire-emblem-heroes.com\/wp-content\/uploads\/hector_dressed-up_duo_info02.png\" alt=\"\" \/>\r\n                    <\/a>\r\n                <\/dd>\r\n                <dt id=\"CHARA_122_011\" class=\"sec_dt\">Lilina, quant \u00e0 elle, joue le r\u00f4le du chat d&rsquo;Hector. Ses oreilles redress\u00e9es et ses petites pattes sont tellement mignonnes ! Et Hector aussi est adorable !<\/dt>\r\n                <dd class=\"sec_dd\">\r\n                    <a href=\"https:\/\/guide.fire-emblem-heroes.com\/wp-content\/uploads\/hector_dressed-up_duo_pop03.png\" class=\"popup-image\">\r\n                        <img decoding=\"async\" src=\"https:\/\/guide.fire-emblem-heroes.com\/wp-content\/uploads\/hector_dressed-up_duo_info03.png\" alt=\"\" \/>\r\n                    <\/a>\r\n                <\/dd>\r\n                <dt id=\"CHARA_122_012\" class=\"sec_dt\">Cela donne le sourire de les voir ainsi tous les deux, pas vrai ? J&rsquo;esp\u00e8re que Lilina et Hector passeront un merveilleux moment ensemble lors de ce festival !<\/dt>\r\n                <dd class=\"sec_dd\">\r\n                    <a href=\"https:\/\/guide.fire-emblem-heroes.com\/wp-content\/uploads\/hector_dressed-up_duo_pop04.png\" class=\"popup-image\">\r\n                        <img decoding=\"async\" src=\"https:\/\/guide.fire-emblem-heroes.com\/wp-content\/uploads\/hector_dressed-up_duo_info04.png\" alt=\"\" \/>\r\n                    <\/a>\r\n                <\/dd>\r\n            <\/dl>\r\n            <h3 id=\"CHARA_122_013\" class=\"sec_h3charatxt\">Personnage li\u00e9 \u00e0<\/h3>\r\n            <h4 id=\"CHARA_122_014\" class=\"sec_h4charatxt\">Lilina<\/h4>\r\n            <p id=\"CHARA_122_015\" class=\"sec_charatxt\">Noble d&rsquo;Ositia et fille d&rsquo;Hector, elle a un don pour la magie.<\/p>\r\n        <\/section>\r\n    <\/article>\r\n<\/main>","protected":false},"excerpt":{"rendered":"Doubles unit\u00e9s Duo costum\u00e9 Hector Appara\u00eet dans Fire Emblem: The Blazing Blade Sharena vous pr\u00e9sente&#8230; Duo costum\u00e9 Hector Aujourd&rsquo;hui, c&rsquo;est le festival d&rsquo;automne, et certains h\u00e9ros sont venus d\u00e9guis\u00e9s en famille, comme Hector, marquis d&rsquo;Ositia avec sa fille Lilina. Ils ne sont pas adorables ? On conna\u00eet Hector le g\u00e9n\u00e9ral courageux et loyal, mais aujourd&rsquo;hui [&hellip;]","protected":false},"author":1,"featured_media":12885,"comment_status":"closed","ping_status":"closed","sticky":false,"template":"","format":"standard","meta":{"advanced_seo_description":"","jetpack_seo_html_title":"","jetpack_seo_noindex":false,"_jetpack_newsletter_access":"","_jetpack_dont_email_post_to_subs":false,"_jetpack_newsletter_tier_id":0,"_jetpack_memberships_contains_paywalled_content":false,"_locale":"fr_FR","_original_post":"12705","_jetpack_memberships_contains_paid_content":false,"footnotes":"","jetpack_publicize_message":"","jetpack_publicize_feature_enabled":true,"jetpack_social_post_already_shared":true,"jetpack_social_options":{"image_generator_settings":{"template":"highway","default_image_id":0,"font":"","enabled":false},"version":2},"_wpas_customize_per_network":false,"jetpack_post_was_ever_published":false},"categories":[1384,1427,1390,1440],"tags":[1445],"class_list":["post-12712","post","type-post","status-publish","format-standard","has-post-thumbnail","hentry","category-character","category-ex_works_the_blazing_blade","category-stay_heroes","category-duo_heroes","tag-doubles-unites","fr-FR"],"jetpack_publicize_connections":[],"jetpack_featured_media_url":"https:\/\/guide.fire-emblem-heroes.com\/wp-content\/uploads\/hector_dressed-up_duo.png","jetpack_sharing_enabled":false,"jetpack_shortlink":"https:\/\/wp.me\/pa0Mj3-3j2","jetpack_likes_enabled":false,"amp_enabled":true,"_links":{"self":[{"href":"https:\/\/guide.fire-emblem-heroes.com\/wp-json\/wp\/v2\/posts\/12712","targetHints":{"allow":["GET"]}}],"collection":[{"href":"https:\/\/guide.fire-emblem-heroes.com\/wp-json\/wp\/v2\/posts"}],"about":[{"href":"https:\/\/guide.fire-emblem-heroes.com\/wp-json\/wp\/v2\/types\/post"}],"author":[{"embeddable":true,"href":"https:\/\/guide.fire-emblem-heroes.com\/wp-json\/wp\/v2\/users\/1"}],"replies":[{"embeddable":true,"href":"https:\/\/guide.fire-emblem-heroes.com\/wp-json\/wp\/v2\/comments?post=12712"}],"version-history":[{"count":2,"href":"https:\/\/guide.fire-emblem-heroes.com\/wp-json\/wp\/v2\/posts\/12712\/revisions"}],"predecessor-version":[{"id":12731,"href":"https:\/\/guide.fire-emblem-heroes.com\/wp-json\/wp\/v2\/posts\/12712\/revisions\/12731"}],"wp:featuredmedia":[{"embeddable":true,"href":"https:\/\/guide.fire-emblem-heroes.com\/wp-json\/wp\/v2\/media\/12885"}],"wp:attachment":[{"href":"https:\/\/guide.fire-emblem-heroes.com\/wp-json\/wp\/v2\/media?parent=12712"}],"wp:term":[{"taxonomy":"category","embeddable":true,"href":"https:\/\/guide.fire-emblem-heroes.com\/wp-json\/wp\/v2\/categories?post=12712"},{"taxonomy":"post_tag","embeddable":true,"href":"https:\/\/guide.fire-emblem-heroes.com\/wp-json\/wp\/v2\/tags?post=12712"}],"curies":[{"name":"wp","href":"https:\/\/api.w.org\/{rel}","templated":true}]}}