






{"id":13061,"date":"2019-10-16T14:45:52","date_gmt":"2019-10-16T05:45:52","guid":{"rendered":"https:\/\/guide.fire-emblem-heroes.com\/?p=13061"},"modified":"2019-11-01T15:38:40","modified_gmt":"2019-11-01T06:38:40","slug":"02004005000439","status":"publish","type":"post","link":"https:\/\/guide.fire-emblem-heroes.com\/fr\/02004005000439\/","title":{"rendered":"<span class=\"character_nick\">Chevalier masqu\u00e9<\/span> <span class=\"character_name\">Conrad<\/span>"},"content":{"rendered":"<main id=\"CHARA_132\" class=\"main_page character\">\r\n    <article>\r\n        <section class=\"sec sec_character\">\r\n            <ul class=\"sec_ul sec_ul--character slick-box\">\r\n                <li class=\"sec_li sec_li--character\">\r\n                    <img decoding=\"async\" src=\"https:\/\/guide.fire-emblem-heroes.com\/wp-content\/uploads\/conrad_masked_knight_slide01.png\" alt=\"\" \/>\r\n                <\/li>\r\n                <li class=\"sec_li sec_li--character\">\r\n                    <img decoding=\"async\" src=\"https:\/\/guide.fire-emblem-heroes.com\/wp-content\/uploads\/conrad_masked_knight_slide02.png\" alt=\"\" \/>\r\n                <\/li>\r\n                <li class=\"sec_li sec_li--character\">\r\n                    <img decoding=\"async\" src=\"https:\/\/guide.fire-emblem-heroes.com\/wp-content\/uploads\/conrad_masked_knight_slide03.png\" alt=\"\" \/>\r\n                <\/li>\r\n                <li class=\"sec_li sec_li--character\">\r\n                    <img decoding=\"async\" src=\"https:\/\/guide.fire-emblem-heroes.com\/wp-content\/uploads\/conrad_masked_knight_slide04.png\" alt=\"\" \/>\r\n                <\/li>\r\n            <\/ul>\r\n            <div class=\"sec_charainfoarea flex\">\r\n                <div class=\"sec_gif\"><img loading=\"lazy\" decoding=\"async\" src=\"https:\/\/guide.fire-emblem-heroes.com\/wp-content\/uploads\/conrad_masked_knight.png\" alt=\"\" width=\"210\" height=\"190\"\/><\/div>\r\n                <div class=\"sec_charainfo\">\r\n                    <p id=\"CHARA_132_002\" class=\"sec_characate sec_characate--heroes\">H\u00e9ros<\/p>\r\n                    <p id=\"CHARA_132_003\" class=\"sec_charanick\">Chevalier masqu\u00e9<\/p>\r\n                    <p id=\"CHARA_132_004\" class=\"sec_charaname\">Conrad<\/p>\r\n                    <p id=\"CHARA_132_005\" class=\"sec_charaappearancetxt\">Appara\u00eet dans<\/p>\r\n                    <p id=\"CHARA_132_006\" class=\"sec_charaappearancetxt\">Fire Emblem Echoes: Shadows of Valentia<\/p>\r\n                <\/div>\r\n            <\/div>\r\n        <\/section>\r\n    <\/article>\r\n    <article>\r\n        <section class=\"sec sec_characterarea\">\r\n            <div class=\"sec_h2chara\">\r\n                <p id=\"CHARA_132_007\" class=\"sec_h2charattl\">Sharena vous pr\u00e9sente&#8230;<\/p>\r\n                <h2 id=\"CHARA_132_008\" class=\"sec_h2charatxt\">Chevalier masqu\u00e9 Conrad<\/h2>\r\n            <\/div>\r\n            <dl class=\"sec_dl flex\">\r\n                <dt id=\"CHARA_132_009\" class=\"sec_dt\">Conrad, c&rsquo;est ce myst\u00e9rieux chevalier qui fait des apparitions th\u00e9\u00e2trales lorsqu&rsquo;il s&rsquo;agit de sortir Celica du p\u00e9trin !<\/dt>\r\n                <dd class=\"sec_dd\">\r\n                    <a href=\"https:\/\/guide.fire-emblem-heroes.com\/wp-content\/uploads\/conrad_masked_knight_pop01.png\" class=\"popup-image\">\r\n                        <img decoding=\"async\" src=\"https:\/\/guide.fire-emblem-heroes.com\/wp-content\/uploads\/conrad_masked_knight_info01.png\" alt=\"\" \/>\r\n                    <\/a>\r\n                <\/dd>\r\n                <dt id=\"CHARA_132_010\" class=\"sec_dt\">En r\u00e9alit\u00e9, Conrad est le grand fr\u00e8re de Celica, ils ont \u00e9t\u00e9 s\u00e9par\u00e9s tr\u00e8s jeunes. Conrad a grandi dans le hameau du sage. Donc, il est li\u00e9 \u00e0 la famille royale de Zofia !<\/dt>\r\n                <dd class=\"sec_dd\">\r\n                    <a href=\"https:\/\/guide.fire-emblem-heroes.com\/wp-content\/uploads\/conrad_masked_knight_pop02.png\" class=\"popup-image\">\r\n                        <img decoding=\"async\" src=\"https:\/\/guide.fire-emblem-heroes.com\/wp-content\/uploads\/conrad_masked_knight_info02.png\" alt=\"\" \/>\r\n                    <\/a>\r\n                <\/dd>\r\n                <dt id=\"CHARA_132_011\" class=\"sec_dt\">L&rsquo;aide qu&rsquo;il a apport\u00e9e \u00e0 Celica ne s&rsquo;est pas r\u00e9sum\u00e9e au combat. Il a \u00e9galement mis sa d\u00e9termination \u00e0 l&rsquo;\u00e9preuve sur son chemin pour devenir reine, et l&rsquo;a soutenue lorsqu&rsquo;elle avait des doutes. Il est tr\u00e8s attentionn\u00e9 !<\/dt>\r\n                <dd class=\"sec_dd\">\r\n                    <a href=\"https:\/\/guide.fire-emblem-heroes.com\/wp-content\/uploads\/conrad_masked_knight_pop03.png\" class=\"popup-image\">\r\n                        <img decoding=\"async\" src=\"https:\/\/guide.fire-emblem-heroes.com\/wp-content\/uploads\/conrad_masked_knight_info03.png\" alt=\"\" \/>\r\n                    <\/a>\r\n                <\/dd>\r\n                <dt id=\"CHARA_132_012\" class=\"sec_dt\">Rien d&rsquo;\u00e9tonnant que sous ce masque se cache un visage aussi doux et aimable. J&rsquo;esp\u00e8re qu&rsquo;on le verra surgir de nulle part la prochaine fois que les Gardiens d&rsquo;Askr seront en difficult\u00e9 !<\/dt>\r\n                <dd class=\"sec_dd\">\r\n                    <a href=\"https:\/\/guide.fire-emblem-heroes.com\/wp-content\/uploads\/conrad_masked_knight_pop04.png\" class=\"popup-image\">\r\n                        <img decoding=\"async\" src=\"https:\/\/guide.fire-emblem-heroes.com\/wp-content\/uploads\/conrad_masked_knight_info04.png\" alt=\"\" \/>\r\n                    <\/a>\r\n                <\/dd>\r\n            <\/dl>\r\n            <h3 id=\"CHARA_132_013\" class=\"sec_h3charatxt\">Personnage li\u00e9 \u00e0<\/h3>\r\n            <h4 id=\"CHARA_132_014\" class=\"sec_h4charatxt\">Celica<\/h4>\r\n            <p id=\"CHARA_132_015\" class=\"sec_charatxt\">La princesse de Zofia, qui est devenue pr\u00eatresse. Attentionn\u00e9e, elle d\u00e9teste se battre. Elle fut s\u00e9par\u00e9e de son grand fr\u00e8re Conrad alors qu&rsquo;ils \u00e9taient tout jeunes.<\/p>\r\n        <\/section>\r\n    <\/article>\r\n<\/main>","protected":false},"excerpt":{"rendered":"H\u00e9ros Chevalier masqu\u00e9 Conrad Appara\u00eet dans Fire Emblem Echoes: Shadows of Valentia Sharena vous pr\u00e9sente&#8230; Chevalier masqu\u00e9 Conrad Conrad, c&rsquo;est ce myst\u00e9rieux chevalier qui fait des apparitions th\u00e9\u00e2trales lorsqu&rsquo;il s&rsquo;agit de sortir Celica du p\u00e9trin ! En r\u00e9alit\u00e9, Conrad est le grand fr\u00e8re de Celica, ils ont \u00e9t\u00e9 s\u00e9par\u00e9s tr\u00e8s jeunes. Conrad a grandi dans [&hellip;]","protected":false},"author":1,"featured_media":13095,"comment_status":"closed","ping_status":"closed","sticky":false,"template":"","format":"standard","meta":{"advanced_seo_description":"","jetpack_seo_html_title":"","jetpack_seo_noindex":false,"_jetpack_newsletter_access":"","_jetpack_dont_email_post_to_subs":false,"_jetpack_newsletter_tier_id":0,"_jetpack_memberships_contains_paywalled_content":false,"_locale":"fr_FR","_original_post":"13054","_jetpack_memberships_contains_paid_content":false,"footnotes":"","jetpack_publicize_message":"","jetpack_publicize_feature_enabled":true,"jetpack_social_post_already_shared":true,"jetpack_social_options":{"image_generator_settings":{"template":"highway","default_image_id":0,"font":"","enabled":false},"version":2},"_wpas_customize_per_network":false,"jetpack_post_was_ever_published":false},"categories":[1384,1425,1415,1390],"tags":[1419],"class_list":["post-13061","post","type-post","status-publish","format-standard","has-post-thumbnail","hentry","category-character","category-ex_works_shadows_of_valentia","category-heroes","category-stay_heroes","tag-heros","fr-FR"],"jetpack_publicize_connections":[],"jetpack_featured_media_url":"https:\/\/guide.fire-emblem-heroes.com\/wp-content\/uploads\/conrad_masked_knight.png","jetpack_sharing_enabled":false,"jetpack_shortlink":"https:\/\/wp.me\/pa0Mj3-3oF","jetpack_likes_enabled":false,"amp_enabled":true,"_links":{"self":[{"href":"https:\/\/guide.fire-emblem-heroes.com\/wp-json\/wp\/v2\/posts\/13061","targetHints":{"allow":["GET"]}}],"collection":[{"href":"https:\/\/guide.fire-emblem-heroes.com\/wp-json\/wp\/v2\/posts"}],"about":[{"href":"https:\/\/guide.fire-emblem-heroes.com\/wp-json\/wp\/v2\/types\/post"}],"author":[{"embeddable":true,"href":"https:\/\/guide.fire-emblem-heroes.com\/wp-json\/wp\/v2\/users\/1"}],"replies":[{"embeddable":true,"href":"https:\/\/guide.fire-emblem-heroes.com\/wp-json\/wp\/v2\/comments?post=13061"}],"version-history":[{"count":1,"href":"https:\/\/guide.fire-emblem-heroes.com\/wp-json\/wp\/v2\/posts\/13061\/revisions"}],"predecessor-version":[{"id":13070,"href":"https:\/\/guide.fire-emblem-heroes.com\/wp-json\/wp\/v2\/posts\/13061\/revisions\/13070"}],"wp:featuredmedia":[{"embeddable":true,"href":"https:\/\/guide.fire-emblem-heroes.com\/wp-json\/wp\/v2\/media\/13095"}],"wp:attachment":[{"href":"https:\/\/guide.fire-emblem-heroes.com\/wp-json\/wp\/v2\/media?parent=13061"}],"wp:term":[{"taxonomy":"category","embeddable":true,"href":"https:\/\/guide.fire-emblem-heroes.com\/wp-json\/wp\/v2\/categories?post=13061"},{"taxonomy":"post_tag","embeddable":true,"href":"https:\/\/guide.fire-emblem-heroes.com\/wp-json\/wp\/v2\/tags?post=13061"}],"curies":[{"name":"wp","href":"https:\/\/api.w.org\/{rel}","templated":true}]}}