{"id":14164,"date":"2019-11-26T14:41:27","date_gmt":"2019-11-26T05:41:27","guid":{"rendered":"https:\/\/guide.fire-emblem-heroes.com\/?p=14164"},"modified":"2019-11-27T13:17:09","modified_gmt":"2019-11-27T04:17:09","slug":"05005004000059","status":"publish","type":"post","link":"https:\/\/guide.fire-emblem-heroes.com\/fr\/05005004000059\/","title":{"rendered":"<span class=\"character_nick\">G\u00e9n\u00e9ral wyverne<\/span> <span class=\"character_name\">Narcian<\/span>"},"content":{"rendered":"<main id=\"CHARA_155\" class=\"main_page character\">\r\n    <article>\r\n        <section class=\"sec sec_character\">\r\n            <ul class=\"sec_ul sec_ul--character slick-box\">\r\n                <li class=\"sec_li sec_li--character\">\r\n                    <img decoding=\"async\" src=\"https:\/\/guide.fire-emblem-heroes.com\/wp-content\/uploads\/narcian_wyvern_general_slide01.png\" alt=\"\" \/>\r\n                <\/li>\r\n                <li class=\"sec_li sec_li--character\">\r\n                    <img decoding=\"async\" src=\"https:\/\/guide.fire-emblem-heroes.com\/wp-content\/uploads\/narcian_wyvern_general_slide02.png\" alt=\"\" \/>\r\n                <\/li>\r\n                <li class=\"sec_li sec_li--character\">\r\n                    <img decoding=\"async\" src=\"https:\/\/guide.fire-emblem-heroes.com\/wp-content\/uploads\/narcian_wyvern_general_slide03.png\" alt=\"\" \/>\r\n                <\/li>\r\n                <li class=\"sec_li sec_li--character\">\r\n                    <img decoding=\"async\" src=\"https:\/\/guide.fire-emblem-heroes.com\/wp-content\/uploads\/narcian_wyvern_general_slide04.png\" alt=\"\" \/>\r\n                <\/li>\r\n            <\/ul>\r\n            <div class=\"sec_charainfoarea flex\">\r\n                <div class=\"sec_gif\"><img loading=\"lazy\" decoding=\"async\" src=\"https:\/\/guide.fire-emblem-heroes.com\/wp-content\/uploads\/narcian_wyvern_general.png\" alt=\"\" width=\"210\" height=\"190\"\/><\/div>\r\n                <div class=\"sec_charainfo\">\r\n                    <p id=\"CHARA_155_002\" class=\"sec_characate sec_characate--heroes\">H\u00e9ros<\/p>\r\n                    <p id=\"CHARA_155_003\" class=\"sec_charanick\">G\u00e9n\u00e9ral wyverne<\/p>\r\n                    <p id=\"CHARA_155_004\" class=\"sec_charaname\">Narcian<\/p>\r\n                    <p id=\"CHARA_155_005\" class=\"sec_charaappearancetxt\">Appara\u00eet dans<\/p>\r\n                    <p id=\"CHARA_155_006\" class=\"sec_charaappearancetxt\">Fire Emblem: The Binding Blade<\/p>\r\n                <\/div>\r\n            <\/div>\r\n        <\/section>\r\n    <\/article>\r\n    <article>\r\n        <section class=\"sec sec_characterarea\">\r\n            <div class=\"sec_h2chara\">\r\n                <p id=\"CHARA_155_007\" class=\"sec_h2charattl\">Sharena vous pr\u00e9sente&#8230;<\/p>\r\n                <h2 id=\"CHARA_155_008\" class=\"sec_h2charatxt\">G\u00e9n\u00e9ral wyverne Narcian<\/h2>\r\n            <\/div>\r\n            <dl class=\"sec_dl flex\">\r\n                <dt id=\"CHARA_155_009\" class=\"sec_dt\">Les arm\u00e9es de Biran ont un vaste choix de chevaliers wyvernes, et les trois plus grands d&rsquo;entre eux sont appel\u00e9s \u00ab g\u00e9n\u00e9raux wyvernes \u00bb. Narcian est donc l&rsquo;un d&rsquo;entre eux. Eh bien, cette intro en jette, vous ne trouvez pas ? Vous voulez du pop-corn ?<\/dt>\r\n                <dd class=\"sec_dd\">\r\n                    <a href=\"https:\/\/guide.fire-emblem-heroes.com\/wp-content\/uploads\/narcian_wyvern_general_pop01.png\" class=\"popup-image\">\r\n                        <img decoding=\"async\" src=\"https:\/\/guide.fire-emblem-heroes.com\/wp-content\/uploads\/narcian_wyvern_general_info01.png\" alt=\"\" \/>\r\n                    <\/a>\r\n                <\/dd>\r\n                <dt id=\"CHARA_155_010\" class=\"sec_dt\">Pardon, je m&rsquo;\u00e9gare&#8230; En fait, la r\u00e9putation de Narcian parmi ses hommes n&rsquo;est pas des meilleures. Ils ont tendance \u00e0 penser qu&rsquo;il ne m\u00e9rite pas son rang, certains disent m\u00eame qu&rsquo;il l&rsquo;aurait usurp\u00e9 ! Enfin, ce ne sont que des rumeurs&#8230;<\/dt>\r\n                <dd class=\"sec_dd\">\r\n                    <a href=\"https:\/\/guide.fire-emblem-heroes.com\/wp-content\/uploads\/narcian_wyvern_general_pop02.png\" class=\"popup-image\">\r\n                        <img decoding=\"async\" src=\"https:\/\/guide.fire-emblem-heroes.com\/wp-content\/uploads\/narcian_wyvern_general_info02.png\" alt=\"\" \/>\r\n                    <\/a>\r\n                <\/dd>\r\n                <dt id=\"CHARA_155_011\" class=\"sec_dt\">En tant que g\u00e9n\u00e9ral wyverne, Narcian \u00e9tait charg\u00e9 d&rsquo;attaquer la F\u00e9d\u00e9ration de Lycia. Mais m\u00eame avec toute l&rsquo;arm\u00e9e de Biran sous ses ordres, il a eu toutes les peines du monde \u00e0 lutter contre Roy et ses amis.<\/dt>\r\n                <dd class=\"sec_dd\">\r\n                    <a href=\"https:\/\/guide.fire-emblem-heroes.com\/wp-content\/uploads\/narcian_wyvern_general_pop03.png\" class=\"popup-image\">\r\n                        <img decoding=\"async\" src=\"https:\/\/guide.fire-emblem-heroes.com\/wp-content\/uploads\/narcian_wyvern_general_info03.png\" alt=\"\" \/>\r\n                    <\/a>\r\n                <\/dd>\r\n                <dt id=\"CHARA_155_012\" class=\"sec_dt\">Plus tard, il a re\u00e7u l&rsquo;ordre d&rsquo;attaquer Etruria, et l\u00e0 non plus, \u00e7a ne s&rsquo;est pas tr\u00e8s bien pass\u00e9&#8230; Pff, je me demande si Narcian accomplira un jour quelque chose, histoire de faire taire les rumeurs.<\/dt>\r\n                <dd class=\"sec_dd\">\r\n                    <a href=\"https:\/\/guide.fire-emblem-heroes.com\/wp-content\/uploads\/narcian_wyvern_general_pop04.png\" class=\"popup-image\">\r\n                        <img decoding=\"async\" src=\"https:\/\/guide.fire-emblem-heroes.com\/wp-content\/uploads\/narcian_wyvern_general_info04.png\" alt=\"\" \/>\r\n                    <\/a>\r\n                <\/dd>\r\n            <\/dl>\r\n            <h3 id=\"CHARA_155_013\" class=\"sec_h3charatxt\">Personnage li\u00e9 \u00e0<\/h3>\r\n            <h4 id=\"CHARA_155_014\" class=\"sec_h4charatxt\">Zephiel<\/h4>\r\n            <p id=\"CHARA_155_015\" class=\"sec_charatxt\">Roi de Biran et seigneur de Narcian. Autrefois un enfant au c\u0153ur pur, il a perdu foi en l&rsquo;humanit\u00e9. Il aimerait que son monde soit dirig\u00e9 par les dragons. <\/p>\r\n        <\/section>\r\n    <\/article>\r\n<\/main>","protected":false},"excerpt":{"rendered":"H\u00e9ros G\u00e9n\u00e9ral wyverne Narcian Appara\u00eet dans Fire Emblem: The Binding Blade Sharena vous pr\u00e9sente&#8230; G\u00e9n\u00e9ral wyverne Narcian Les arm\u00e9es de Biran ont un vaste choix de chevaliers wyvernes, et les trois plus grands d&rsquo;entre eux sont appel\u00e9s \u00ab g\u00e9n\u00e9raux wyvernes \u00bb. Narcian est donc l&rsquo;un d&rsquo;entre eux. Eh bien, cette intro en jette, vous ne [&hellip;]","protected":false},"author":1,"featured_media":14277,"comment_status":"closed","ping_status":"closed","sticky":false,"template":"","format":"standard","meta":{"advanced_seo_description":"","jetpack_seo_html_title":"","jetpack_seo_noindex":false,"_jetpack_newsletter_access":"","_jetpack_dont_email_post_to_subs":false,"_jetpack_newsletter_tier_id":0,"_jetpack_memberships_contains_paywalled_content":false,"_locale":"fr_FR","_original_post":"14157","_jetpack_memberships_contains_paid_content":false,"footnotes":"","jetpack_publicize_message":"","jetpack_publicize_feature_enabled":true,"jetpack_social_post_already_shared":true,"jetpack_social_options":{"image_generator_settings":{"template":"highway","default_image_id":0,"font":"","enabled":false},"version":2},"_wpas_customize_per_network":false,"jetpack_post_was_ever_published":false},"categories":[1384,1415,1426,1390],"tags":[1419],"class_list":["post-14164","post","type-post","status-publish","format-standard","has-post-thumbnail","hentry","category-character","category-heroes","category-ex_works_the_binding_blade","category-stay_heroes","tag-heros","fr-FR"],"jetpack_publicize_connections":[],"jetpack_featured_media_url":"https:\/\/guide.fire-emblem-heroes.com\/wp-content\/uploads\/narcian_wyvern_general.png","jetpack_sharing_enabled":false,"jetpack_shortlink":"https:\/\/wp.me\/pa0Mj3-3Gs","jetpack_likes_enabled":false,"amp_enabled":true,"_links":{"self":[{"href":"https:\/\/guide.fire-emblem-heroes.com\/wp-json\/wp\/v2\/posts\/14164","targetHints":{"allow":["GET"]}}],"collection":[{"href":"https:\/\/guide.fire-emblem-heroes.com\/wp-json\/wp\/v2\/posts"}],"about":[{"href":"https:\/\/guide.fire-emblem-heroes.com\/wp-json\/wp\/v2\/types\/post"}],"author":[{"embeddable":true,"href":"https:\/\/guide.fire-emblem-heroes.com\/wp-json\/wp\/v2\/users\/1"}],"replies":[{"embeddable":true,"href":"https:\/\/guide.fire-emblem-heroes.com\/wp-json\/wp\/v2\/comments?post=14164"}],"version-history":[{"count":1,"href":"https:\/\/guide.fire-emblem-heroes.com\/wp-json\/wp\/v2\/posts\/14164\/revisions"}],"predecessor-version":[{"id":14173,"href":"https:\/\/guide.fire-emblem-heroes.com\/wp-json\/wp\/v2\/posts\/14164\/revisions\/14173"}],"wp:featuredmedia":[{"embeddable":true,"href":"https:\/\/guide.fire-emblem-heroes.com\/wp-json\/wp\/v2\/media\/14277"}],"wp:attachment":[{"href":"https:\/\/guide.fire-emblem-heroes.com\/wp-json\/wp\/v2\/media?parent=14164"}],"wp:term":[{"taxonomy":"category","embeddable":true,"href":"https:\/\/guide.fire-emblem-heroes.com\/wp-json\/wp\/v2\/categories?post=14164"},{"taxonomy":"post_tag","embeddable":true,"href":"https:\/\/guide.fire-emblem-heroes.com\/wp-json\/wp\/v2\/tags?post=14164"}],"curies":[{"name":"wp","href":"https:\/\/api.w.org\/{rel}","templated":true}]}}