






{"id":14991,"date":"2019-12-26T12:43:34","date_gmt":"2019-12-26T03:43:34","guid":{"rendered":"https:\/\/guide.fire-emblem-heroes.com\/?p=14991"},"modified":"2020-02-06T15:27:44","modified_gmt":"2020-02-06T06:27:44","slug":"09004005000467","status":"publish","type":"post","link":"https:\/\/guide.fire-emblem-heroes.com\/fr\/09004005000467\/","title":{"rendered":"<span class=\"character_nick\">Griffe des f\u00eates<\/span><span class=\"character_name\">Lethe<\/span>"},"content":{"rendered":"        <main id=\"CHARA_175\" class=\"main_page character\">\r\n            <article>\r\n                <section class=\"sec sec_character\">\r\n                    <ul class=\"sec_ul sec_ul--character slick-box\">\r\n                        <li class=\"sec_li sec_li--character\">\r\n                            <img decoding=\"async\" src=\"https:\/\/guide.fire-emblem-heroes.com\/wp-content\/uploads\/lethe_new_years_claw_slide01.png\" alt=\"\" \/>\r\n                        <\/li>\r\n                        <li class=\"sec_li sec_li--character\">\r\n                            <img decoding=\"async\" src=\"https:\/\/guide.fire-emblem-heroes.com\/wp-content\/uploads\/lethe_new_years_claw_slide02.png\" alt=\"\" \/>\r\n                        <\/li>\r\n                        <li class=\"sec_li sec_li--character\">\r\n                            <img decoding=\"async\" src=\"https:\/\/guide.fire-emblem-heroes.com\/wp-content\/uploads\/lethe_new_years_claw_slide03.png\" alt=\"\" \/>\r\n                        <\/li>\r\n                        <li class=\"sec_li sec_li--character\">\r\n                            <img decoding=\"async\" src=\"https:\/\/guide.fire-emblem-heroes.com\/wp-content\/uploads\/lethe_new_years_claw_slide04.png\" alt=\"\" \/>\r\n                        <\/li>\r\n                    <\/ul>\r\n                    <div class=\"sec_charainfoarea flex\">\r\n                        <div class=\"sec_gif\"><img loading=\"lazy\" decoding=\"async\" src=\"https:\/\/guide.fire-emblem-heroes.com\/wp-content\/uploads\/lethe_new_years_claw.png\" alt=\"\" width=\"210\" height=\"190\"\/><\/div>\r\n                        <div class=\"sec_charainfo\">\r\n                            <p id=\"CHARA_175_002\" class=\"sec_characate sec_characate--special_heroes\">H\u00e9ros sp\u00e9ciaux<\/p>\r\n                            <p id=\"CHARA_175_003\" class=\"sec_charanick\">Griffe des f\u00eates<\/p>\r\n                            <p id=\"CHARA_175_004\" class=\"sec_charaname\">Lethe<\/p>\r\n                            <p id=\"CHARA_175_005\" class=\"sec_charaappearancetxt\">Appara\u00eet dans<\/p>\r\n                            <p id=\"CHARA_175_006\" class=\"sec_charaappearancetxt\">Fire Emblem: Radiant Dawn<\/p>\r\n                        <\/div>\r\n                    <\/div>\r\n                <\/section>\r\n            <\/article>\r\n            <article>\r\n                <section class=\"sec sec_characterarea\">\r\n                    <div class=\"sec_h2chara\">\r\n                        <p id=\"CHARA_175_007\" class=\"sec_h2charattl\">Sharena vous pr\u00e9sente&#8230;<\/p>\r\n                        <h2 id=\"CHARA_175_008\" class=\"sec_h2charatxt\">Griffe des f\u00eates Lethe<\/h2>\r\n                    <\/div>\r\n                    <dl class=\"sec_dl flex\">\r\n                        <dt id=\"CHARA_175_009\" class=\"sec_dt\">Il n&rsquo;y a pas que les Beorc comme nous qui f\u00eatons le Nouvel An. Les Laguz sont \u00e9galement de la partie, et avec style, s&rsquo;il vous pla\u00eet ! Cette ann\u00e9e, Lethe repr\u00e9sente les Laguz lors des festivit\u00e9s, avec une magnifique tenue !<\/dt>\r\n                        <dd class=\"sec_dd\">\r\n                            <a href=\"https:\/\/guide.fire-emblem-heroes.com\/wp-content\/uploads\/lethe_new_years_claw_pop01.png\" class=\"popup-image\">\r\n                                <img decoding=\"async\" src=\"https:\/\/guide.fire-emblem-heroes.com\/wp-content\/uploads\/lethe_new_years_claw_info01.png\" alt=\"\" \/>\r\n                            <\/a>\r\n                        <\/dd>\r\n                        <dt id=\"CHARA_175_010\" class=\"sec_dt\">On pense souvent qu&rsquo;il est difficile de bouger dans ce genre de v\u00eatements, mais Lethe y semble au contraire plus \u00e0 l&rsquo;aise et agile que jamais !<\/dt>\r\n                        <dd class=\"sec_dd\">\r\n                            <a href=\"https:\/\/guide.fire-emblem-heroes.com\/wp-content\/uploads\/lethe_new_years_claw_pop02.png\" class=\"popup-image\">\r\n                                <img decoding=\"async\" src=\"https:\/\/guide.fire-emblem-heroes.com\/wp-content\/uploads\/lethe_new_years_claw_info02.png\" alt=\"\" \/>\r\n                            <\/a>\r\n                        <\/dd>\r\n                        <dt id=\"CHARA_175_011\" class=\"sec_dt\">Le masque \u00e0 t\u00eate de lion qu&rsquo;elle porte est utilis\u00e9 lors de la danse du lion, qui est traditionnellement ex\u00e9cut\u00e9e pour la nouvelle ann\u00e9e. Dans certaines cultures, se faire \u00ab mordre \u00bb par le lion durant sa danse est un signe de chance, et s&rsquo;il mord un enfant \u00e0 la t\u00eate, ce dernier grandira fort et en bonne sant\u00e9. (En supposant qu&rsquo;il ne morde pas trop fort quand m\u00eame&#8230;)<\/dt>\r\n                        <dd class=\"sec_dd\">\r\n                            <a href=\"https:\/\/guide.fire-emblem-heroes.com\/wp-content\/uploads\/lethe_new_years_claw_pop03.png\" class=\"popup-image\">\r\n                                <img decoding=\"async\" src=\"https:\/\/guide.fire-emblem-heroes.com\/wp-content\/uploads\/lethe_new_years_claw_info03.png\" alt=\"\" \/>\r\n                            <\/a>\r\n                        <\/dd>\r\n                        <dt id=\"CHARA_175_012\" class=\"sec_dt\">J&rsquo;esp\u00e8re que Lethe trouvera cela amusant de f\u00eater le Nouvel An diff\u00e9remment qu&rsquo;\u00e0 Gallia. Oublions nos diff\u00e9rences et travaillons ensemble au maintien de la paix.<\/dt>\r\n                        <dd class=\"sec_dd\">\r\n                            <a href=\"https:\/\/guide.fire-emblem-heroes.com\/wp-content\/uploads\/lethe_new_years_claw_pop04.png\" class=\"popup-image\">\r\n                                <img decoding=\"async\" src=\"https:\/\/guide.fire-emblem-heroes.com\/wp-content\/uploads\/lethe_new_years_claw_info04.png\" alt=\"\" \/>\r\n                            <\/a>\r\n                        <\/dd>\r\n                    <\/dl>\r\n                    <h3 id=\"CHARA_175_013\" class=\"sec_h3charatxt\">Personnage li\u00e9 \u00e0<\/h3>\r\n                    <h4 id=\"CHARA_175_014\" class=\"sec_h4charatxt\">Caineghis<\/h4>\r\n                    <p id=\"CHARA_175_015\" class=\"sec_charatxt\">Le dirigeant l\u00e9onin de Gallia, terre des Laguz, le peuple des b\u00eates. Avec sagesse et courage, il essaie d&rsquo;\u00e9voluer vers une paix avec les Beorc. Lethe lui a jur\u00e9 loyaut\u00e9.<\/p>\r\n                    <h4 id=\"CHARA_175_016\" class=\"sec_h4charatxt\">Ranulf<\/h4>\r\n                    <p id=\"CHARA_175_017\" class=\"sec_charatxt\">Un guerrier f\u00e9lin originaire de Gallia, terre des Laguz, le peuple des b\u00eates. Malgr\u00e9 sa jeunesse, il a acquis la confiance du roi. Consid\u00e9r\u00e9 comme le bras droit du futur roi, il est le commandant de Lyre, la s\u0153ur de Lethe.<\/p>\r\n                    <h4 id=\"CHARA_175_018\" class=\"sec_h4charatxt\">Mordecai<\/h4>\r\n                    <p id=\"CHARA_175_019\" class=\"sec_charatxt\">Un tigre guerrier de Gallia, terre des Laguz, le peuple des b\u00eates. C&rsquo;est un gentil g\u00e9ant \u00e9pris de paix. Il est le subordonn\u00e9 de Lethe.<\/p>\r\n                <\/section>\r\n            <\/article>\r\n        <\/main>","protected":false},"excerpt":{"rendered":"H\u00e9ros sp\u00e9ciaux Griffe des f\u00eates Lethe Appara\u00eet dans Fire Emblem: Radiant Dawn Sharena vous pr\u00e9sente&#8230; Griffe des f\u00eates Lethe Il n&rsquo;y a pas que les Beorc comme nous qui f\u00eatons le Nouvel An. Les Laguz sont \u00e9galement de la partie, et avec style, s&rsquo;il vous pla\u00eet ! Cette ann\u00e9e, Lethe repr\u00e9sente les Laguz lors des [&hellip;]","protected":false},"author":1,"featured_media":15121,"comment_status":"closed","ping_status":"closed","sticky":false,"template":"","format":"standard","meta":{"advanced_seo_description":"","jetpack_seo_html_title":"","jetpack_seo_noindex":false,"_jetpack_newsletter_access":"","_jetpack_dont_email_post_to_subs":false,"_jetpack_newsletter_tier_id":0,"_jetpack_memberships_contains_paywalled_content":false,"_locale":"fr_FR","_original_post":"14984","_jetpack_memberships_contains_paid_content":false,"footnotes":"","jetpack_publicize_message":"","jetpack_publicize_feature_enabled":true,"jetpack_social_post_already_shared":true,"jetpack_social_options":{"image_generator_settings":{"template":"highway","default_image_id":0,"font":"","enabled":false},"version":2},"_wpas_customize_per_network":false,"jetpack_post_was_ever_published":false},"categories":[1384,1405,1390,1430],"tags":[1410],"class_list":["post-14991","post","type-post","status-publish","format-standard","has-post-thumbnail","hentry","category-character","category-special_heroes","category-stay_heroes","category-ex_works_radiant_dawn","tag-heros-speciaux","fr-FR"],"jetpack_publicize_connections":[],"jetpack_featured_media_url":"https:\/\/guide.fire-emblem-heroes.com\/wp-content\/uploads\/lethe_new_years_claw.png","jetpack_sharing_enabled":false,"jetpack_shortlink":"https:\/\/wp.me\/pa0Mj3-3TN","jetpack_likes_enabled":false,"amp_enabled":true,"_links":{"self":[{"href":"https:\/\/guide.fire-emblem-heroes.com\/wp-json\/wp\/v2\/posts\/14991","targetHints":{"allow":["GET"]}}],"collection":[{"href":"https:\/\/guide.fire-emblem-heroes.com\/wp-json\/wp\/v2\/posts"}],"about":[{"href":"https:\/\/guide.fire-emblem-heroes.com\/wp-json\/wp\/v2\/types\/post"}],"author":[{"embeddable":true,"href":"https:\/\/guide.fire-emblem-heroes.com\/wp-json\/wp\/v2\/users\/1"}],"replies":[{"embeddable":true,"href":"https:\/\/guide.fire-emblem-heroes.com\/wp-json\/wp\/v2\/comments?post=14991"}],"version-history":[{"count":1,"href":"https:\/\/guide.fire-emblem-heroes.com\/wp-json\/wp\/v2\/posts\/14991\/revisions"}],"predecessor-version":[{"id":15002,"href":"https:\/\/guide.fire-emblem-heroes.com\/wp-json\/wp\/v2\/posts\/14991\/revisions\/15002"}],"wp:featuredmedia":[{"embeddable":true,"href":"https:\/\/guide.fire-emblem-heroes.com\/wp-json\/wp\/v2\/media\/15121"}],"wp:attachment":[{"href":"https:\/\/guide.fire-emblem-heroes.com\/wp-json\/wp\/v2\/media?parent=14991"}],"wp:term":[{"taxonomy":"category","embeddable":true,"href":"https:\/\/guide.fire-emblem-heroes.com\/wp-json\/wp\/v2\/categories?post=14991"},{"taxonomy":"post_tag","embeddable":true,"href":"https:\/\/guide.fire-emblem-heroes.com\/wp-json\/wp\/v2\/tags?post=14991"}],"curies":[{"name":"wp","href":"https:\/\/api.w.org\/{rel}","templated":true}]}}