






{"id":15846,"date":"2020-02-05T12:33:20","date_gmt":"2020-02-05T03:33:20","guid":{"rendered":"https:\/\/guide.fire-emblem-heroes.com\/?p=15846"},"modified":"2020-03-06T13:38:10","modified_gmt":"2020-03-06T04:38:10","slug":"02001005000484","status":"publish","type":"post","link":"https:\/\/guide.fire-emblem-heroes.com\/fr\/02001005000484\/","title":{"rendered":"<span class=\"character_nick\">C\u0153ur \u00e9pris<\/span><span class=\"character_name\">Faye<\/span>"},"content":{"rendered":"<main id=\"CHARA_196\" class=\"main_page character\">\r\n            <article>\r\n                <section class=\"sec sec_character\">\r\n                    <ul class=\"sec_ul sec_ul--character slick-box\">\r\n                        <li class=\"sec_li sec_li--character\">\r\n                            <img decoding=\"async\" src=\"https:\/\/guide.fire-emblem-heroes.com\/wp-content\/uploads\/faye_drawn_heartstring_slide01.png\" alt=\"\" \/>\r\n                        <\/li>\r\n                        <li class=\"sec_li sec_li--character\">\r\n                            <img decoding=\"async\" src=\"https:\/\/guide.fire-emblem-heroes.com\/wp-content\/uploads\/faye_drawn_heartstring_slide02.png\" alt=\"\" \/>\r\n                        <\/li>\r\n                        <li class=\"sec_li sec_li--character\">\r\n                            <img decoding=\"async\" src=\"https:\/\/guide.fire-emblem-heroes.com\/wp-content\/uploads\/faye_drawn_heartstring_slide03.png\" alt=\"\" \/>\r\n                        <\/li>\r\n                        <li class=\"sec_li sec_li--character\">\r\n                            <img decoding=\"async\" src=\"https:\/\/guide.fire-emblem-heroes.com\/wp-content\/uploads\/faye_drawn_heartstring_slide04.png\" alt=\"\" \/>\r\n                        <\/li>\r\n                    <\/ul>\r\n                    <div class=\"sec_charainfoarea flex\">\r\n                        <div class=\"sec_gif\"><img loading=\"lazy\" decoding=\"async\" src=\"https:\/\/guide.fire-emblem-heroes.com\/wp-content\/uploads\/faye_drawn_heartstring.png\" alt=\"\" width=\"210\" height=\"190\"\/><\/div>\r\n                        <div class=\"sec_charainfo\">\r\n                            <p id=\"CHARA_196_002\" class=\"sec_characate sec_characate--special_heroes\">H\u00e9ros sp\u00e9ciaux<\/p>\r\n                            <p id=\"CHARA_196_003\" class=\"sec_charanick\">C\u0153ur \u00e9pris<\/p>\r\n                            <p id=\"CHARA_196_004\" class=\"sec_charaname\">Faye<\/p>\r\n                            <p id=\"CHARA_196_005\" class=\"sec_charaappearancetxt\">Appara\u00eet dans<\/p>\r\n                            <p id=\"CHARA_196_006\" class=\"sec_charaappearancetxt\">Fire Emblem Echoes: Shadows of Valentia<\/p>\r\n                        <\/div>\r\n                    <\/div>\r\n                <\/section>\r\n            <\/article>\r\n            <article>\r\n                <section class=\"sec sec_characterarea\">\r\n                    <div class=\"sec_h2chara\">\r\n                        <p id=\"CHARA_196_007\" class=\"sec_h2charattl\">Sharena vous pr\u00e9sente&#8230;<\/p>\r\n                        <h2 id=\"CHARA_196_008\" class=\"sec_h2charatxt\">C\u0153ur \u00e9pris Faye<\/h2>\r\n                    <\/div>\r\n                    <dl class=\"sec_dl flex\">\r\n                        <dt id=\"CHARA_196_009\" class=\"sec_dt\">C&rsquo;est la fille dont r\u00eavaient tous les gar\u00e7ons du village de Ram\u2026 La charmante Faye participe au jour de l&rsquo;amour !<\/dt>\r\n                        <dd class=\"sec_dd\">\r\n                            <a href=\"https:\/\/guide.fire-emblem-heroes.com\/wp-content\/uploads\/faye_drawn_heartstring_pop01.png\" class=\"popup-image\">\r\n                                <img decoding=\"async\" src=\"https:\/\/guide.fire-emblem-heroes.com\/wp-content\/uploads\/faye_drawn_heartstring_info01.png\" alt=\"\" \/>\r\n                            <\/a>\r\n                        <\/dd>\r\n                        <dt id=\"CHARA_196_010\" class=\"sec_dt\">Sa tenue pour l&rsquo;occasion a beau attirer le regard, moi ce qui m&rsquo;int\u00e9resse, c&rsquo;est le contenu de ces paniers ! Il para\u00eet qu&rsquo;ils d\u00e9bordent des mets pr\u00e9f\u00e9r\u00e9s d&rsquo;Alm : du jambon et de la saucisse !<\/dt>\r\n                        <dd class=\"sec_dd\">\r\n                            <a href=\"https:\/\/guide.fire-emblem-heroes.com\/wp-content\/uploads\/faye_drawn_heartstring_pop02.png\" class=\"popup-image\">\r\n                                <img decoding=\"async\" src=\"https:\/\/guide.fire-emblem-heroes.com\/wp-content\/uploads\/faye_drawn_heartstring_info02.png\" alt=\"\" \/>\r\n                            <\/a>\r\n                        <\/dd>\r\n                        <dt id=\"CHARA_196_011\" class=\"sec_dt\">Et vous avez vu les pens\u00e9es sur son chapeau ? Certains disent qu&rsquo;elles symbolisent la gentillesse, la fid\u00e9lit\u00e9, la loyaut\u00e9\u2026 et le souvenir \u00e9ternel ! Qui aurait cru qu&rsquo;une simple fleur pouvait signifier autant de choses ?<\/dt>\r\n                        <dd class=\"sec_dd\">\r\n                            <a href=\"https:\/\/guide.fire-emblem-heroes.com\/wp-content\/uploads\/faye_drawn_heartstring_pop03.png\" class=\"popup-image\">\r\n                                <img decoding=\"async\" src=\"https:\/\/guide.fire-emblem-heroes.com\/wp-content\/uploads\/faye_drawn_heartstring_info03.png\" alt=\"\" \/>\r\n                            <\/a>\r\n                        <\/dd>\r\n                        <dt id=\"CHARA_196_012\" class=\"sec_dt\">Dites, \u00e0 qui la fl\u00e8che de son arc de roses est-elle destin\u00e9e, \u00e0 votre avis ? Nous connaissons tous la r\u00e9ponse, n&rsquo;est-ce pas ?<\/dt>\r\n                        <dd class=\"sec_dd\">\r\n                            <a href=\"https:\/\/guide.fire-emblem-heroes.com\/wp-content\/uploads\/faye_drawn_heartstring_pop04.png\" class=\"popup-image\">\r\n                                <img decoding=\"async\" src=\"https:\/\/guide.fire-emblem-heroes.com\/wp-content\/uploads\/faye_drawn_heartstring_info04.png\" alt=\"\" \/>\r\n                            <\/a>\r\n                        <\/dd>\r\n                    <\/dl>\r\n                    <h3 id=\"CHARA_196_013\" class=\"sec_h3charatxt\">Personnage li\u00e9 \u00e0<\/h3>\r\n                    <h4 id=\"CHARA_196_014\" class=\"sec_h4charatxt\">Alm<\/h4>\r\n                    <p id=\"CHARA_196_015\" class=\"sec_charatxt\">Jeune guerrier courageux et bienveillant, \u00e9lev\u00e9 par le h\u00e9ros Mycen dans le village de Ram. Il porte la marque sur la main gauche. Faye et lui \u00e9taient tr\u00e8s li\u00e9s durant l&rsquo;enfance.<\/p>\r\n                <\/section>\r\n            <\/article>\r\n        <\/main>","protected":false},"excerpt":{"rendered":"H\u00e9ros sp\u00e9ciaux C\u0153ur \u00e9pris Faye Appara\u00eet dans Fire Emblem Echoes: Shadows of Valentia Sharena vous pr\u00e9sente&#8230; C\u0153ur \u00e9pris Faye C&rsquo;est la fille dont r\u00eavaient tous les gar\u00e7ons du village de Ram\u2026 La charmante Faye participe au jour de l&rsquo;amour ! Sa tenue pour l&rsquo;occasion a beau attirer le regard, moi ce qui m&rsquo;int\u00e9resse, c&rsquo;est le [&hellip;]","protected":false},"author":1,"featured_media":15980,"comment_status":"closed","ping_status":"closed","sticky":false,"template":"","format":"standard","meta":{"advanced_seo_description":"","jetpack_seo_html_title":"","jetpack_seo_noindex":false,"_jetpack_newsletter_access":"","_jetpack_dont_email_post_to_subs":false,"_jetpack_newsletter_tier_id":0,"_jetpack_memberships_contains_paywalled_content":false,"_locale":"fr_FR","_original_post":"15839","_jetpack_memberships_contains_paid_content":false,"footnotes":"","jetpack_publicize_message":"","jetpack_publicize_feature_enabled":true,"jetpack_social_post_already_shared":true,"jetpack_social_options":{"image_generator_settings":{"template":"highway","default_image_id":0,"font":"","enabled":false},"version":2},"_wpas_customize_per_network":false,"jetpack_post_was_ever_published":false},"categories":[1384,1425,1405,1390],"tags":[1410],"class_list":["post-15846","post","type-post","status-publish","format-standard","has-post-thumbnail","hentry","category-character","category-ex_works_shadows_of_valentia","category-special_heroes","category-stay_heroes","tag-heros-speciaux","fr-FR"],"jetpack_publicize_connections":[],"jetpack_featured_media_url":"https:\/\/guide.fire-emblem-heroes.com\/wp-content\/uploads\/faye_drawn_heartstring.png","jetpack_sharing_enabled":false,"jetpack_shortlink":"https:\/\/wp.me\/pa0Mj3-47A","jetpack_likes_enabled":false,"amp_enabled":true,"_links":{"self":[{"href":"https:\/\/guide.fire-emblem-heroes.com\/wp-json\/wp\/v2\/posts\/15846","targetHints":{"allow":["GET"]}}],"collection":[{"href":"https:\/\/guide.fire-emblem-heroes.com\/wp-json\/wp\/v2\/posts"}],"about":[{"href":"https:\/\/guide.fire-emblem-heroes.com\/wp-json\/wp\/v2\/types\/post"}],"author":[{"embeddable":true,"href":"https:\/\/guide.fire-emblem-heroes.com\/wp-json\/wp\/v2\/users\/1"}],"replies":[{"embeddable":true,"href":"https:\/\/guide.fire-emblem-heroes.com\/wp-json\/wp\/v2\/comments?post=15846"}],"version-history":[{"count":2,"href":"https:\/\/guide.fire-emblem-heroes.com\/wp-json\/wp\/v2\/posts\/15846\/revisions"}],"predecessor-version":[{"id":15858,"href":"https:\/\/guide.fire-emblem-heroes.com\/wp-json\/wp\/v2\/posts\/15846\/revisions\/15858"}],"wp:featuredmedia":[{"embeddable":true,"href":"https:\/\/guide.fire-emblem-heroes.com\/wp-json\/wp\/v2\/media\/15980"}],"wp:attachment":[{"href":"https:\/\/guide.fire-emblem-heroes.com\/wp-json\/wp\/v2\/media?parent=15846"}],"wp:term":[{"taxonomy":"category","embeddable":true,"href":"https:\/\/guide.fire-emblem-heroes.com\/wp-json\/wp\/v2\/categories?post=15846"},{"taxonomy":"post_tag","embeddable":true,"href":"https:\/\/guide.fire-emblem-heroes.com\/wp-json\/wp\/v2\/tags?post=15846"}],"curies":[{"name":"wp","href":"https:\/\/api.w.org\/{rel}","templated":true}]}}