






{"id":16749,"date":"2020-03-16T13:00:06","date_gmt":"2020-03-16T04:00:06","guid":{"rendered":"https:\/\/guide.fire-emblem-heroes.com\/?p=16749"},"modified":"2020-04-17T16:01:22","modified_gmt":"2020-04-17T07:01:22","slug":"05019001000498-2","status":"publish","type":"post","link":"https:\/\/guide.fire-emblem-heroes.com\/fr\/05019001000498-2\/","title":{"rendered":"<span class=\"character_nick\">Paire de dragons<\/span><span class=\"character_name\">Idunn<\/span>"},"content":{"rendered":"<main id=\"CHARA_218\" class=\"main_page character\">\r\n    <article>\r\n        <section class=\"sec sec_character\">\r\n            <ul class=\"sec_ul sec_ul--character slick-box\">\r\n                <li class=\"sec_li sec_li--character\">\r\n                    <img decoding=\"async\" src=\"https:\/\/guide.fire-emblem-heroes.com\/wp-content\/uploads\/idenn_dragonkin_duo_slide01.png\" alt=\"\" \/>\r\n                <\/li>\r\n                <li class=\"sec_li sec_li--character\">\r\n                    <img decoding=\"async\" src=\"https:\/\/guide.fire-emblem-heroes.com\/wp-content\/uploads\/idenn_dragonkin_duo_slide02.png\" alt=\"\" \/>\r\n                <\/li>\r\n                <li class=\"sec_li sec_li--character\">\r\n                    <img decoding=\"async\" src=\"https:\/\/guide.fire-emblem-heroes.com\/wp-content\/uploads\/idenn_dragonkin_duo_slide03.png\" alt=\"\" \/>\r\n                <\/li>\r\n                <li class=\"sec_li sec_li--character\">\r\n                    <img decoding=\"async\" src=\"https:\/\/guide.fire-emblem-heroes.com\/wp-content\/uploads\/idenn_dragonkin_duo_slide04.png\" alt=\"\" \/>\r\n                <\/li>\r\n            <\/ul>\r\n            <div class=\"sec_charainfoarea flex\">\r\n                <div class=\"sec_gif\"><img loading=\"lazy\" decoding=\"async\" src=\"https:\/\/guide.fire-emblem-heroes.com\/wp-content\/uploads\/idenn_dragonkin_duo.png\" alt=\"\" width=\"210\" height=\"190\" \/><\/div>\r\n                <div class=\"sec_charainfo\">\r\n                    <p id=\"CHARA_218_002\" class=\"sec_characate sec_characate--duo_hero\">Doubles unit\u00e9s<\/p>\r\n                    <p id=\"CHARA_218_003\" class=\"sec_charanick\">Paire de dragons<\/p>\r\n                    <p id=\"CHARA_218_004\" class=\"sec_charaname\">Idunn<\/p>\r\n                    <p id=\"CHARA_218_005\" class=\"sec_charaappearancetxt\">Appara\u00eet dans<\/p>\r\n                    <p id=\"CHARA_218_006\" class=\"sec_charaappearancetxt\">Fire Emblem: The Binding Blade<\/p>\r\n                <\/div>\r\n            <\/div>\r\n        <\/section>\r\n    <\/article>\r\n    <article>\r\n        <section class=\"sec sec_characterarea\">\r\n            <div class=\"sec_h2chara\">\r\n                <p id=\"CHARA_218_007\" class=\"sec_h2charattl\">Sharena vous pr\u00e9sente&#8230;<\/p>\r\n                <h2 id=\"CHARA_218_008\" class=\"sec_h2charatxt\">Paire de dragons Idunn<\/h2>\r\n            <\/div>\r\n            <dl class=\"sec_dl flex\">\r\n                <dt id=\"CHARA_218_009\" class=\"sec_dt\">Voici un duo pour le moins inhabituel\u2009! Non seulement il s&rsquo;agit d&rsquo;Idunn et Fae, mais elles sont l\u00e0 pour participer au festival du printemps\u2009!<\/dt>\r\n                <dd class=\"sec_dd\">\r\n                    <a href=\"https:\/\/guide.fire-emblem-heroes.com\/wp-content\/uploads\/idenn_dragonkin_duo_pop01.png\" class=\"popup-image\">\r\n                        <img decoding=\"async\" src=\"https:\/\/guide.fire-emblem-heroes.com\/wp-content\/uploads\/idenn_dragonkin_duo_info01.png\" alt=\"\" \/>\r\n                    <\/a>\r\n                <\/dd>\r\n                <dt id=\"CHARA_218_010\" class=\"sec_dt\">Ce sont toutes les deux de puissants dragons, et d&rsquo;ordinaire, elles vivent en secret dans le d\u00e9sert de Nabata. Mais tout de m\u00eame, c&rsquo;est le festival du printemps, personne ne leur reprochera de se l\u00e2cher un peu, pour une fois\u2009!<\/dt>\r\n                <dd class=\"sec_dd\">\r\n                    <a href=\"https:\/\/guide.fire-emblem-heroes.com\/wp-content\/uploads\/idenn_dragonkin_duo_pop02.png\" class=\"popup-image\">\r\n                        <img decoding=\"async\" src=\"https:\/\/guide.fire-emblem-heroes.com\/wp-content\/uploads\/idenn_dragonkin_duo_info02.png\" alt=\"\" \/>\r\n                    <\/a>\r\n                <\/dd>\r\n                <dt id=\"CHARA_218_011\" class=\"sec_dt\">Et regardez la petite Fae et son sourire radieux\u2009! Elle doit \u00eatre si heureuse de retrouver ses amis pour le festival. Idunn garde son visage de marbre habituel, mais je suis s\u00fbre qu&rsquo;int\u00e9rieurement, elle se r\u00e9jouit.<\/dt>\r\n                <dd class=\"sec_dd\">\r\n                    <a href=\"https:\/\/guide.fire-emblem-heroes.com\/wp-content\/uploads\/idenn_dragonkin_duo_pop03.png\" class=\"popup-image\">\r\n                        <img decoding=\"async\" src=\"https:\/\/guide.fire-emblem-heroes.com\/wp-content\/uploads\/idenn_dragonkin_duo_info03.png\" alt=\"\" \/>\r\n                    <\/a>\r\n                <\/dd>\r\n                <dt id=\"CHARA_218_012\" class=\"sec_dt\">Ces deux-l\u00e0 ont v\u00e9cu mille difficult\u00e9s, mais aujourd&rsquo;hui est le jour id\u00e9al pour oublier le fardeau que constituent les pouvoirs draconiques, et se glisser dans la peau d&rsquo;un petit lapin\u2009!<\/dt>\r\n                <dd class=\"sec_dd\">\r\n                    <a href=\"https:\/\/guide.fire-emblem-heroes.com\/wp-content\/uploads\/idenn_dragonkin_duo_pop04.png\" class=\"popup-image\">\r\n                        <img decoding=\"async\" src=\"https:\/\/guide.fire-emblem-heroes.com\/wp-content\/uploads\/idenn_dragonkin_duo_info04.png\" alt=\"\" \/>\r\n                    <\/a>\r\n                <\/dd>\r\n            <\/dl>\r\n            <h3 id=\"CHARA_218_013\" class=\"sec_h3charatxt\">Personnage li\u00e9 \u00e0<\/h3>\r\n            <h4 id=\"CHARA_218_014\" class=\"sec_h4charatxt\">Roy<\/h4>\r\n            <p id=\"CHARA_218_015\" class=\"sec_charatxt\">Apr\u00e8s avoir surmont\u00e9 des \u00e9preuves, il a mis fin \u00e0 la r\u00e9bellion de Biran et \u00e0 la guerre entre les humains et les dragons. Il scelle le pouvoir d&rsquo;Idunn apr\u00e8s qu&rsquo;elle est devenue un dragon d\u00e9mon.<\/p>\r\n        <\/section>\r\n    <\/article>\r\n<\/main>","protected":false},"excerpt":{"rendered":"Doubles unit\u00e9s Paire de dragons Idunn Appara\u00eet dans Fire Emblem: The Binding Blade Sharena vous pr\u00e9sente&#8230; Paire de dragons Idunn Voici un duo pour le moins inhabituel\u2009! Non seulement il s&rsquo;agit d&rsquo;Idunn et Fae, mais elles sont l\u00e0 pour participer au festival du printemps\u2009! Ce sont toutes les deux de puissants dragons, et d&rsquo;ordinaire, elles [&hellip;]","protected":false},"author":1,"featured_media":16856,"comment_status":"closed","ping_status":"closed","sticky":false,"template":"","format":"standard","meta":{"advanced_seo_description":"","jetpack_seo_html_title":"","jetpack_seo_noindex":false,"_jetpack_newsletter_access":"","_jetpack_dont_email_post_to_subs":false,"_jetpack_newsletter_tier_id":0,"_jetpack_memberships_contains_paywalled_content":false,"_locale":"fr_FR","_original_post":"https:\/\/guide.fire-emblem-heroes.com\/?p=16741","_jetpack_memberships_contains_paid_content":false,"footnotes":"","jetpack_publicize_message":"","jetpack_publicize_feature_enabled":true,"jetpack_social_post_already_shared":true,"jetpack_social_options":{"image_generator_settings":{"template":"highway","default_image_id":0,"font":"","enabled":false},"version":2},"_wpas_customize_per_network":false,"jetpack_post_was_ever_published":false},"categories":[1384,1426,1390,1440],"tags":[1445],"class_list":["post-16749","post","type-post","status-publish","format-standard","has-post-thumbnail","hentry","category-character","category-ex_works_the_binding_blade","category-stay_heroes","category-duo_heroes","tag-doubles-unites","fr-FR"],"jetpack_publicize_connections":[],"jetpack_featured_media_url":"https:\/\/guide.fire-emblem-heroes.com\/wp-content\/uploads\/idenn_dragonkin_duo.png","jetpack_sharing_enabled":false,"jetpack_shortlink":"https:\/\/wp.me\/pa0Mj3-4m9","jetpack_likes_enabled":false,"amp_enabled":true,"_links":{"self":[{"href":"https:\/\/guide.fire-emblem-heroes.com\/wp-json\/wp\/v2\/posts\/16749","targetHints":{"allow":["GET"]}}],"collection":[{"href":"https:\/\/guide.fire-emblem-heroes.com\/wp-json\/wp\/v2\/posts"}],"about":[{"href":"https:\/\/guide.fire-emblem-heroes.com\/wp-json\/wp\/v2\/types\/post"}],"author":[{"embeddable":true,"href":"https:\/\/guide.fire-emblem-heroes.com\/wp-json\/wp\/v2\/users\/1"}],"replies":[{"embeddable":true,"href":"https:\/\/guide.fire-emblem-heroes.com\/wp-json\/wp\/v2\/comments?post=16749"}],"version-history":[{"count":1,"href":"https:\/\/guide.fire-emblem-heroes.com\/wp-json\/wp\/v2\/posts\/16749\/revisions"}],"predecessor-version":[{"id":16759,"href":"https:\/\/guide.fire-emblem-heroes.com\/wp-json\/wp\/v2\/posts\/16749\/revisions\/16759"}],"wp:featuredmedia":[{"embeddable":true,"href":"https:\/\/guide.fire-emblem-heroes.com\/wp-json\/wp\/v2\/media\/16856"}],"wp:attachment":[{"href":"https:\/\/guide.fire-emblem-heroes.com\/wp-json\/wp\/v2\/media?parent=16749"}],"wp:term":[{"taxonomy":"category","embeddable":true,"href":"https:\/\/guide.fire-emblem-heroes.com\/wp-json\/wp\/v2\/categories?post=16749"},{"taxonomy":"post_tag","embeddable":true,"href":"https:\/\/guide.fire-emblem-heroes.com\/wp-json\/wp\/v2\/tags?post=16749"}],"curies":[{"name":"wp","href":"https:\/\/api.w.org\/{rel}","templated":true}]}}