






{"id":16770,"date":"2020-03-16T13:08:01","date_gmt":"2020-03-16T04:08:01","guid":{"rendered":"https:\/\/guide.fire-emblem-heroes.com\/?p=16770"},"modified":"2020-04-17T16:03:15","modified_gmt":"2020-04-17T07:03:15","slug":"05005004000501-2","status":"publish","type":"post","link":"https:\/\/guide.fire-emblem-heroes.com\/fr\/05005004000501-2\/","title":{"rendered":"<span class=\"character_nick\">G\u00e9n\u00e9ral vernal<\/span><span class=\"character_name\">Narcian<\/span>"},"content":{"rendered":"<main id=\"CHARA_219\" class=\"main_page character\">\r\n    <article>\r\n        <section class=\"sec sec_character\">\r\n            <ul class=\"sec_ul sec_ul--character slick-box\">\r\n                <li class=\"sec_li sec_li--character\">\r\n                    <img decoding=\"async\" src=\"https:\/\/guide.fire-emblem-heroes.com\/wp-content\/uploads\/nacien_vernal_general_slide01.png\" alt=\"\" \/>\r\n                <\/li>\r\n                <li class=\"sec_li sec_li--character\">\r\n                    <img decoding=\"async\" src=\"https:\/\/guide.fire-emblem-heroes.com\/wp-content\/uploads\/nacien_vernal_general_slide02.png\" alt=\"\" \/>\r\n                <\/li>\r\n                <li class=\"sec_li sec_li--character\">\r\n                    <img decoding=\"async\" src=\"https:\/\/guide.fire-emblem-heroes.com\/wp-content\/uploads\/nacien_vernal_general_slide03.png\" alt=\"\" \/>\r\n                <\/li>\r\n                <li class=\"sec_li sec_li--character\">\r\n                    <img decoding=\"async\" src=\"https:\/\/guide.fire-emblem-heroes.com\/wp-content\/uploads\/nacien_vernal_general_slide04.png\" alt=\"\" \/>\r\n                <\/li>\r\n            <\/ul>\r\n            <div class=\"sec_charainfoarea flex\">\r\n                <div class=\"sec_gif\"><img loading=\"lazy\" decoding=\"async\" src=\"https:\/\/guide.fire-emblem-heroes.com\/wp-content\/uploads\/nacien_vernal_general.png\" alt=\"\" width=\"210\" height=\"190\" \/><\/div>\r\n                <div class=\"sec_charainfo\">\r\n                    <p id=\"CHARA_219_002\" class=\"sec_characate sec_characate--special_heroes\">H\u00e9ros sp\u00e9ciaux<\/p>\r\n                    <p id=\"CHARA_219_003\" class=\"sec_charanick\">G\u00e9n\u00e9ral vernal<\/p>\r\n                    <p id=\"CHARA_219_004\" class=\"sec_charaname\">Narcian<\/p>\r\n                    <p id=\"CHARA_219_005\" class=\"sec_charaappearancetxt\">Appara\u00eet dans<\/p>\r\n                    <p id=\"CHARA_219_006\" class=\"sec_charaappearancetxt\">Fire Emblem: The Binding Blade<\/p>\r\n                <\/div>\r\n            <\/div>\r\n        <\/section>\r\n    <\/article>\r\n    <article>\r\n        <section class=\"sec sec_characterarea\">\r\n            <div class=\"sec_h2chara\">\r\n                <p id=\"CHARA_219_007\" class=\"sec_h2charattl\">Sharena vous pr\u00e9sente&#8230;<\/p>\r\n                <h2 id=\"CHARA_219_008\" class=\"sec_h2charatxt\">G\u00e9n\u00e9ral vernal Narcian<\/h2>\r\n            <\/div>\r\n            <dl class=\"sec_dl flex\">\r\n                <dt id=\"CHARA_219_009\" class=\"sec_dt\">Hein\u2009? C&rsquo;est qui, celui-l\u00e0\u2009? H\u00e9, mais je sais\u2009! C&rsquo;est Narcian, habill\u00e9 pour le festival du printemps\u2009! D\u00e9sol\u00e9e, je ne m&rsquo;attendais pas \u00e0 le voir dans cette tenue.<\/dt>\r\n                <dd class=\"sec_dd\">\r\n                    <a href=\"https:\/\/guide.fire-emblem-heroes.com\/wp-content\/uploads\/nacien_vernal_general_pop01.png\" class=\"popup-image\">\r\n                        <img decoding=\"async\" src=\"https:\/\/guide.fire-emblem-heroes.com\/wp-content\/uploads\/nacien_vernal_general_info01.png\" alt=\"\" \/>\r\n                    <\/a>\r\n                <\/dd>\r\n                <dt id=\"CHARA_219_010\" class=\"sec_dt\">Cette tenue correspond au go\u00fbt de Narcian pour le raffinement. Cette cape en mousseline et ces manches bouffantes sont vraiment \u00e9l\u00e9gantes, non\u2009?<\/dt>\r\n                <dd class=\"sec_dd\">\r\n                    <a href=\"https:\/\/guide.fire-emblem-heroes.com\/wp-content\/uploads\/nacien_vernal_general_pop02.png\" class=\"popup-image\">\r\n                        <img decoding=\"async\" src=\"https:\/\/guide.fire-emblem-heroes.com\/wp-content\/uploads\/nacien_vernal_general_info02.png\" alt=\"\" \/>\r\n                    <\/a>\r\n                <\/dd>\r\n                <dt id=\"CHARA_219_011\" class=\"sec_dt\">Son arme t\u00e9moigne d&rsquo;un autre aspect de sa personnalit\u00e9\u00a0: la fa\u00e7on dont il poursuit ses proies sans rel\u00e2che. On ne peut \u00e9chapper \u00e0 cette fourche g\u00e9ante, o\u00f9 que l&rsquo;on coure\u2009!<\/dt>\r\n                <dd class=\"sec_dd\">\r\n                    <a href=\"https:\/\/guide.fire-emblem-heroes.com\/wp-content\/uploads\/nacien_vernal_general_pop03.png\" class=\"popup-image\">\r\n                        <img decoding=\"async\" src=\"https:\/\/guide.fire-emblem-heroes.com\/wp-content\/uploads\/nacien_vernal_general_info03.png\" alt=\"\" \/>\r\n                    <\/a>\r\n                <\/dd>\r\n                <dt id=\"CHARA_219_012\" class=\"sec_dt\">Narcian donne l&rsquo;impression de vouloir surpasser tout le monde durant ce festival du printemps. J&rsquo;esp\u00e8re qu&rsquo;il va savoir se tenir et que \u00e7a ne va pas d\u00e9g\u00e9n\u00e9rer\u2026 Je croise les doigts\u2009! <\/dt>\r\n                <dd class=\"sec_dd\">\r\n                    <a href=\"https:\/\/guide.fire-emblem-heroes.com\/wp-content\/uploads\/nacien_vernal_general_pop04.png\" class=\"popup-image\">\r\n                        <img decoding=\"async\" src=\"https:\/\/guide.fire-emblem-heroes.com\/wp-content\/uploads\/nacien_vernal_general_info04.png\" alt=\"\" \/>\r\n                    <\/a>\r\n                <\/dd>\r\n            <\/dl>\r\n            <h3 id=\"CHARA_219_013\" class=\"sec_h3charatxt\">Personnage li\u00e9 \u00e0<\/h3>\r\n            <h4 id=\"CHARA_219_014\" class=\"sec_h4charatxt\">Zephiel<\/h4>\r\n            <p id=\"CHARA_219_015\" class=\"sec_charatxt\">Ce roi de Biran ha\u00efssant la race humaine \u00e9tait autrefois un enfant au c\u0153ur pur. Il aimerait que le monde soit dirig\u00e9 par les dragons. C&rsquo;est le seigneur de Narcian.<\/p>\r\n        <\/section>\r\n    <\/article>\r\n<\/main>","protected":false},"excerpt":{"rendered":"H\u00e9ros sp\u00e9ciaux G\u00e9n\u00e9ral vernal Narcian Appara\u00eet dans Fire Emblem: The Binding Blade Sharena vous pr\u00e9sente&#8230; G\u00e9n\u00e9ral vernal Narcian Hein\u2009? C&rsquo;est qui, celui-l\u00e0\u2009? H\u00e9, mais je sais\u2009! C&rsquo;est Narcian, habill\u00e9 pour le festival du printemps\u2009! D\u00e9sol\u00e9e, je ne m&rsquo;attendais pas \u00e0 le voir dans cette tenue. Cette tenue correspond au go\u00fbt de Narcian pour le raffinement. [&hellip;]","protected":false},"author":1,"featured_media":16869,"comment_status":"closed","ping_status":"closed","sticky":false,"template":"","format":"standard","meta":{"advanced_seo_description":"","jetpack_seo_html_title":"","jetpack_seo_noindex":false,"_jetpack_newsletter_access":"","_jetpack_dont_email_post_to_subs":false,"_jetpack_newsletter_tier_id":0,"_jetpack_memberships_contains_paywalled_content":false,"_locale":"fr_FR","_original_post":"https:\/\/guide.fire-emblem-heroes.com\/?p=16762","_jetpack_memberships_contains_paid_content":false,"footnotes":"","jetpack_publicize_message":"","jetpack_publicize_feature_enabled":true,"jetpack_social_post_already_shared":true,"jetpack_social_options":{"image_generator_settings":{"template":"highway","default_image_id":0,"font":"","enabled":false},"version":2},"_wpas_customize_per_network":false,"jetpack_post_was_ever_published":false},"categories":[1384,1405,1426,1390],"tags":[1410],"class_list":["post-16770","post","type-post","status-publish","format-standard","has-post-thumbnail","hentry","category-character","category-special_heroes","category-ex_works_the_binding_blade","category-stay_heroes","tag-heros-speciaux","fr-FR"],"jetpack_publicize_connections":[],"jetpack_featured_media_url":"https:\/\/guide.fire-emblem-heroes.com\/wp-content\/uploads\/nacien_vernal_general.png","jetpack_sharing_enabled":false,"jetpack_shortlink":"https:\/\/wp.me\/pa0Mj3-4mu","jetpack_likes_enabled":false,"amp_enabled":true,"_links":{"self":[{"href":"https:\/\/guide.fire-emblem-heroes.com\/wp-json\/wp\/v2\/posts\/16770","targetHints":{"allow":["GET"]}}],"collection":[{"href":"https:\/\/guide.fire-emblem-heroes.com\/wp-json\/wp\/v2\/posts"}],"about":[{"href":"https:\/\/guide.fire-emblem-heroes.com\/wp-json\/wp\/v2\/types\/post"}],"author":[{"embeddable":true,"href":"https:\/\/guide.fire-emblem-heroes.com\/wp-json\/wp\/v2\/users\/1"}],"replies":[{"embeddable":true,"href":"https:\/\/guide.fire-emblem-heroes.com\/wp-json\/wp\/v2\/comments?post=16770"}],"version-history":[{"count":1,"href":"https:\/\/guide.fire-emblem-heroes.com\/wp-json\/wp\/v2\/posts\/16770\/revisions"}],"predecessor-version":[{"id":16781,"href":"https:\/\/guide.fire-emblem-heroes.com\/wp-json\/wp\/v2\/posts\/16770\/revisions\/16781"}],"wp:featuredmedia":[{"embeddable":true,"href":"https:\/\/guide.fire-emblem-heroes.com\/wp-json\/wp\/v2\/media\/16869"}],"wp:attachment":[{"href":"https:\/\/guide.fire-emblem-heroes.com\/wp-json\/wp\/v2\/media?parent=16770"}],"wp:term":[{"taxonomy":"category","embeddable":true,"href":"https:\/\/guide.fire-emblem-heroes.com\/wp-json\/wp\/v2\/categories?post=16770"},{"taxonomy":"post_tag","embeddable":true,"href":"https:\/\/guide.fire-emblem-heroes.com\/wp-json\/wp\/v2\/tags?post=16770"}],"curies":[{"name":"wp","href":"https:\/\/api.w.org\/{rel}","templated":true}]}}