






{"id":17740,"date":"2020-04-16T12:26:46","date_gmt":"2020-04-16T03:26:46","guid":{"rendered":"https:\/\/guide.fire-emblem-heroes.com\/?p=17740"},"modified":"2020-05-20T16:38:07","modified_gmt":"2020-05-20T07:38:07","slug":"01001001000513-2","status":"publish","type":"post","link":"https:\/\/guide.fire-emblem-heroes.com\/fr\/01001001000513-2\/","title":{"rendered":"<span class=\"character_nick\">Descendant d&rsquo;Anri<\/span><span class=\"character_name\">Marth<\/span>"},"content":{"rendered":"<main id=\"CHARA_233\" class=\"main_page character\">\r\n            <article>\r\n                <section class=\"sec sec_character\">\r\n                    <ul class=\"sec_ul sec_ul--character slick-box\">\r\n                        <li class=\"sec_li sec_li--character\">\r\n                            <img decoding=\"async\" src=\"https:\/\/guide.fire-emblem-heroes.com\/wp-content\/uploads\/marth_legacied_hero_slide01.png\" alt=\"\" \/>\r\n                        <\/li>\r\n                        <li class=\"sec_li sec_li--character\">\r\n                            <img decoding=\"async\" src=\"https:\/\/guide.fire-emblem-heroes.com\/wp-content\/uploads\/marth_legacied_hero_slide02.png\" alt=\"\" \/>\r\n                        <\/li>\r\n                        <li class=\"sec_li sec_li--character\">\r\n                            <img decoding=\"async\" src=\"https:\/\/guide.fire-emblem-heroes.com\/wp-content\/uploads\/marth_legacied_hero_slide03.png\" alt=\"\" \/>\r\n                        <\/li>\r\n                        <li class=\"sec_li sec_li--character\">\r\n                            <img decoding=\"async\" src=\"https:\/\/guide.fire-emblem-heroes.com\/wp-content\/uploads\/marth_legacied_hero_slide04.png\" alt=\"\" \/>\r\n                        <\/li>\r\n                    <\/ul>\r\n                    <div class=\"sec_charainfoarea flex\">\r\n                        <div class=\"sec_gif\"><img loading=\"lazy\" decoding=\"async\" src=\"https:\/\/guide.fire-emblem-heroes.com\/wp-content\/uploads\/marth_legacied_hero.png\" alt=\"\" width=\"210\" height=\"190\"\/><\/div>\r\n                        <div class=\"sec_charainfo\">\r\n                            <p id=\"CHARA_233_002\" class=\"sec_characate sec_characate--special_heroes\">H\u00e9ros sp\u00e9ciaux<\/p>\r\n                            <p id=\"CHARA_233_003\" class=\"sec_charanick\">Descendant d&rsquo;Anri<\/p>\r\n                            <p id=\"CHARA_233_004\" class=\"sec_charaname\">Marth<\/p>\r\n                            <p id=\"CHARA_233_005\" class=\"sec_charaappearancetxt\">Appara\u00eet dans<\/p>\r\n                            <p id=\"CHARA_233_006\" class=\"sec_charaappearancetxt\">Fire Emblem: Mystery of the Emblem<\/p>\r\n                        <\/div>\r\n                    <\/div>\r\n                <\/section>\r\n            <\/article>\r\n            <article>\r\n                <section class=\"sec sec_characterarea\">\r\n                    <div class=\"sec_h2chara\">\r\n                        <p id=\"CHARA_233_007\" class=\"sec_h2charattl\">Sharena vous pr\u00e9sente&#8230;<\/p>\r\n                        <h2 id=\"CHARA_233_008\" class=\"sec_h2charatxt\">Descendant d&rsquo;Anri Marth<\/h2>\r\n                    <\/div>\r\n                    <dl class=\"sec_dl flex\">\r\n                        <dt id=\"CHARA_233_009\" class=\"sec_dt\">Voici un petit h\u00e9ros bien craquant\u2009! Vous le reconnaissez\u2009? Allez, devinez&#8230; Gagn\u00e9\u2009! C&rsquo;est le prince Marth d&rsquo;Altea\u2009!<\/dt>\r\n                        <dd class=\"sec_dd\">\r\n                            <a href=\"https:\/\/guide.fire-emblem-heroes.com\/wp-content\/uploads\/marth_legacied_hero_pop01.png\" class=\"popup-image\">\r\n                                <img decoding=\"async\" src=\"https:\/\/guide.fire-emblem-heroes.com\/wp-content\/uploads\/marth_legacied_hero_info01.png\" alt=\"\" \/>\r\n                            <\/a>\r\n                        <\/dd>\r\n                        <dt id=\"CHARA_233_010\" class=\"sec_dt\">Marth est le descendant d&rsquo;Anri, le h\u00e9ros qui a scell\u00e9 le Dragon d&rsquo;ombre Medeus. Ce n&rsquo;est qu&rsquo;un jeune gar\u00e7on ici, mais n&rsquo;est-il pas \u00e9l\u00e9gant\u2009?<\/dt>\r\n                        <dd class=\"sec_dd\">\r\n                            <a href=\"https:\/\/guide.fire-emblem-heroes.com\/wp-content\/uploads\/marth_legacied_hero_pop02.png\" class=\"popup-image\">\r\n                                <img decoding=\"async\" src=\"https:\/\/guide.fire-emblem-heroes.com\/wp-content\/uploads\/marth_legacied_hero_info02.png\" alt=\"\" \/>\r\n                            <\/a>\r\n                        <\/dd>\r\n                        <dt id=\"CHARA_233_011\" class=\"sec_dt\">Marth est d&rsquo;un naturel gentil, il faut dire qu&rsquo;il a pass\u00e9 son enfance aux c\u00f4t\u00e9s notamment de Jagen, Elice ou Merric. \u00c7a a d\u00fb l&rsquo;influencer\u2026<\/dt>\r\n                        <dd class=\"sec_dd\">\r\n                            <a href=\"https:\/\/guide.fire-emblem-heroes.com\/wp-content\/uploads\/marth_legacied_hero_pop03.png\" class=\"popup-image\">\r\n                                <img decoding=\"async\" src=\"https:\/\/guide.fire-emblem-heroes.com\/wp-content\/uploads\/marth_legacied_hero_info03.png\" alt=\"\" \/>\r\n                            <\/a>\r\n                        <\/dd>\r\n                        <dt id=\"CHARA_233_012\" class=\"sec_dt\">Le jeune Marth a un \u00e9norme potentiel. Je suis contente de savoir qu&rsquo;il \u00e9tait d\u00e9j\u00e0 gentil et noble \u00e0 cet \u00e2ge-l\u00e0 !<\/dt>\r\n                        <dd class=\"sec_dd\">\r\n                            <a href=\"https:\/\/guide.fire-emblem-heroes.com\/wp-content\/uploads\/marth_legacied_hero_pop04.png\" class=\"popup-image\">\r\n                                <img decoding=\"async\" src=\"https:\/\/guide.fire-emblem-heroes.com\/wp-content\/uploads\/marth_legacied_hero_info04.png\" alt=\"\" \/>\r\n                            <\/a>\r\n                        <\/dd>\r\n                    <\/dl>\r\n                    <h3 id=\"CHARA_233_013\" class=\"sec_h3charatxt\">Personnage li\u00e9 \u00e0<\/h3>\r\n                    <h4 id=\"CHARA_233_014\" class=\"sec_h4charatxt\">Jagen<\/h4>\r\n                    <p id=\"CHARA_233_015\" class=\"sec_charatxt\">Chevalier d&rsquo;Altea assign\u00e9 \u00e0 la protection de Marth depuis toujours. <\/p>\r\n                    <h4 id=\"CHARA_233_016\" class=\"sec_h4charatxt\">Merric<\/h4>\r\n                    <p id=\"CHARA_233_017\" class=\"sec_charatxt\">N\u00e9 au sein d&rsquo;une famille noble d&rsquo;Altea, il a grandi aux c\u00f4t\u00e9s d&rsquo;Elice et Marth qu&rsquo;il consid\u00e8re comme sa famille.<\/p>\r\n                <\/section>\r\n            <\/article>\r\n        <\/main>","protected":false},"excerpt":{"rendered":"H\u00e9ros sp\u00e9ciaux Descendant d&rsquo;Anri Marth Appara\u00eet dans Fire Emblem: Mystery of the Emblem Sharena vous pr\u00e9sente&#8230; Descendant d&rsquo;Anri Marth Voici un petit h\u00e9ros bien craquant\u2009! Vous le reconnaissez\u2009? Allez, devinez&#8230; Gagn\u00e9\u2009! C&rsquo;est le prince Marth d&rsquo;Altea\u2009! Marth est le descendant d&rsquo;Anri, le h\u00e9ros qui a scell\u00e9 le Dragon d&rsquo;ombre Medeus. Ce n&rsquo;est qu&rsquo;un jeune gar\u00e7on [&hellip;]","protected":false},"author":1,"featured_media":17842,"comment_status":"closed","ping_status":"closed","sticky":false,"template":"","format":"standard","meta":{"advanced_seo_description":"","jetpack_seo_html_title":"","jetpack_seo_noindex":false,"_jetpack_newsletter_access":"","_jetpack_dont_email_post_to_subs":false,"_jetpack_newsletter_tier_id":0,"_jetpack_memberships_contains_paywalled_content":false,"_locale":"fr_FR","_original_post":"https:\/\/guide.fire-emblem-heroes.com\/?p=17732","_jetpack_memberships_contains_paid_content":false,"footnotes":"","jetpack_publicize_message":"","jetpack_publicize_feature_enabled":true,"jetpack_social_post_already_shared":true,"jetpack_social_options":{"image_generator_settings":{"template":"highway","default_image_id":0,"font":"","enabled":false},"version":2},"_wpas_customize_per_network":false,"jetpack_post_was_ever_published":false},"categories":[1384,1424,1405,1390],"tags":[1410],"class_list":["post-17740","post","type-post","status-publish","format-standard","has-post-thumbnail","hentry","category-character","category-ex_works_mystery_of_the_emblem","category-special_heroes","category-stay_heroes","tag-heros-speciaux","fr-FR"],"jetpack_publicize_connections":[],"jetpack_featured_media_url":"https:\/\/guide.fire-emblem-heroes.com\/wp-content\/uploads\/marth_legacied_hero.png","jetpack_sharing_enabled":false,"jetpack_shortlink":"https:\/\/wp.me\/pa0Mj3-4C8","jetpack_likes_enabled":false,"amp_enabled":true,"_links":{"self":[{"href":"https:\/\/guide.fire-emblem-heroes.com\/wp-json\/wp\/v2\/posts\/17740","targetHints":{"allow":["GET"]}}],"collection":[{"href":"https:\/\/guide.fire-emblem-heroes.com\/wp-json\/wp\/v2\/posts"}],"about":[{"href":"https:\/\/guide.fire-emblem-heroes.com\/wp-json\/wp\/v2\/types\/post"}],"author":[{"embeddable":true,"href":"https:\/\/guide.fire-emblem-heroes.com\/wp-json\/wp\/v2\/users\/1"}],"replies":[{"embeddable":true,"href":"https:\/\/guide.fire-emblem-heroes.com\/wp-json\/wp\/v2\/comments?post=17740"}],"version-history":[{"count":1,"href":"https:\/\/guide.fire-emblem-heroes.com\/wp-json\/wp\/v2\/posts\/17740\/revisions"}],"predecessor-version":[{"id":17749,"href":"https:\/\/guide.fire-emblem-heroes.com\/wp-json\/wp\/v2\/posts\/17740\/revisions\/17749"}],"wp:featuredmedia":[{"embeddable":true,"href":"https:\/\/guide.fire-emblem-heroes.com\/wp-json\/wp\/v2\/media\/17842"}],"wp:attachment":[{"href":"https:\/\/guide.fire-emblem-heroes.com\/wp-json\/wp\/v2\/media?parent=17740"}],"wp:term":[{"taxonomy":"category","embeddable":true,"href":"https:\/\/guide.fire-emblem-heroes.com\/wp-json\/wp\/v2\/categories?post=17740"},{"taxonomy":"post_tag","embeddable":true,"href":"https:\/\/guide.fire-emblem-heroes.com\/wp-json\/wp\/v2\/tags?post=17740"}],"curies":[{"name":"wp","href":"https:\/\/api.w.org\/{rel}","templated":true}]}}