






{"id":18000,"date":"2020-04-27T12:53:07","date_gmt":"2020-04-27T03:53:07","guid":{"rendered":"https:\/\/guide.fire-emblem-heroes.com\/?p=18000"},"modified":"2021-03-16T13:13:10","modified_gmt":"2021-03-16T04:13:10","slug":"12002001000514-2","status":"publish","type":"post","link":"https:\/\/guide.fire-emblem-heroes.com\/fr\/12002001000514-2\/","title":{"rendered":"<span class=\"character_nick\">Empereur des Flammes<\/span><span class=\"character_name\">Edelgard<\/span>"},"content":{"rendered":"<main id=\"CHARA_237\" class=\"main_page character\">\r\n            <article>\r\n                <section class=\"sec sec_character\">\r\n                    <ul class=\"sec_ul sec_ul--character slick-box\">\r\n                        <li class=\"sec_li sec_li--character\">\r\n                            <img decoding=\"async\" src=\"https:\/\/guide.fire-emblem-heroes.com\/wp-content\/uploads\/edelgard_flame_emperor_slide01.png\" alt=\"\" \/>\r\n                        <\/li>\r\n                        <li class=\"sec_li sec_li--character\">\r\n                            <img decoding=\"async\" src=\"https:\/\/guide.fire-emblem-heroes.com\/wp-content\/uploads\/edelgard_flame_emperor_slide02.png\" alt=\"\" \/>\r\n                        <\/li>\r\n                        <li class=\"sec_li sec_li--character\">\r\n                            <img decoding=\"async\" src=\"https:\/\/guide.fire-emblem-heroes.com\/wp-content\/uploads\/edelgard_flame_emperor_slide03.png\" alt=\"\" \/>\r\n                        <\/li>\r\n                        <li class=\"sec_li sec_li--character\">\r\n                            <img decoding=\"async\" src=\"https:\/\/guide.fire-emblem-heroes.com\/wp-content\/uploads\/edelgard_flame_emperor_slide04.png\" alt=\"\" \/>\r\n                        <\/li>\r\n                    <\/ul>\r\n                    <div class=\"sec_charainfoarea flex\">\r\n                        <div class=\"sec_gif\"><img loading=\"lazy\" decoding=\"async\" src=\"https:\/\/guide.fire-emblem-heroes.com\/wp-content\/uploads\/edelgard_flame_emperor.png\" alt=\"\" width=\"210\" height=\"190\"\/><\/div>\r\n                        <div class=\"sec_charainfo\">\r\n                            <p id=\"CHARA_237_002\" class=\"sec_characate sec_characate--legendary_heroes\">H\u00e9ros sp\u00e9ciaux<\/p>\r\n                            <p id=\"CHARA_237_003\" class=\"sec_charanick\">Empereur des Flammes<\/p>\r\n                            <p id=\"CHARA_237_004\" class=\"sec_charaname\">Edelgard<\/p>\r\n                            <p id=\"CHARA_237_005\" class=\"sec_charaappearancetxt\">Appara\u00eet dans<\/p>\r\n                            <p id=\"CHARA_237_006\" class=\"sec_charaappearancetxt\">Fire Emblem: Three Houses<\/p>\r\n                        <\/div>\r\n                    <\/div>\r\n                <\/section>\r\n            <\/article>\r\n            <article>\r\n                <section class=\"sec sec_characterarea\">\r\n                    <div class=\"sec_h2chara\">\r\n                        <p id=\"CHARA_237_007\" class=\"sec_h2charattl\">Sharena vous pr\u00e9sente&#8230;<\/p>\r\n                        <h2 id=\"CHARA_237_008\" class=\"sec_h2charatxt\">Empereur des Flammes Edelgard<\/h2>\r\n                    <\/div>\r\n                    <dl class=\"sec_dl flex\">\r\n                        <dt id=\"CHARA_237_009\" class=\"sec_dt\">L&#8217;empire d&rsquo;Adrestia est la nation la plus ancienne du continent de F\u00f3dlan. En l&rsquo;ann\u00e9e imp\u00e9riale 1181, Edelgard, porteuse de l&#8217;embl\u00e8me de feu et de l&#8217;embl\u00e8me mineur de Seiros, a h\u00e9rit\u00e9 du tr\u00f4ne.<\/dt>\r\n                        <dd class=\"sec_dd\">\r\n                            <a href=\"https:\/\/guide.fire-emblem-heroes.com\/wp-content\/uploads\/edelgard_flame_emperor_pop01.png\" class=\"popup-image\">\r\n                                <img decoding=\"async\" src=\"https:\/\/guide.fire-emblem-heroes.com\/wp-content\/uploads\/edelgard_flame_emperor_info01.png\" alt=\"\" \/>\r\n                            <\/a>\r\n                        <\/dd>\r\n                        <dt id=\"CHARA_237_010\" class=\"sec_dt\">Quand Edelgard est mont\u00e9e sur le tr\u00f4ne, elle a soumis les nobles de l&#8217;empire, \u00e9tablissant un gouvernement direct de la monarchie.<\/dt>\r\n                        <dd class=\"sec_dd\">\r\n                            <a href=\"https:\/\/guide.fire-emblem-heroes.com\/wp-content\/uploads\/edelgard_flame_emperor_pop02.png\" class=\"popup-image\">\r\n                                <img decoding=\"async\" src=\"https:\/\/guide.fire-emblem-heroes.com\/wp-content\/uploads\/edelgard_flame_emperor_info02.png\" alt=\"\" \/>\r\n                            <\/a>\r\n                        <\/dd>\r\n                        <dt id=\"CHARA_237_011\" class=\"sec_dt\">Elle a ensuite d\u00e9clar\u00e9 la guerre \u00e0 l&rsquo;\u00c9glise de Seiros, qui exer\u00e7ait une influence consid\u00e9rable sur tout F\u00f3dlan, et finalement attaqu\u00e9 et conquis le monast\u00e8re de Garreg Mach, le si\u00e8ge de l&rsquo;\u00e9glise.<\/dt>\r\n                        <dd class=\"sec_dd\">\r\n                            <a href=\"https:\/\/guide.fire-emblem-heroes.com\/wp-content\/uploads\/edelgard_flame_emperor_pop03.png\" class=\"popup-image\">\r\n                                <img decoding=\"async\" src=\"https:\/\/guide.fire-emblem-heroes.com\/wp-content\/uploads\/edelgard_flame_emperor_info03.png\" alt=\"\" \/>\r\n                            <\/a>\r\n                        <\/dd>\r\n                        <dt id=\"CHARA_237_012\" class=\"sec_dt\">Apr\u00e8s s&rsquo;\u00eatre empar\u00e9e du monast\u00e8re, Edelgard a jet\u00e9 son d\u00e9volu sur le Saint Royaume de Faerghus et l&rsquo;Alliance de Leicester. Elle ne cessera le combat que lorsqu&rsquo;elle aura unifi\u00e9 F\u00f3dlan et \u00e9tabli un nouvel ordre mondial.<\/dt>\r\n                        <dd class=\"sec_dd\">\r\n                            <a href=\"https:\/\/guide.fire-emblem-heroes.com\/wp-content\/uploads\/edelgard_flame_emperor_pop04.png\" class=\"popup-image\">\r\n                                <img decoding=\"async\" src=\"https:\/\/guide.fire-emblem-heroes.com\/wp-content\/uploads\/edelgard_flame_emperor_info04.png\" alt=\"\" \/>\r\n                            <\/a>\r\n                        <\/dd>\r\n                    <\/dl>\r\n                    <h3 id=\"CHARA_237_013\" class=\"sec_h3charatxt\">Personnage li\u00e9 \u00e0<\/h3>\r\n                    <h4 id=\"CHARA_237_014\" class=\"sec_h4charatxt\">Hubert<\/h4>\r\n                    <p id=\"CHARA_237_015\" class=\"sec_charatxt\">Ministre de la maison imp\u00e9riale de l&rsquo;Empire d&rsquo;Adrestia, il est le fils l\u00e9gitime du marquis Vestra. Il a jur\u00e9 all\u00e9geance \u00e0 Edelgard.<\/p>\r\n                <\/section>\r\n            <\/article>\r\n        <\/main>","protected":false},"excerpt":{"rendered":"H\u00e9ros sp\u00e9ciaux Empereur des Flammes Edelgard Appara\u00eet dans Fire Emblem: Three Houses Sharena vous pr\u00e9sente&#8230; Empereur des Flammes Edelgard L&#8217;empire d&rsquo;Adrestia est la nation la plus ancienne du continent de F\u00f3dlan. En l&rsquo;ann\u00e9e imp\u00e9riale 1181, Edelgard, porteuse de l&#8217;embl\u00e8me de feu et de l&#8217;embl\u00e8me mineur de Seiros, a h\u00e9rit\u00e9 du tr\u00f4ne. Quand Edelgard est mont\u00e9e [&hellip;]","protected":false},"author":1,"featured_media":18026,"comment_status":"closed","ping_status":"closed","sticky":false,"template":"","format":"standard","meta":{"advanced_seo_description":"","jetpack_seo_html_title":"","jetpack_seo_noindex":false,"_jetpack_newsletter_access":"","_jetpack_dont_email_post_to_subs":false,"_jetpack_newsletter_tier_id":0,"_jetpack_memberships_contains_paywalled_content":false,"_locale":"fr_FR","_original_post":"https:\/\/guide.fire-emblem-heroes.com\/?p=17992","_jetpack_memberships_contains_paid_content":false,"footnotes":"","jetpack_publicize_message":"","jetpack_publicize_feature_enabled":true,"jetpack_social_post_already_shared":true,"jetpack_social_options":{"image_generator_settings":{"template":"highway","default_image_id":0,"font":"","enabled":false},"version":2},"_wpas_customize_per_network":false,"jetpack_post_was_ever_published":false},"categories":[1384,1434,1390,1388],"tags":[1396],"class_list":["post-18000","post","type-post","status-publish","format-standard","has-post-thumbnail","hentry","category-character","category-ex_works_three_houses","category-stay_heroes","category-legendary_heroes","tag-heros-legendaires","fr-FR"],"jetpack_publicize_connections":[],"jetpack_featured_media_url":"https:\/\/guide.fire-emblem-heroes.com\/wp-content\/uploads\/edelgard_flame_emperor.png","jetpack_sharing_enabled":false,"jetpack_shortlink":"https:\/\/wp.me\/pa0Mj3-4Gk","jetpack_likes_enabled":false,"amp_enabled":true,"_links":{"self":[{"href":"https:\/\/guide.fire-emblem-heroes.com\/wp-json\/wp\/v2\/posts\/18000","targetHints":{"allow":["GET"]}}],"collection":[{"href":"https:\/\/guide.fire-emblem-heroes.com\/wp-json\/wp\/v2\/posts"}],"about":[{"href":"https:\/\/guide.fire-emblem-heroes.com\/wp-json\/wp\/v2\/types\/post"}],"author":[{"embeddable":true,"href":"https:\/\/guide.fire-emblem-heroes.com\/wp-json\/wp\/v2\/users\/1"}],"replies":[{"embeddable":true,"href":"https:\/\/guide.fire-emblem-heroes.com\/wp-json\/wp\/v2\/comments?post=18000"}],"version-history":[{"count":2,"href":"https:\/\/guide.fire-emblem-heroes.com\/wp-json\/wp\/v2\/posts\/18000\/revisions"}],"predecessor-version":[{"id":25120,"href":"https:\/\/guide.fire-emblem-heroes.com\/wp-json\/wp\/v2\/posts\/18000\/revisions\/25120"}],"wp:featuredmedia":[{"embeddable":true,"href":"https:\/\/guide.fire-emblem-heroes.com\/wp-json\/wp\/v2\/media\/18026"}],"wp:attachment":[{"href":"https:\/\/guide.fire-emblem-heroes.com\/wp-json\/wp\/v2\/media?parent=18000"}],"wp:term":[{"taxonomy":"category","embeddable":true,"href":"https:\/\/guide.fire-emblem-heroes.com\/wp-json\/wp\/v2\/categories?post=18000"},{"taxonomy":"post_tag","embeddable":true,"href":"https:\/\/guide.fire-emblem-heroes.com\/wp-json\/wp\/v2\/tags?post=18000"}],"curies":[{"name":"wp","href":"https:\/\/api.w.org\/{rel}","templated":true}]}}