






{"id":18414,"date":"2020-05-18T11:11:49","date_gmt":"2020-05-18T02:11:49","guid":{"rendered":"https:\/\/guide.fire-emblem-heroes.com\/?p=18414"},"modified":"2020-06-19T16:03:40","modified_gmt":"2020-06-19T07:03:40","slug":"09007002000523-2","status":"publish","type":"post","link":"https:\/\/guide.fire-emblem-heroes.com\/fr\/09007002000523-2\/","title":{"rendered":"<span class=\"character_nick\">Ailes b\u00e9nies<\/span><span class=\"character_name\">Rafiel<\/span>"},"content":{"rendered":"<main id=\"CHARA_250\" class=\"main_page character\">\r\n            <article>\r\n                <section class=\"sec sec_character\">\r\n                    <ul class=\"sec_ul sec_ul--character slick-box\">\r\n                        <li class=\"sec_li sec_li--character\">\r\n                            <img decoding=\"async\" src=\"https:\/\/guide.fire-emblem-heroes.com\/wp-content\/uploads\/raphael_blessed_wings_slide01.png\" alt=\"\" \/>\r\n                        <\/li>\r\n                        <li class=\"sec_li sec_li--character\">\r\n                            <img decoding=\"async\" src=\"https:\/\/guide.fire-emblem-heroes.com\/wp-content\/uploads\/raphael_blessed_wings_slide02.png\" alt=\"\" \/>\r\n                        <\/li>\r\n                        <li class=\"sec_li sec_li--character\">\r\n                            <img decoding=\"async\" src=\"https:\/\/guide.fire-emblem-heroes.com\/wp-content\/uploads\/raphael_blessed_wings_slide03.png\" alt=\"\" \/>\r\n                        <\/li>\r\n                        <li class=\"sec_li sec_li--character\">\r\n                            <img decoding=\"async\" src=\"https:\/\/guide.fire-emblem-heroes.com\/wp-content\/uploads\/raphael_blessed_wings_slide04.png\" alt=\"\" \/>\r\n                        <\/li>\r\n                    <\/ul>\r\n                    <div class=\"sec_charainfoarea flex\">\r\n                        <div class=\"sec_gif\"><img loading=\"lazy\" decoding=\"async\" src=\"https:\/\/guide.fire-emblem-heroes.com\/wp-content\/uploads\/raphael_blessed_wings.png\" alt=\"\" width=\"210\" height=\"190\"\/><\/div>\r\n                        <div class=\"sec_charainfo\">\r\n                            <p id=\"CHARA_250_002\" class=\"sec_characate sec_characate--special_heroes\">H\u00e9ros sp\u00e9ciaux<\/p>\r\n                            <p id=\"CHARA_250_003\" class=\"sec_charanick\">Ailes b\u00e9nies<\/p>\r\n                            <p id=\"CHARA_250_004\" class=\"sec_charaname\">Rafiel<\/p>\r\n                            <p id=\"CHARA_250_005\" class=\"sec_charaappearancetxt\">Appara\u00eet dans<\/p>\r\n                            <p id=\"CHARA_250_006\" class=\"sec_charaappearancetxt\">Fire Emblem: Radiant Dawn<\/p>\r\n                        <\/div>\r\n                    <\/div>\r\n                <\/section>\r\n            <\/article>\r\n            <article>\r\n                <section class=\"sec sec_characterarea\">\r\n                    <div class=\"sec_h2chara\">\r\n                        <p id=\"CHARA_250_007\" class=\"sec_h2charattl\">Sharena vous pr\u00e9sente&#8230;<\/p>\r\n                        <h2 id=\"CHARA_250_008\" class=\"sec_h2charatxt\">Ailes b\u00e9nies Rafiel<\/h2>\r\n                    <\/div>\r\n                    <dl class=\"sec_dl flex\">\r\n                        <dt id=\"CHARA_250_009\" class=\"sec_dt\">Voici Rafiel, le premier prince du royaume d\u00e9chu de Serenes, dans son costume de mari\u00e9\u2009! Il a toujours \u00e9t\u00e9 d&rsquo;une beaut\u00e9 \u00e0 couper le souffle, mais l\u00e0, il est plus \u00e9l\u00e9gant que jamais\u2009!<\/dt>\r\n                        <dd class=\"sec_dd\">\r\n                            <a href=\"https:\/\/guide.fire-emblem-heroes.com\/wp-content\/uploads\/raphael_blessed_wings_pop01.png\" class=\"popup-image\">\r\n                                <img decoding=\"async\" src=\"https:\/\/guide.fire-emblem-heroes.com\/wp-content\/uploads\/raphael_blessed_wings_info01.png\" alt=\"\" \/>\r\n                            <\/a>\r\n                        <\/dd>\r\n                        <dt id=\"CHARA_250_010\" class=\"sec_dt\">Son costume illustre bien le style de Serenes avec ses nuances de blancs, mais le haut est inspir\u00e9 d&rsquo;Hatary, en l&rsquo;honneur du pays de sa partenaire, Nailah.<\/dt>\r\n                        <dd class=\"sec_dd\">\r\n                            <a href=\"https:\/\/guide.fire-emblem-heroes.com\/wp-content\/uploads\/raphael_blessed_wings_pop02.png\" class=\"popup-image\">\r\n                                <img decoding=\"async\" src=\"https:\/\/guide.fire-emblem-heroes.com\/wp-content\/uploads\/raphael_blessed_wings_info02.png\" alt=\"\" \/>\r\n                            <\/a>\r\n                        <\/dd>\r\n                        <dt id=\"CHARA_250_011\" class=\"sec_dt\">De m\u00eame, les fleurs qu&rsquo;il porte sont d&rsquo;une vari\u00e9t\u00e9 unique qui ne pousse que dans le d\u00e9sert autour d&rsquo;Hatary. Elles sont belles, hein\u2009?<\/dt>\r\n                        <dd class=\"sec_dd\">\r\n                            <a href=\"https:\/\/guide.fire-emblem-heroes.com\/wp-content\/uploads\/raphael_blessed_wings_pop03.png\" class=\"popup-image\">\r\n                                <img decoding=\"async\" src=\"https:\/\/guide.fire-emblem-heroes.com\/wp-content\/uploads\/raphael_blessed_wings_info03.png\" alt=\"\" \/>\r\n                            <\/a>\r\n                        <\/dd>\r\n                        <dt id=\"CHARA_250_012\" class=\"sec_dt\">Rafiel et Nailah s&rsquo;adorent, mais quand elle le verra dans cette tenue, elle redeviendra amoureuse comme au premier jour, j&rsquo;en suis s\u00fbre \u2009! J&rsquo;esp\u00e8re qu&rsquo;ils vivront heureux pour toujours\u2009!<\/dt>\r\n                        <dd class=\"sec_dd\">\r\n                            <a href=\"https:\/\/guide.fire-emblem-heroes.com\/wp-content\/uploads\/raphael_blessed_wings_pop04.png\" class=\"popup-image\">\r\n                                <img decoding=\"async\" src=\"https:\/\/guide.fire-emblem-heroes.com\/wp-content\/uploads\/raphael_blessed_wings_info04.png\" alt=\"\" \/>\r\n                            <\/a>\r\n                        <\/dd>\r\n                    <\/dl>\r\n                    <h3 id=\"CHARA_250_013\" class=\"sec_h3charatxt\">Personnage li\u00e9 \u00e0<\/h3>\r\n                    <h4 id=\"CHARA_250_014\" class=\"sec_h4charatxt\">Nailah<\/h4>\r\n                    <p id=\"CHARA_250_015\" class=\"sec_charatxt\">Reine d&rsquo;Hatary, une nation du d\u00e9sert \u00e9voqu\u00e9e dans les l\u00e9gendes. Son bandeau dissimule un mauvais \u0153il. Elle est la partenaire de Rafiel.<\/p>\r\n                    <h4 id=\"CHARA_250_016\" class=\"sec_h4charatxt\">Reyson<\/h4>\r\n                    <p id=\"CHARA_250_017\" class=\"sec_charatxt\">Prince de Serenes, l&rsquo;ancien domaine des Laguz h\u00e9rons, et fr\u00e8re de Leanne. Derri\u00e8re son apparence inoffensive se cache une volont\u00e9 de fer.<\/p>\r\n                    <h4 id=\"CHARA_250_018\" class=\"sec_h4charatxt\">Leanne<\/h4>\r\n                    <p id=\"CHARA_250_019\" class=\"sec_charatxt\">Princesse de Serenes et s\u0153ur cadette de Rafiel et Reyson. Elle parle la langue ancienne et ne ma\u00eetrise pas encore celle de Tellius.<\/p>\r\n                <\/section>\r\n            <\/article>\r\n        <\/main>","protected":false},"excerpt":{"rendered":"H\u00e9ros sp\u00e9ciaux Ailes b\u00e9nies Rafiel Appara\u00eet dans Fire Emblem: Radiant Dawn Sharena vous pr\u00e9sente&#8230; Ailes b\u00e9nies Rafiel Voici Rafiel, le premier prince du royaume d\u00e9chu de Serenes, dans son costume de mari\u00e9\u2009! Il a toujours \u00e9t\u00e9 d&rsquo;une beaut\u00e9 \u00e0 couper le souffle, mais l\u00e0, il est plus \u00e9l\u00e9gant que jamais\u2009! Son costume illustre bien le [&hellip;]","protected":false},"author":1,"featured_media":18538,"comment_status":"closed","ping_status":"closed","sticky":false,"template":"","format":"standard","meta":{"advanced_seo_description":"","jetpack_seo_html_title":"","jetpack_seo_noindex":false,"_jetpack_newsletter_access":"","_jetpack_dont_email_post_to_subs":false,"_jetpack_newsletter_tier_id":0,"_jetpack_memberships_contains_paywalled_content":false,"_locale":"fr_FR","_original_post":"https:\/\/guide.fire-emblem-heroes.com\/?p=18406","_jetpack_memberships_contains_paid_content":false,"footnotes":"","jetpack_publicize_message":"","jetpack_publicize_feature_enabled":true,"jetpack_social_post_already_shared":true,"jetpack_social_options":{"image_generator_settings":{"template":"highway","default_image_id":0,"font":"","enabled":false},"version":2},"_wpas_customize_per_network":false,"jetpack_post_was_ever_published":false},"categories":[1384,1405,1390,1430],"tags":[1410],"class_list":["post-18414","post","type-post","status-publish","format-standard","has-post-thumbnail","hentry","category-character","category-special_heroes","category-stay_heroes","category-ex_works_radiant_dawn","tag-heros-speciaux","fr-FR"],"jetpack_publicize_connections":[],"jetpack_featured_media_url":"https:\/\/guide.fire-emblem-heroes.com\/wp-content\/uploads\/raphael_blessed_wings.png","jetpack_sharing_enabled":false,"jetpack_shortlink":"https:\/\/wp.me\/pa0Mj3-4N0","jetpack_likes_enabled":false,"amp_enabled":true,"_links":{"self":[{"href":"https:\/\/guide.fire-emblem-heroes.com\/wp-json\/wp\/v2\/posts\/18414","targetHints":{"allow":["GET"]}}],"collection":[{"href":"https:\/\/guide.fire-emblem-heroes.com\/wp-json\/wp\/v2\/posts"}],"about":[{"href":"https:\/\/guide.fire-emblem-heroes.com\/wp-json\/wp\/v2\/types\/post"}],"author":[{"embeddable":true,"href":"https:\/\/guide.fire-emblem-heroes.com\/wp-json\/wp\/v2\/users\/1"}],"replies":[{"embeddable":true,"href":"https:\/\/guide.fire-emblem-heroes.com\/wp-json\/wp\/v2\/comments?post=18414"}],"version-history":[{"count":1,"href":"https:\/\/guide.fire-emblem-heroes.com\/wp-json\/wp\/v2\/posts\/18414\/revisions"}],"predecessor-version":[{"id":18425,"href":"https:\/\/guide.fire-emblem-heroes.com\/wp-json\/wp\/v2\/posts\/18414\/revisions\/18425"}],"wp:featuredmedia":[{"embeddable":true,"href":"https:\/\/guide.fire-emblem-heroes.com\/wp-json\/wp\/v2\/media\/18538"}],"wp:attachment":[{"href":"https:\/\/guide.fire-emblem-heroes.com\/wp-json\/wp\/v2\/media?parent=18414"}],"wp:term":[{"taxonomy":"category","embeddable":true,"href":"https:\/\/guide.fire-emblem-heroes.com\/wp-json\/wp\/v2\/categories?post=18414"},{"taxonomy":"post_tag","embeddable":true,"href":"https:\/\/guide.fire-emblem-heroes.com\/wp-json\/wp\/v2\/tags?post=18414"}],"curies":[{"name":"wp","href":"https:\/\/api.w.org\/{rel}","templated":true}]}}