






{"id":19209,"date":"2020-06-26T12:11:26","date_gmt":"2020-06-26T03:11:26","guid":{"rendered":"https:\/\/guide.fire-emblem-heroes.com\/?p=19209"},"modified":"2020-07-07T16:09:22","modified_gmt":"2020-07-07T07:09:22","slug":"03051001000536-2","status":"publish","type":"post","link":"https:\/\/guide.fire-emblem-heroes.com\/fr\/03051001000536-2\/","title":{"rendered":"<span class=\"character_nick\">H\u00e9ros de la lumi\u00e8re<\/span><span class=\"character_name\">Seliph<\/span>"},"content":{"rendered":"<main id=\"CHARA_269\" class=\"main_page character\">\r\n            <article>\r\n                <section class=\"sec sec_character\">\r\n                    <ul class=\"sec_ul sec_ul--character slick-box\">\r\n                        <li class=\"sec_li sec_li--character\">\r\n                            <img decoding=\"async\" src=\"https:\/\/guide.fire-emblem-heroes.com\/wp-content\/uploads\/celice_scion_of_light_slide01.png\" alt=\"\" \/>\r\n                        <\/li>\r\n                        <li class=\"sec_li sec_li--character\">\r\n                            <img decoding=\"async\" src=\"https:\/\/guide.fire-emblem-heroes.com\/wp-content\/uploads\/celice_scion_of_light_slide02.png\" alt=\"\" \/>\r\n                        <\/li>\r\n                        <li class=\"sec_li sec_li--character\">\r\n                            <img decoding=\"async\" src=\"https:\/\/guide.fire-emblem-heroes.com\/wp-content\/uploads\/celice_scion_of_light_slide03.png\" alt=\"\" \/>\r\n                        <\/li>\r\n                        <li class=\"sec_li sec_li--character\">\r\n                            <img decoding=\"async\" src=\"https:\/\/guide.fire-emblem-heroes.com\/wp-content\/uploads\/celice_scion_of_light_slide04.png\" alt=\"\" \/>\r\n                        <\/li>\r\n                    <\/ul>\r\n                    <div class=\"sec_charainfoarea flex\">\r\n                        <div class=\"sec_gif\"><img loading=\"lazy\" decoding=\"async\" src=\"https:\/\/guide.fire-emblem-heroes.com\/wp-content\/uploads\/celice_scion_of_light.png\" alt=\"\" width=\"210\" height=\"190\"\/><\/div>\r\n                        <div class=\"sec_charainfo\">\r\n                            <p id=\"CHARA_269_002\" class=\"sec_characate sec_characate--legendary_heroes\">H\u00e9ros l\u00e9gendaires<\/p>\r\n                            <p id=\"CHARA_269_003\" class=\"sec_charanick\">H\u00e9ros de la lumi\u00e8re<\/p>\r\n                            <p id=\"CHARA_269_004\" class=\"sec_charaname\">Seliph<\/p>\r\n                            <p id=\"CHARA_269_005\" class=\"sec_charaappearancetxt\">Appara\u00eet dans<\/p>\r\n                            <p id=\"CHARA_269_006\" class=\"sec_charaappearancetxt\">Fire Emblem: Genealogy of the Holy War<\/p>\r\n                        <\/div>\r\n                    <\/div>\r\n                <\/section>\r\n            <\/article>\r\n            <article>\r\n                <section class=\"sec sec_characterarea\">\r\n                    <div class=\"sec_h2chara\">\r\n                        <p id=\"CHARA_269_007\" class=\"sec_h2charattl\">Sharena vous pr\u00e9sente&#8230;<\/p>\r\n                        <h2 id=\"CHARA_269_008\" class=\"sec_h2charatxt\">H\u00e9ros de la lumi\u00e8re Seliph<\/h2>\r\n                    <\/div>\r\n                    <dl class=\"sec_dl flex\">\r\n                        <dt id=\"CHARA_269_009\" class=\"sec_dt\">Seliph est le fils de Sigurd et Deirdre. Comme son p\u00e8re, il a h\u00e9rit\u00e9 de la puissance du crois\u00e9 Baldr et montre un incroyable talent \u00e0 l&rsquo;\u00e9p\u00e9e.<\/dt>\r\n                        <dd class=\"sec_dd\">\r\n                            <a href=\"https:\/\/guide.fire-emblem-heroes.com\/wp-content\/uploads\/celice_scion_of_light_pop01.png\" class=\"popup-image\">\r\n                                <img decoding=\"async\" src=\"https:\/\/guide.fire-emblem-heroes.com\/wp-content\/uploads\/celice_scion_of_light_info01.png\" alt=\"\" \/>\r\n                            <\/a>\r\n                        <\/dd>\r\n                        <dt id=\"CHARA_269_010\" class=\"sec_dt\">Seliph a beau \u00eatre issu d&rsquo;une noble lign\u00e9e, sa prime jeunesse fut un long combat. Sa m\u00e8re, Deirdre, a \u00e9t\u00e9 enlev\u00e9e par l&rsquo;\u00c9glise de Loptr, tandis que son p\u00e8re, Sigurd, a perdu la vie lors des troubles politiques qui ont marqu\u00e9 le royaume de Grannvale.<\/dt>\r\n                        <dd class=\"sec_dd\">\r\n                            <a href=\"https:\/\/guide.fire-emblem-heroes.com\/wp-content\/uploads\/celice_scion_of_light_pop02.png\" class=\"popup-image\">\r\n                                <img decoding=\"async\" src=\"https:\/\/guide.fire-emblem-heroes.com\/wp-content\/uploads\/celice_scion_of_light_info02.png\" alt=\"\" \/>\r\n                            <\/a>\r\n                        <\/dd>\r\n                        <dt id=\"CHARA_269_011\" class=\"sec_dt\">Encore b\u00e9b\u00e9, Seliph a \u00e9t\u00e9 amen\u00e9 \u00e0 Isaach, o\u00f9 il est devenu un grand et fort jeune homme. Il a ensuite veng\u00e9 son p\u00e8re en renversant le nouvel empire de Grannvale, qui dirigeait le continent d&rsquo;une poigne de fer.<\/dt>\r\n                        <dd class=\"sec_dd\">\r\n                            <a href=\"https:\/\/guide.fire-emblem-heroes.com\/wp-content\/uploads\/celice_scion_of_light_pop03.png\" class=\"popup-image\">\r\n                                <img decoding=\"async\" src=\"https:\/\/guide.fire-emblem-heroes.com\/wp-content\/uploads\/celice_scion_of_light_info03.png\" alt=\"\" \/>\r\n                            <\/a>\r\n                        <\/dd>\r\n                        <dt id=\"CHARA_269_012\" class=\"sec_dt\">Combattant aux c\u00f4t\u00e9s de sa demi-s\u0153ur Julia, Seliph a vaincu Grannvale. Quand ses sujets l&rsquo;ont vu portant Tyrfing, la lame de son p\u00e8re, ils l&rsquo;ont surnomm\u00e9 \u00ab H\u00e9ros de la lumi\u00e8re \u00bb.<\/dt>\r\n                        <dd class=\"sec_dd\">\r\n                            <a href=\"https:\/\/guide.fire-emblem-heroes.com\/wp-content\/uploads\/celice_scion_of_light_pop04.png\" class=\"popup-image\">\r\n                                <img decoding=\"async\" src=\"https:\/\/guide.fire-emblem-heroes.com\/wp-content\/uploads\/celice_scion_of_light_info04.png\" alt=\"\" \/>\r\n                            <\/a>\r\n                        <\/dd>\r\n                    <\/dl>\r\n                    <h3 id=\"CHARA_269_013\" class=\"sec_h3charatxt\">Personnage li\u00e9 \u00e0<\/h3>\r\n                    <h4 id=\"CHARA_269_014\" class=\"sec_h4charatxt\">Sigurd<\/h4>\r\n                    <p id=\"CHARA_269_015\" class=\"sec_charatxt\">H\u00e9ritier du duch\u00e9 de Chalphy, descendant du crois\u00e9 Baldr et p\u00e8re de Seliph. Est courageux et dot\u00e9 d&rsquo;un grand sens de la justice.<\/p>\r\n                    <h4 id=\"CHARA_269_016\" class=\"sec_h4charatxt\">Deirdre<\/h4>\r\n                    <p id=\"CHARA_269_017\" class=\"sec_charatxt\">Habitante de la for\u00eat des esprits. N&rsquo;a aucun souvenir de son pass\u00e9 et vit cach\u00e9e. Elle est la m\u00e8re de Seliph.<\/p>\r\n                    <h4 id=\"CHARA_269_018\" class=\"sec_h4charatxt\">Julia<\/h4>\r\n                    <p id=\"CHARA_269_019\" class=\"sec_charatxt\">H\u00e9riti\u00e8re du Livre de Naga. Demi-s\u0153ur de Seliph par sa m\u00e8re. Calme, elle poss\u00e8de aussi la force d&rsquo;affronter son destin.<\/p>\r\n                <\/section>\r\n            <\/article>\r\n        <\/main>","protected":false},"excerpt":{"rendered":"H\u00e9ros l\u00e9gendaires H\u00e9ros de la lumi\u00e8re Seliph Appara\u00eet dans Fire Emblem: Genealogy of the Holy War Sharena vous pr\u00e9sente&#8230; H\u00e9ros de la lumi\u00e8re Seliph Seliph est le fils de Sigurd et Deirdre. Comme son p\u00e8re, il a h\u00e9rit\u00e9 de la puissance du crois\u00e9 Baldr et montre un incroyable talent \u00e0 l&rsquo;\u00e9p\u00e9e. Seliph a beau \u00eatre [&hellip;]","protected":false},"author":1,"featured_media":19347,"comment_status":"closed","ping_status":"closed","sticky":false,"template":"","format":"standard","meta":{"advanced_seo_description":"","jetpack_seo_html_title":"","jetpack_seo_noindex":false,"_jetpack_newsletter_access":"","_jetpack_dont_email_post_to_subs":false,"_jetpack_newsletter_tier_id":0,"_jetpack_memberships_contains_paywalled_content":false,"_locale":"fr_FR","_original_post":"https:\/\/guide.fire-emblem-heroes.com\/?p=19201","_jetpack_memberships_contains_paid_content":false,"footnotes":"","jetpack_publicize_message":"","jetpack_publicize_feature_enabled":true,"jetpack_social_post_already_shared":true,"jetpack_social_options":{"image_generator_settings":{"template":"highway","default_image_id":0,"font":"","enabled":false},"version":2},"_wpas_customize_per_network":false,"jetpack_post_was_ever_published":false},"categories":[1384,1436,1390,1388],"tags":[1396],"class_list":["post-19209","post","type-post","status-publish","format-standard","has-post-thumbnail","hentry","category-character","category-ex_works_genealogy_of_the_holy_war","category-stay_heroes","category-legendary_heroes","tag-heros-legendaires","fr-FR"],"jetpack_publicize_connections":[],"jetpack_featured_media_url":"https:\/\/guide.fire-emblem-heroes.com\/wp-content\/uploads\/celice_scion_of_light.png","jetpack_sharing_enabled":false,"jetpack_shortlink":"https:\/\/wp.me\/pa0Mj3-4ZP","jetpack_likes_enabled":false,"amp_enabled":true,"_links":{"self":[{"href":"https:\/\/guide.fire-emblem-heroes.com\/wp-json\/wp\/v2\/posts\/19209","targetHints":{"allow":["GET"]}}],"collection":[{"href":"https:\/\/guide.fire-emblem-heroes.com\/wp-json\/wp\/v2\/posts"}],"about":[{"href":"https:\/\/guide.fire-emblem-heroes.com\/wp-json\/wp\/v2\/types\/post"}],"author":[{"embeddable":true,"href":"https:\/\/guide.fire-emblem-heroes.com\/wp-json\/wp\/v2\/users\/1"}],"replies":[{"embeddable":true,"href":"https:\/\/guide.fire-emblem-heroes.com\/wp-json\/wp\/v2\/comments?post=19209"}],"version-history":[{"count":1,"href":"https:\/\/guide.fire-emblem-heroes.com\/wp-json\/wp\/v2\/posts\/19209\/revisions"}],"predecessor-version":[{"id":19218,"href":"https:\/\/guide.fire-emblem-heroes.com\/wp-json\/wp\/v2\/posts\/19209\/revisions\/19218"}],"wp:featuredmedia":[{"embeddable":true,"href":"https:\/\/guide.fire-emblem-heroes.com\/wp-json\/wp\/v2\/media\/19347"}],"wp:attachment":[{"href":"https:\/\/guide.fire-emblem-heroes.com\/wp-json\/wp\/v2\/media?parent=19209"}],"wp:term":[{"taxonomy":"category","embeddable":true,"href":"https:\/\/guide.fire-emblem-heroes.com\/wp-json\/wp\/v2\/categories?post=19209"},{"taxonomy":"post_tag","embeddable":true,"href":"https:\/\/guide.fire-emblem-heroes.com\/wp-json\/wp\/v2\/tags?post=19209"}],"curies":[{"name":"wp","href":"https:\/\/api.w.org\/{rel}","templated":true}]}}