






{"id":20569,"date":"2020-08-28T12:34:36","date_gmt":"2020-08-28T03:34:36","guid":{"rendered":"https:\/\/guide.fire-emblem-heroes.com\/?p=20569"},"modified":"2020-09-07T16:20:27","modified_gmt":"2020-09-07T07:20:27","slug":"11001002000559-2","status":"publish","type":"post","link":"https:\/\/guide.fire-emblem-heroes.com\/fr\/11001002000559-2\/","title":{"rendered":"<span class=\"character_nick\">Fille de l&rsquo;obscurit\u00e9<\/span><span class=\"character_name\">Corrin<\/span>"},"content":{"rendered":"<main id=\"CHARA_302\" class=\"main_page character\">\r\n            <article>\r\n                <section class=\"sec sec_character\">\r\n                    <ul class=\"sec_ul sec_ul--character slick-box\">\r\n                        <li class=\"sec_li sec_li--character\">\r\n                            <img decoding=\"async\" src=\"https:\/\/guide.fire-emblem-heroes.com\/wp-content\/uploads\/kamui_child_of_dusk_slide01.png\" alt=\"\" \/>\r\n                        <\/li>\r\n                        <li class=\"sec_li sec_li--character\">\r\n                            <img decoding=\"async\" src=\"https:\/\/guide.fire-emblem-heroes.com\/wp-content\/uploads\/kamui_child_of_dusk_slide02.png\" alt=\"\" \/>\r\n                        <\/li>\r\n                        <li class=\"sec_li sec_li--character\">\r\n                            <img decoding=\"async\" src=\"https:\/\/guide.fire-emblem-heroes.com\/wp-content\/uploads\/kamui_child_of_dusk_slide03.png\" alt=\"\" \/>\r\n                        <\/li>\r\n                        <li class=\"sec_li sec_li--character\">\r\n                            <img decoding=\"async\" src=\"https:\/\/guide.fire-emblem-heroes.com\/wp-content\/uploads\/kamui_child_of_dusk_slide04.png\" alt=\"\" \/>\r\n                        <\/li>\r\n                    <\/ul>\r\n                    <div class=\"sec_charainfoarea flex\">\r\n                        <div class=\"sec_gif\"><img loading=\"lazy\" decoding=\"async\" src=\"https:\/\/guide.fire-emblem-heroes.com\/wp-content\/uploads\/kamui_child_of_dusk.png\" alt=\"\" width=\"210\" height=\"190\"\/><\/div>\r\n                        <div class=\"sec_charainfo\">\r\n                            <p id=\"CHARA_302_002\" class=\"sec_characate sec_characate--legendary_heroes\">H\u00e9ros l\u00e9gendaires<\/p>\r\n                            <p id=\"CHARA_302_003\" class=\"sec_charanick\">Fille de l&rsquo;obscurit\u00e9<\/p>\r\n                            <p id=\"CHARA_302_004\" class=\"sec_charaname\">Corrin<\/p>\r\n                            <p id=\"CHARA_302_005\" class=\"sec_charaappearancetxt\">Appara\u00eet dans<\/p>\r\n                            <p id=\"CHARA_302_006\" class=\"sec_charaappearancetxt\">Fire Emblem Fates<\/p>\r\n                        <\/div>\r\n                    <\/div>\r\n                <\/section>\r\n            <\/article>\r\n            <article>\r\n                <section class=\"sec sec_characterarea\">\r\n                    <div class=\"sec_h2chara\">\r\n                        <p id=\"CHARA_302_007\" class=\"sec_h2charattl\">Sharena vous pr\u00e9sente&#8230;<\/p>\r\n                        <h2 id=\"CHARA_302_008\" class=\"sec_h2charatxt\">Fille de l&rsquo;obscurit\u00e9 Corrin<\/h2>\r\n                    <\/div>\r\n                    <dl class=\"sec_dl flex\">\r\n                        <dt id=\"CHARA_302_009\" class=\"sec_dt\">Voici Corrin, la princesse maudite\u2009! N\u00e9e au sein de la famille royale d&rsquo;Hoshido, elle a \u00e9t\u00e9 enlev\u00e9e par Nohr et \u00e9lev\u00e9e comme une membre de la royaut\u00e9 de ce pays.<\/dt>\r\n                        <dd class=\"sec_dd\">\r\n                            <a href=\"https:\/\/guide.fire-emblem-heroes.com\/wp-content\/uploads\/kamui_child_of_dusk_pop01.png\" class=\"popup-image\">\r\n                                <img decoding=\"async\" src=\"https:\/\/guide.fire-emblem-heroes.com\/wp-content\/uploads\/kamui_child_of_dusk_info01.png\" alt=\"\" \/>\r\n                            <\/a>\r\n                        <\/dd>\r\n                        <dt id=\"CHARA_302_010\" class=\"sec_dt\">Apr\u00e8s avoir appris la v\u00e9rit\u00e9 sur ses origines, elle a \u00e9t\u00e9 forc\u00e9e de choisir entre les deux royaumes. Corrin a d\u00e9cid\u00e9 de rester avec ses fr\u00e8res et s\u0153urs de c\u0153ur en Nohr.<\/dt>\r\n                        <dd class=\"sec_dd\">\r\n                            <a href=\"https:\/\/guide.fire-emblem-heroes.com\/wp-content\/uploads\/kamui_child_of_dusk_pop02.png\" class=\"popup-image\">\r\n                                <img decoding=\"async\" src=\"https:\/\/guide.fire-emblem-heroes.com\/wp-content\/uploads\/kamui_child_of_dusk_info02.png\" alt=\"\" \/>\r\n                            <\/a>\r\n                        <\/dd>\r\n                        <dt id=\"CHARA_302_011\" class=\"sec_dt\">Elle s&rsquo;est pourtant oppos\u00e9e \u00e0 Garon, le roi de Nohr. Pour mettre fin au conflit qui a suivi, Corrin et ses fr\u00e8res et s\u0153urs ont combattu le p\u00e8re corrompu, transform\u00e9 en monstre\u2009!<\/dt>\r\n                        <dd class=\"sec_dd\">\r\n                            <a href=\"https:\/\/guide.fire-emblem-heroes.com\/wp-content\/uploads\/kamui_child_of_dusk_pop03.png\" class=\"popup-image\">\r\n                                <img decoding=\"async\" src=\"https:\/\/guide.fire-emblem-heroes.com\/wp-content\/uploads\/kamui_child_of_dusk_info03.png\" alt=\"\" \/>\r\n                            <\/a>\r\n                        <\/dd>\r\n                        <dt id=\"CHARA_302_012\" class=\"sec_dt\">Garon a \u00e9t\u00e9 vaincu, Corrin et sa famille ont surv\u00e9cu. Ils ont \u0153uvr\u00e9 ensuite \u00e0 la reconstruction de Nohr et men\u00e9 leur peuple au nom de la justice.<\/dt>\r\n                        <dd class=\"sec_dd\">\r\n                            <a href=\"https:\/\/guide.fire-emblem-heroes.com\/wp-content\/uploads\/kamui_child_of_dusk_pop04.png\" class=\"popup-image\">\r\n                                <img decoding=\"async\" src=\"https:\/\/guide.fire-emblem-heroes.com\/wp-content\/uploads\/kamui_child_of_dusk_info04.png\" alt=\"\" \/>\r\n                            <\/a>\r\n                        <\/dd>\r\n                    <\/dl>\r\n                    <h3 id=\"CHARA_302_013\" class=\"sec_h3charatxt\">Personnage li\u00e9 \u00e0<\/h3>\r\n                    <h4 id=\"CHARA_302_014\" class=\"sec_h4charatxt\">Xander<\/h4>\r\n                    <p id=\"CHARA_302_015\" class=\"sec_charatxt\">Fr\u00e8re a\u00een\u00e9 de Corrin et prince de Nohr respect\u00e9 pour ses exploits militaires, il porte la lame divine Siegfried.<\/p>\r\n                    <h4 id=\"CHARA_302_016\" class=\"sec_h4charatxt\">Camilla<\/h4>\r\n                    <p id=\"CHARA_302_017\" class=\"sec_charatxt\">Princesse de Nohr qui adore Corrin et ne fait preuve d&rsquo;aucune piti\u00e9 envers ses ennemis.<\/p>\r\n                    <h4 id=\"CHARA_302_018\" class=\"sec_h4charatxt\">Leo<\/h4>\r\n                    <p id=\"CHARA_302_019\" class=\"sec_charatxt\">Jeune fr\u00e8re de Corrin, ce talentueux prince de Nohr porte le tome divin Brynhildr.<\/p>\r\n                    <h4 id=\"CHARA_302_020\" class=\"sec_h4charatxt\">Elise<\/h4>\r\n                    <p id=\"CHARA_302_021\" class=\"sec_charatxt\">Petite s\u0153ur de Corrin, cette princesse de Nohr adore ses fr\u00e8res et s\u0153urs. Son esprit est pur et enfantin, et son regard aiguis\u00e9.<\/p>\r\n                <\/section>\r\n            <\/article>\r\n        <\/main>","protected":false},"excerpt":{"rendered":"H\u00e9ros l\u00e9gendaires Fille de l&rsquo;obscurit\u00e9 Corrin Appara\u00eet dans Fire Emblem Fates Sharena vous pr\u00e9sente&#8230; Fille de l&rsquo;obscurit\u00e9 Corrin Voici Corrin, la princesse maudite\u2009! N\u00e9e au sein de la famille royale d&rsquo;Hoshido, elle a \u00e9t\u00e9 enlev\u00e9e par Nohr et \u00e9lev\u00e9e comme une membre de la royaut\u00e9 de ce pays. Apr\u00e8s avoir appris la v\u00e9rit\u00e9 sur ses [&hellip;]","protected":false},"author":1,"featured_media":20730,"comment_status":"closed","ping_status":"closed","sticky":false,"template":"","format":"standard","meta":{"advanced_seo_description":"","jetpack_seo_html_title":"","jetpack_seo_noindex":false,"jetpack_post_was_ever_published":false,"_jetpack_newsletter_access":"","_jetpack_dont_email_post_to_subs":false,"_jetpack_newsletter_tier_id":0,"_jetpack_memberships_contains_paywalled_content":false,"_locale":"fr_FR","_original_post":"https:\/\/guide.fire-emblem-heroes.com\/?p=20560","_jetpack_memberships_contains_paid_content":false,"footnotes":"","jetpack_publicize_message":"","jetpack_publicize_feature_enabled":true,"jetpack_social_post_already_shared":true,"jetpack_social_options":{"image_generator_settings":{"template":"highway","default_image_id":0,"font":"","enabled":false},"version":2},"_wpas_customize_per_network":false},"categories":[1384,1432,1390,1388],"tags":[1396],"class_list":["post-20569","post","type-post","status-publish","format-standard","has-post-thumbnail","hentry","category-character","category-ex_works_fates","category-stay_heroes","category-legendary_heroes","tag-heros-legendaires","fr-FR"],"jetpack_publicize_connections":[],"jetpack_featured_media_url":"https:\/\/guide.fire-emblem-heroes.com\/wp-content\/uploads\/kamui_child_of_dusk.png","jetpack_sharing_enabled":false,"jetpack_shortlink":"https:\/\/wp.me\/pa0Mj3-5lL","jetpack_likes_enabled":false,"amp_enabled":true,"_links":{"self":[{"href":"https:\/\/guide.fire-emblem-heroes.com\/wp-json\/wp\/v2\/posts\/20569","targetHints":{"allow":["GET"]}}],"collection":[{"href":"https:\/\/guide.fire-emblem-heroes.com\/wp-json\/wp\/v2\/posts"}],"about":[{"href":"https:\/\/guide.fire-emblem-heroes.com\/wp-json\/wp\/v2\/types\/post"}],"author":[{"embeddable":true,"href":"https:\/\/guide.fire-emblem-heroes.com\/wp-json\/wp\/v2\/users\/1"}],"replies":[{"embeddable":true,"href":"https:\/\/guide.fire-emblem-heroes.com\/wp-json\/wp\/v2\/comments?post=20569"}],"version-history":[{"count":1,"href":"https:\/\/guide.fire-emblem-heroes.com\/wp-json\/wp\/v2\/posts\/20569\/revisions"}],"predecessor-version":[{"id":20579,"href":"https:\/\/guide.fire-emblem-heroes.com\/wp-json\/wp\/v2\/posts\/20569\/revisions\/20579"}],"wp:featuredmedia":[{"embeddable":true,"href":"https:\/\/guide.fire-emblem-heroes.com\/wp-json\/wp\/v2\/media\/20730"}],"wp:attachment":[{"href":"https:\/\/guide.fire-emblem-heroes.com\/wp-json\/wp\/v2\/media?parent=20569"}],"wp:term":[{"taxonomy":"category","embeddable":true,"href":"https:\/\/guide.fire-emblem-heroes.com\/wp-json\/wp\/v2\/categories?post=20569"},{"taxonomy":"post_tag","embeddable":true,"href":"https:\/\/guide.fire-emblem-heroes.com\/wp-json\/wp\/v2\/tags?post=20569"}],"curies":[{"name":"wp","href":"https:\/\/api.w.org\/{rel}","templated":true}]}}