






{"id":22749,"date":"2020-12-07T12:19:03","date_gmt":"2020-12-07T03:19:03","guid":{"rendered":"https:\/\/guide.fire-emblem-heroes.com\/?p=22749"},"modified":"2020-12-25T16:25:51","modified_gmt":"2020-12-25T07:25:51","slug":"07003013000598-2","status":"publish","type":"post","link":"https:\/\/guide.fire-emblem-heroes.com\/fr\/07003013000598-2\/","title":{"rendered":"<span class=\"character_nick\">Garde de l&rsquo;ombre<\/span><span class=\"character_name\">Knoll<\/span>"},"content":{"rendered":"<main id=\"CHARA_357\" class=\"main_page character\">\r\n            <article>\r\n                <section class=\"sec sec_character\">\r\n                    <ul class=\"sec_ul sec_ul--character slick-box\">\r\n                        <li class=\"sec_li sec_li--character\">\r\n                            <img decoding=\"async\" src=\"https:\/\/guide.fire-emblem-heroes.com\/wp-content\/uploads\/nord_darkness_watcher_slide01.png\" alt=\"\" \/>\r\n                        <\/li>\r\n                        <li class=\"sec_li sec_li--character\">\r\n                            <img decoding=\"async\" src=\"https:\/\/guide.fire-emblem-heroes.com\/wp-content\/uploads\/nord_darkness_watcher_slide02.png\" alt=\"\" \/>\r\n                        <\/li>\r\n                        <li class=\"sec_li sec_li--character\">\r\n                            <img decoding=\"async\" src=\"https:\/\/guide.fire-emblem-heroes.com\/wp-content\/uploads\/nord_darkness_watcher_slide03.png\" alt=\"\" \/>\r\n                        <\/li>\r\n                        <li class=\"sec_li sec_li--character\">\r\n                            <img decoding=\"async\" src=\"https:\/\/guide.fire-emblem-heroes.com\/wp-content\/uploads\/nord_darkness_watcher_slide04.png\" alt=\"\" \/>\r\n                        <\/li>\r\n                    <\/ul>\r\n                    <div class=\"sec_charainfoarea flex\">\r\n                        <div class=\"sec_gif\"><img loading=\"lazy\" decoding=\"async\" src=\"https:\/\/guide.fire-emblem-heroes.com\/wp-content\/uploads\/nord_darkness_watcher.png\" alt=\"\" width=\"210\" height=\"190\"\/><\/div>\r\n                        <div class=\"sec_charainfo\">\r\n                            <p id=\"CHARA_357_002\" class=\"sec_characate sec_characate--heroes\">H\u00e9ros<\/p>\r\n                            <p id=\"CHARA_357_003\" class=\"sec_charanick\">Garde de l&rsquo;ombre<\/p>\r\n                            <p id=\"CHARA_357_004\" class=\"sec_charaname\">Knoll<\/p>\r\n                            <p id=\"CHARA_357_005\" class=\"sec_charaappearancetxt\">Appara\u00eet dans<\/p>\r\n                            <p id=\"CHARA_357_006\" class=\"sec_charaappearancetxt\">Fire Emblem: The Sacred Stones<\/p>\r\n                        <\/div>\r\n                    <\/div>\r\n                <\/section>\r\n            <\/article>\r\n            <article>\r\n                <section class=\"sec sec_characterarea\">\r\n                    <div class=\"sec_h2chara\">\r\n                        <p id=\"CHARA_357_007\" class=\"sec_h2charattl\">Sharena vous pr\u00e9sente&#8230;<\/p>\r\n                        <h2 id=\"CHARA_357_008\" class=\"sec_h2charatxt\">Garde de l&rsquo;ombre Knoll<\/h2>\r\n                    <\/div>\r\n                    <dl class=\"sec_dl flex\">\r\n                        <dt id=\"CHARA_357_009\" class=\"sec_dt\">Knoll est un mage imp\u00e9rial de grand talent au service de Grado, mais pas seulement\u00a0: c&rsquo;est aussi un formidable \u00e9rudit\u2009!<\/dt>\r\n                        <dd class=\"sec_dd\">\r\n                            <a href=\"https:\/\/guide.fire-emblem-heroes.com\/wp-content\/uploads\/nord_darkness_watcher_pop01.png\" class=\"popup-image\">\r\n                                <img decoding=\"async\" src=\"https:\/\/guide.fire-emblem-heroes.com\/wp-content\/uploads\/nord_darkness_watcher_info01.png\" alt=\"\" \/>\r\n                            <\/a>\r\n                        <\/dd>\r\n                        <dt id=\"CHARA_357_010\" class=\"sec_dt\">Knoll s&rsquo;est joint au prince Lyon pour \u00e9tudier les Pierres sacr\u00e9es d\u00e9tenues par Grado. Mais cette \u00e9tude a men\u00e9 \u00e0 des d\u00e9couvertes susceptibles de changer le destin du continent tel qu&rsquo;ils le connaissaient.<\/dt>\r\n                        <dd class=\"sec_dd\">\r\n                            <a href=\"https:\/\/guide.fire-emblem-heroes.com\/wp-content\/uploads\/nord_darkness_watcher_pop02.png\" class=\"popup-image\">\r\n                                <img decoding=\"async\" src=\"https:\/\/guide.fire-emblem-heroes.com\/wp-content\/uploads\/nord_darkness_watcher_info02.png\" alt=\"\" \/>\r\n                            <\/a>\r\n                        <\/dd>\r\n                        <dt id=\"CHARA_357_011\" class=\"sec_dt\">Knoll a peu \u00e0 peu pris conscience de la vraie nature des Pierres sacr\u00e9es\u2026 et on l&rsquo;a enferm\u00e9 pour l&#8217;emp\u00eacher de d\u00e9velopper ce savoir\u2009!<\/dt>\r\n                        <dd class=\"sec_dd\">\r\n                            <a href=\"https:\/\/guide.fire-emblem-heroes.com\/wp-content\/uploads\/nord_darkness_watcher_pop03.png\" class=\"popup-image\">\r\n                                <img decoding=\"async\" src=\"https:\/\/guide.fire-emblem-heroes.com\/wp-content\/uploads\/nord_darkness_watcher_info03.png\" alt=\"\" \/>\r\n                            <\/a>\r\n                        <\/dd>\r\n                        <dt id=\"CHARA_357_012\" class=\"sec_dt\">C&rsquo;est le prince Ephraim de Renais qui l&rsquo;a secouru, et Knoll a souhait\u00e9 rejoindre son arm\u00e9e, esp\u00e9rant trouver ainsi un moyen de sauver Grado et Lyon.<\/dt>\r\n                        <dd class=\"sec_dd\">\r\n                            <a href=\"https:\/\/guide.fire-emblem-heroes.com\/wp-content\/uploads\/nord_darkness_watcher_pop04.png\" class=\"popup-image\">\r\n                                <img decoding=\"async\" src=\"https:\/\/guide.fire-emblem-heroes.com\/wp-content\/uploads\/nord_darkness_watcher_info04.png\" alt=\"\" \/>\r\n                            <\/a>\r\n                        <\/dd>\r\n                    <\/dl>\r\n                    <h3 id=\"CHARA_357_013\" class=\"sec_h3charatxt\">Personnage li\u00e9 \u00e0<\/h3>\r\n                    <h4 id=\"CHARA_357_014\" class=\"sec_h4charatxt\">Lyon<\/h4>\r\n                    <p id=\"CHARA_357_015\" class=\"sec_charatxt\">Prince de Grado et ami d&rsquo;enfance d&rsquo;Ephraim et Eirika, il n&rsquo;aime pas se battre. C&rsquo;est \u00e9galement le seigneur de Knoll.<\/p>\r\n                    <h4 id=\"CHARA_357_016\" class=\"sec_h4charatxt\">Ephraim<\/h4>\r\n                    <p id=\"CHARA_357_017\" class=\"sec_charatxt\">Prince de Renais, il prend grand soin de sa s\u0153ur jumelle Eirika. Sa trop grande confiance l&rsquo;a parfois mis en danger. Il secourt Knoll, prisonnier de l&rsquo;arm\u00e9e de Grado.<\/p>\r\n                <\/section>\r\n            <\/article>\r\n        <\/main>","protected":false},"excerpt":{"rendered":"H\u00e9ros Garde de l&rsquo;ombre Knoll Appara\u00eet dans Fire Emblem: The Sacred Stones Sharena vous pr\u00e9sente&#8230; Garde de l&rsquo;ombre Knoll Knoll est un mage imp\u00e9rial de grand talent au service de Grado, mais pas seulement\u00a0: c&rsquo;est aussi un formidable \u00e9rudit\u2009! Knoll s&rsquo;est joint au prince Lyon pour \u00e9tudier les Pierres sacr\u00e9es d\u00e9tenues par Grado. Mais cette [&hellip;]","protected":false},"author":1,"featured_media":22948,"comment_status":"closed","ping_status":"closed","sticky":false,"template":"","format":"standard","meta":{"advanced_seo_description":"","jetpack_seo_html_title":"","jetpack_seo_noindex":false,"_jetpack_newsletter_access":"","_jetpack_dont_email_post_to_subs":false,"_jetpack_newsletter_tier_id":0,"_jetpack_memberships_contains_paywalled_content":false,"_locale":"fr_FR","_original_post":"https:\/\/guide.fire-emblem-heroes.com\/?p=22741","_jetpack_memberships_contains_paid_content":false,"footnotes":"","jetpack_publicize_message":"","jetpack_publicize_feature_enabled":true,"jetpack_social_post_already_shared":true,"jetpack_social_options":{"image_generator_settings":{"template":"highway","default_image_id":0,"font":"","enabled":false},"version":2},"_wpas_customize_per_network":false,"jetpack_post_was_ever_published":false},"categories":[1384,1428,1415,1390],"tags":[1419],"class_list":["post-22749","post","type-post","status-publish","format-standard","has-post-thumbnail","hentry","category-character","category-ex_works_the_sacred_stones","category-heroes","category-stay_heroes","tag-heros","fr-FR"],"jetpack_publicize_connections":[],"jetpack_featured_media_url":"https:\/\/guide.fire-emblem-heroes.com\/wp-content\/uploads\/nord_darkness_watcher.png","jetpack_sharing_enabled":false,"jetpack_shortlink":"https:\/\/wp.me\/pa0Mj3-5UV","jetpack_likes_enabled":false,"amp_enabled":false,"_links":{"self":[{"href":"https:\/\/guide.fire-emblem-heroes.com\/wp-json\/wp\/v2\/posts\/22749","targetHints":{"allow":["GET"]}}],"collection":[{"href":"https:\/\/guide.fire-emblem-heroes.com\/wp-json\/wp\/v2\/posts"}],"about":[{"href":"https:\/\/guide.fire-emblem-heroes.com\/wp-json\/wp\/v2\/types\/post"}],"author":[{"embeddable":true,"href":"https:\/\/guide.fire-emblem-heroes.com\/wp-json\/wp\/v2\/users\/1"}],"replies":[{"embeddable":true,"href":"https:\/\/guide.fire-emblem-heroes.com\/wp-json\/wp\/v2\/comments?post=22749"}],"version-history":[{"count":1,"href":"https:\/\/guide.fire-emblem-heroes.com\/wp-json\/wp\/v2\/posts\/22749\/revisions"}],"predecessor-version":[{"id":22758,"href":"https:\/\/guide.fire-emblem-heroes.com\/wp-json\/wp\/v2\/posts\/22749\/revisions\/22758"}],"wp:featuredmedia":[{"embeddable":true,"href":"https:\/\/guide.fire-emblem-heroes.com\/wp-json\/wp\/v2\/media\/22948"}],"wp:attachment":[{"href":"https:\/\/guide.fire-emblem-heroes.com\/wp-json\/wp\/v2\/media?parent=22749"}],"wp:term":[{"taxonomy":"category","embeddable":true,"href":"https:\/\/guide.fire-emblem-heroes.com\/wp-json\/wp\/v2\/categories?post=22749"},{"taxonomy":"post_tag","embeddable":true,"href":"https:\/\/guide.fire-emblem-heroes.com\/wp-json\/wp\/v2\/tags?post=22749"}],"curies":[{"name":"wp","href":"https:\/\/api.w.org\/{rel}","templated":true}]}}