






{"id":23096,"date":"2020-12-15T13:05:17","date_gmt":"2020-12-15T04:05:17","guid":{"rendered":"https:\/\/guide.fire-emblem-heroes.com\/?p=23096"},"modified":"2021-01-18T16:12:43","modified_gmt":"2021-01-18T07:12:43","slug":"08009010000603-2","status":"publish","type":"post","link":"https:\/\/guide.fire-emblem-heroes.com\/fr\/08009010000603-2\/","title":{"rendered":"<span class=\"character_nick\">Meneur grisonnant<\/span><span class=\"character_name\">Sephiran<\/span>"},"content":{"rendered":"<main id=\"CHARA_367\" class=\"main_page character\">\r\n            <article>\r\n                <section class=\"sec sec_character\">\r\n                    <ul class=\"sec_ul sec_ul--character slick-box\">\r\n                        <li class=\"sec_li sec_li--character\">\r\n                            <img decoding=\"async\" src=\"https:\/\/guide.fire-emblem-heroes.com\/wp-content\/uploads\/sepheran_hoary_sovereign_slide01.png\" alt=\"\" \/>\r\n                        <\/li>\r\n                        <li class=\"sec_li sec_li--character\">\r\n                            <img decoding=\"async\" src=\"https:\/\/guide.fire-emblem-heroes.com\/wp-content\/uploads\/sepheran_hoary_sovereign_slide02.png\" alt=\"\" \/>\r\n                        <\/li>\r\n                        <li class=\"sec_li sec_li--character\">\r\n                            <img decoding=\"async\" src=\"https:\/\/guide.fire-emblem-heroes.com\/wp-content\/uploads\/sepheran_hoary_sovereign_slide03.png\" alt=\"\" \/>\r\n                        <\/li>\r\n                        <li class=\"sec_li sec_li--character\">\r\n                            <img decoding=\"async\" src=\"https:\/\/guide.fire-emblem-heroes.com\/wp-content\/uploads\/sepheran_hoary_sovereign_slide04.png\" alt=\"\" \/>\r\n                        <\/li>\r\n                    <\/ul>\r\n                    <div class=\"sec_charainfoarea flex\">\r\n                        <div class=\"sec_gif\"><img loading=\"lazy\" decoding=\"async\" src=\"https:\/\/guide.fire-emblem-heroes.com\/wp-content\/uploads\/sepheran_hoary_sovereign.png\" alt=\"\" width=\"210\" height=\"190\"\/><\/div>\r\n                        <div class=\"sec_charainfo\">\r\n                            <p id=\"CHARA_367_002\" class=\"sec_characate sec_characate--special_heroes\">H\u00e9ros sp\u00e9ciaux<\/p>\r\n                            <p id=\"CHARA_367_003\" class=\"sec_charanick\">Meneur grisonnant<\/p>\r\n                            <p id=\"CHARA_367_004\" class=\"sec_charaname\">Sephiran<\/p>\r\n                            <p id=\"CHARA_367_005\" class=\"sec_charaappearancetxt\">Appara\u00eet dans<\/p>\r\n                            <p id=\"CHARA_367_006\" class=\"sec_charaappearancetxt\">Fire Emblem: Path of Radiance<\/p>\r\n                        <\/div>\r\n                    <\/div>\r\n                <\/section>\r\n            <\/article>\r\n            <article>\r\n                <section class=\"sec sec_characterarea\">\r\n                    <div class=\"sec_h2chara\">\r\n                        <p id=\"CHARA_367_007\" class=\"sec_h2charattl\">Sharena vous pr\u00e9sente&#8230;<\/p>\r\n                        <h2 id=\"CHARA_367_008\" class=\"sec_h2charatxt\">Meneur grisonnant Sephiran<\/h2>\r\n                    <\/div>\r\n                    <dl class=\"sec_dl flex\">\r\n                        <dt id=\"CHARA_367_009\" class=\"sec_dt\">Sephiran est le premier ministre de l&#8217;empire de Begnion et l&rsquo;ancien dirigeant du s\u00e9nat. Il nous fait l&rsquo;honneur d&rsquo;une pr\u00e9sence au r\u00e9veillon du festival de l&rsquo;hiver\u2009!<\/dt>\r\n                        <dd class=\"sec_dd\">\r\n                            <a href=\"https:\/\/guide.fire-emblem-heroes.com\/wp-content\/uploads\/sepheran_hoary_sovereign_pop01.png\" class=\"popup-image\">\r\n                                <img decoding=\"async\" src=\"https:\/\/guide.fire-emblem-heroes.com\/wp-content\/uploads\/sepheran_hoary_sovereign_info01.png\" alt=\"\" \/>\r\n                            <\/a>\r\n                        <\/dd>\r\n                        <dt id=\"CHARA_367_010\" class=\"sec_dt\">Avec sa majestueuse robe flottante, il a tout d&rsquo;un saint. J&rsquo;aime comment ces nobles \u00e9l\u00e9ments verts contrastent avec les parties rouges de sa tenue.<\/dt>\r\n                        <dd class=\"sec_dd\">\r\n                            <a href=\"https:\/\/guide.fire-emblem-heroes.com\/wp-content\/uploads\/sepheran_hoary_sovereign_pop02.png\" class=\"popup-image\">\r\n                                <img decoding=\"async\" src=\"https:\/\/guide.fire-emblem-heroes.com\/wp-content\/uploads\/sepheran_hoary_sovereign_info02.png\" alt=\"\" \/>\r\n                            <\/a>\r\n                        <\/dd>\r\n                        <dt id=\"CHARA_367_011\" class=\"sec_dt\">Son b\u00e2ton inclut un panier pour porter les cadeaux. Je me demande s&rsquo;il y a un cadeau pour Sanaki \u00e0 l&rsquo;int\u00e9rieur\u2026<\/dt>\r\n                        <dd class=\"sec_dd\">\r\n                            <a href=\"https:\/\/guide.fire-emblem-heroes.com\/wp-content\/uploads\/sepheran_hoary_sovereign_pop03.png\" class=\"popup-image\">\r\n                                <img decoding=\"async\" src=\"https:\/\/guide.fire-emblem-heroes.com\/wp-content\/uploads\/sepheran_hoary_sovereign_info03.png\" alt=\"\" \/>\r\n                            <\/a>\r\n                        <\/dd>\r\n                        <dt id=\"CHARA_367_012\" class=\"sec_dt\">L&rsquo;allure de Sephiran \u00e0 ce festival me d\u00e9tend. Je dois admettre que je me laisse emporter par les festivit\u00e9s, mais il est bon aussi de se mettre \u00e0 l&rsquo;aise et de profiter des moments plus calmes.<\/dt>\r\n                        <dd class=\"sec_dd\">\r\n                            <a href=\"https:\/\/guide.fire-emblem-heroes.com\/wp-content\/uploads\/sepheran_hoary_sovereign_pop04.png\" class=\"popup-image\">\r\n                                <img decoding=\"async\" src=\"https:\/\/guide.fire-emblem-heroes.com\/wp-content\/uploads\/sepheran_hoary_sovereign_info04.png\" alt=\"\" \/>\r\n                            <\/a>\r\n                        <\/dd>\r\n                    <\/dl>\r\n                    <h3 id=\"CHARA_367_013\" class=\"sec_h3charatxt\">Personnage li\u00e9 \u00e0<\/h3>\r\n                    <h4 id=\"CHARA_367_014\" class=\"sec_h4charatxt\">Sanaki<\/h4>\r\n                    <p id=\"CHARA_367_015\" class=\"sec_charatxt\">Malgr\u00e9 son jeune \u00e2ge, cette imp\u00e9ratrice et ap\u00f4tre de Begnion prend ses responsabilit\u00e9s tr\u00e8s \u00e0 c\u0153ur. Sephiran est \u00e0 son service.<\/p>\r\n                <\/section>\r\n            <\/article>\r\n        <\/main>","protected":false},"excerpt":{"rendered":"H\u00e9ros sp\u00e9ciaux Meneur grisonnant Sephiran Appara\u00eet dans Fire Emblem: Path of Radiance Sharena vous pr\u00e9sente&#8230; Meneur grisonnant Sephiran Sephiran est le premier ministre de l&#8217;empire de Begnion et l&rsquo;ancien dirigeant du s\u00e9nat. Il nous fait l&rsquo;honneur d&rsquo;une pr\u00e9sence au r\u00e9veillon du festival de l&rsquo;hiver\u2009! Avec sa majestueuse robe flottante, il a tout d&rsquo;un saint. J&rsquo;aime [&hellip;]","protected":false},"author":1,"featured_media":23175,"comment_status":"closed","ping_status":"closed","sticky":false,"template":"","format":"standard","meta":{"advanced_seo_description":"","jetpack_seo_html_title":"","jetpack_seo_noindex":false,"_jetpack_newsletter_access":"","_jetpack_dont_email_post_to_subs":false,"_jetpack_newsletter_tier_id":0,"_jetpack_memberships_contains_paywalled_content":false,"_locale":"fr_FR","_original_post":"https:\/\/guide.fire-emblem-heroes.com\/?p=23088","_jetpack_memberships_contains_paid_content":false,"footnotes":"","jetpack_publicize_message":"","jetpack_publicize_feature_enabled":true,"jetpack_social_post_already_shared":true,"jetpack_social_options":{"image_generator_settings":{"template":"highway","default_image_id":0,"font":"","enabled":false},"version":2},"_wpas_customize_per_network":false,"jetpack_post_was_ever_published":false},"categories":[1384,1429,1405,1390],"tags":[1410],"class_list":["post-23096","post","type-post","status-publish","format-standard","has-post-thumbnail","hentry","category-character","category-ex_works_path_of_radiance","category-special_heroes","category-stay_heroes","tag-heros-speciaux","fr-FR"],"jetpack_publicize_connections":[],"jetpack_featured_media_url":"https:\/\/guide.fire-emblem-heroes.com\/wp-content\/uploads\/sepheran_hoary_sovereign.png","jetpack_sharing_enabled":false,"jetpack_shortlink":"https:\/\/wp.me\/pa0Mj3-60w","jetpack_likes_enabled":false,"amp_enabled":false,"_links":{"self":[{"href":"https:\/\/guide.fire-emblem-heroes.com\/wp-json\/wp\/v2\/posts\/23096","targetHints":{"allow":["GET"]}}],"collection":[{"href":"https:\/\/guide.fire-emblem-heroes.com\/wp-json\/wp\/v2\/posts"}],"about":[{"href":"https:\/\/guide.fire-emblem-heroes.com\/wp-json\/wp\/v2\/types\/post"}],"author":[{"embeddable":true,"href":"https:\/\/guide.fire-emblem-heroes.com\/wp-json\/wp\/v2\/users\/1"}],"replies":[{"embeddable":true,"href":"https:\/\/guide.fire-emblem-heroes.com\/wp-json\/wp\/v2\/comments?post=23096"}],"version-history":[{"count":1,"href":"https:\/\/guide.fire-emblem-heroes.com\/wp-json\/wp\/v2\/posts\/23096\/revisions"}],"predecessor-version":[{"id":23108,"href":"https:\/\/guide.fire-emblem-heroes.com\/wp-json\/wp\/v2\/posts\/23096\/revisions\/23108"}],"wp:featuredmedia":[{"embeddable":true,"href":"https:\/\/guide.fire-emblem-heroes.com\/wp-json\/wp\/v2\/media\/23175"}],"wp:attachment":[{"href":"https:\/\/guide.fire-emblem-heroes.com\/wp-json\/wp\/v2\/media?parent=23096"}],"wp:term":[{"taxonomy":"category","embeddable":true,"href":"https:\/\/guide.fire-emblem-heroes.com\/wp-json\/wp\/v2\/categories?post=23096"},{"taxonomy":"post_tag","embeddable":true,"href":"https:\/\/guide.fire-emblem-heroes.com\/wp-json\/wp\/v2\/tags?post=23096"}],"curies":[{"name":"wp","href":"https:\/\/api.w.org\/{rel}","templated":true}]}}