






{"id":24975,"date":"2021-03-15T12:18:36","date_gmt":"2021-03-15T03:18:36","guid":{"rendered":"https:\/\/guide.fire-emblem-heroes.com\/?p=24975"},"modified":"2021-04-16T16:07:24","modified_gmt":"2021-04-16T07:07:24","slug":"01004002000639-2","status":"publish","type":"post","link":"https:\/\/guide.fire-emblem-heroes.com\/fr\/01004002000639-2\/","title":{"rendered":"<span class=\"character_nick\">Carabin verdoyant<\/span><span class=\"character_name\">Minerva<\/span>"},"content":{"rendered":"<main id=\"CHARA_414\" class=\"main_page character\">\r\n            <article>\r\n                <section class=\"sec sec_character\">\r\n                    <ul class=\"sec_ul sec_ul--character slick-box\">\r\n                        <li class=\"sec_li sec_li--character\">\r\n                            <img decoding=\"async\" src=\"https:\/\/guide.fire-emblem-heroes.com\/wp-content\/uploads\/minerba_verdant_dragoon_slide01.png\" alt=\"\" \/>\r\n                        <\/li>\r\n                        <li class=\"sec_li sec_li--character\">\r\n                            <img decoding=\"async\" src=\"https:\/\/guide.fire-emblem-heroes.com\/wp-content\/uploads\/minerba_verdant_dragoon_slide02.png\" alt=\"\" \/>\r\n                        <\/li>\r\n                        <li class=\"sec_li sec_li--character\">\r\n                            <img decoding=\"async\" src=\"https:\/\/guide.fire-emblem-heroes.com\/wp-content\/uploads\/minerba_verdant_dragoon_slide03.png\" alt=\"\" \/>\r\n                        <\/li>\r\n                        <li class=\"sec_li sec_li--character\">\r\n                            <img decoding=\"async\" src=\"https:\/\/guide.fire-emblem-heroes.com\/wp-content\/uploads\/minerba_verdant_dragoon_slide04.png\" alt=\"\" \/>\r\n                        <\/li>\r\n                    <\/ul>\r\n                    <div class=\"sec_charainfoarea flex\">\r\n                        <div class=\"sec_gif\"><img loading=\"lazy\" decoding=\"async\" src=\"https:\/\/guide.fire-emblem-heroes.com\/wp-content\/uploads\/minerba_verdant_dragoon.png\" alt=\"\" width=\"210\" height=\"190\"\/><\/div>\r\n                        <div class=\"sec_charainfo\">\r\n                            <p id=\"CHARA_414_002\" class=\"sec_characate sec_characate--special_heroes\">H\u00e9ros sp\u00e9ciaux<\/p>\r\n                            <p id=\"CHARA_414_003\" class=\"sec_charanick\">Carabin verdoyant<\/p>\r\n                            <p id=\"CHARA_414_004\" class=\"sec_charaname\">Minerva<\/p>\r\n                            <p id=\"CHARA_414_005\" class=\"sec_charaappearancetxt\">Appara\u00eet dans<\/p>\r\n                            <p id=\"CHARA_414_006\" class=\"sec_charaappearancetxt\">Fire Emblem: Mystery of the Emblem<\/p>\r\n                        <\/div>\r\n                    <\/div>\r\n                <\/section>\r\n            <\/article>\r\n            <article>\r\n                <section class=\"sec sec_characterarea\">\r\n                    <div class=\"sec_h2chara\">\r\n                        <p id=\"CHARA_414_007\" class=\"sec_h2charattl\">Sharena vous pr\u00e9sente&#8230;<\/p>\r\n                        <h2 id=\"CHARA_414_008\" class=\"sec_h2charatxt\">Carabin verdoyant Minerva<\/h2>\r\n                    <\/div>\r\n                    <dl class=\"sec_dl flex\">\r\n                        <dt id=\"CHARA_414_009\" class=\"sec_dt\">Voici Minerva, le carabin rouge de Medon\u00a0! Enfin, exceptionnellement, elle sera pour nous le lapinou rouge du festival du printemps.<\/dt>\r\n                        <dd class=\"sec_dd\">\r\n                            <a href=\"https:\/\/guide.fire-emblem-heroes.com\/wp-content\/uploads\/minerba_verdant_dragoon_pop01.png\" class=\"popup-image\">\r\n                                <img decoding=\"async\" src=\"https:\/\/guide.fire-emblem-heroes.com\/wp-content\/uploads\/minerba_verdant_dragoon_info01.png\" alt=\"\" \/>\r\n                            <\/a>\r\n                        <\/dd>\r\n                        <dt id=\"CHARA_414_010\" class=\"sec_dt\">Sa tenue reprend les motifs enflamm\u00e9s qui font sa r\u00e9putation, avec une fine cape en mousseline pour encore plus de style\u00a0! Parfait pour un petit lapin audacieux qui veut faire bonne impression\u2026<\/dt>\r\n                        <dd class=\"sec_dd\">\r\n                            <a href=\"https:\/\/guide.fire-emblem-heroes.com\/wp-content\/uploads\/minerba_verdant_dragoon_pop02.png\" class=\"popup-image\">\r\n                                <img decoding=\"async\" src=\"https:\/\/guide.fire-emblem-heroes.com\/wp-content\/uploads\/minerba_verdant_dragoon_info02.png\" alt=\"\" \/>\r\n                            <\/a>\r\n                        <\/dd>\r\n                        <dt id=\"CHARA_414_011\" class=\"sec_dt\">Elle tient une lance des plus intrigantes\u2026 On dirait qu&rsquo;un lapin aux longues oreilles sort de son extr\u00e9mit\u00e9\u00a0! Elle porte \u00e9galement un chapeau surmont\u00e9 d&rsquo;oreilles de lapin, du coup on dirait qu&rsquo;il y a deux lapinous au lieu d&rsquo;un\u00a0!<\/dt>\r\n                        <dd class=\"sec_dd\">\r\n                            <a href=\"https:\/\/guide.fire-emblem-heroes.com\/wp-content\/uploads\/minerba_verdant_dragoon_pop03.png\" class=\"popup-image\">\r\n                                <img decoding=\"async\" src=\"https:\/\/guide.fire-emblem-heroes.com\/wp-content\/uploads\/minerba_verdant_dragoon_info03.png\" alt=\"\" \/>\r\n                            <\/a>\r\n                        <\/dd>\r\n                        <dt id=\"CHARA_414_012\" class=\"sec_dt\">Minerva semble passer du bon temps au festival du printemps. Je sais qu&rsquo;elle tient aussi beaucoup \u00e0 sa s\u0153ur Maria, et je parie qu&rsquo;elle se dit que \u00e7a serait fabuleux de la voir se joindre \u00e0 nous.<\/dt>\r\n                        <dd class=\"sec_dd\">\r\n                            <a href=\"https:\/\/guide.fire-emblem-heroes.com\/wp-content\/uploads\/minerba_verdant_dragoon_pop04.png\" class=\"popup-image\">\r\n                                <img decoding=\"async\" src=\"https:\/\/guide.fire-emblem-heroes.com\/wp-content\/uploads\/minerba_verdant_dragoon_info04.png\" alt=\"\" \/>\r\n                            <\/a>\r\n                        <\/dd>\r\n                    <\/dl>\r\n                    <h3 id=\"CHARA_414_013\" class=\"sec_h3charatxt\">Personnage li\u00e9 \u00e0<\/h3>\r\n                    <h4 id=\"CHARA_414_014\" class=\"sec_h4charatxt\">Michalis<\/h4>\r\n                    <p id=\"CHARA_414_015\" class=\"sec_charatxt\">Roi de Medon, fr\u00e8re de Minerva et Maria, il a assassin\u00e9 son p\u00e8re et nourrit de grandes ambitions pour son pays.<\/p>\r\n                    <h4 id=\"CHARA_414_016\" class=\"sec_h4charatxt\">Maria<\/h4>\r\n                    <p id=\"CHARA_414_017\" class=\"sec_charatxt\">C&rsquo;est la princesse de Medon et la jeune s\u0153ur de Minerva et Michalis, qu&rsquo;elle aime tendrement.<\/p>\r\n                <\/section>\r\n            <\/article>\r\n        <\/main>","protected":false},"excerpt":{"rendered":"H\u00e9ros sp\u00e9ciaux Carabin verdoyant Minerva Appara\u00eet dans Fire Emblem: Mystery of the Emblem Sharena vous pr\u00e9sente&#8230; Carabin verdoyant Minerva Voici Minerva, le carabin rouge de Medon\u00a0! Enfin, exceptionnellement, elle sera pour nous le lapinou rouge du festival du printemps. Sa tenue reprend les motifs enflamm\u00e9s qui font sa r\u00e9putation, avec une fine cape en mousseline [&hellip;]","protected":false},"author":1,"featured_media":25078,"comment_status":"closed","ping_status":"closed","sticky":false,"template":"","format":"standard","meta":{"advanced_seo_description":"","jetpack_seo_html_title":"","jetpack_seo_noindex":false,"_jetpack_newsletter_access":"","_jetpack_dont_email_post_to_subs":false,"_jetpack_newsletter_tier_id":0,"_jetpack_memberships_contains_paywalled_content":false,"_locale":"fr_FR","_original_post":"https:\/\/guide.fire-emblem-heroes.com\/?p=24967","_jetpack_memberships_contains_paid_content":false,"footnotes":"","jetpack_publicize_message":"","jetpack_publicize_feature_enabled":true,"jetpack_social_post_already_shared":true,"jetpack_social_options":{"image_generator_settings":{"template":"highway","default_image_id":0,"font":"","enabled":false},"version":2},"_wpas_customize_per_network":false,"jetpack_post_was_ever_published":false},"categories":[1384,1424,1405,1390],"tags":[1410],"class_list":["post-24975","post","type-post","status-publish","format-standard","has-post-thumbnail","hentry","category-character","category-ex_works_mystery_of_the_emblem","category-special_heroes","category-stay_heroes","tag-heros-speciaux","fr-FR"],"jetpack_publicize_connections":[],"jetpack_featured_media_url":"https:\/\/guide.fire-emblem-heroes.com\/wp-content\/uploads\/minerba_verdant_dragoon.png","jetpack_sharing_enabled":false,"jetpack_shortlink":"https:\/\/wp.me\/pa0Mj3-6uP","jetpack_likes_enabled":false,"amp_enabled":false,"_links":{"self":[{"href":"https:\/\/guide.fire-emblem-heroes.com\/wp-json\/wp\/v2\/posts\/24975","targetHints":{"allow":["GET"]}}],"collection":[{"href":"https:\/\/guide.fire-emblem-heroes.com\/wp-json\/wp\/v2\/posts"}],"about":[{"href":"https:\/\/guide.fire-emblem-heroes.com\/wp-json\/wp\/v2\/types\/post"}],"author":[{"embeddable":true,"href":"https:\/\/guide.fire-emblem-heroes.com\/wp-json\/wp\/v2\/users\/1"}],"replies":[{"embeddable":true,"href":"https:\/\/guide.fire-emblem-heroes.com\/wp-json\/wp\/v2\/comments?post=24975"}],"version-history":[{"count":1,"href":"https:\/\/guide.fire-emblem-heroes.com\/wp-json\/wp\/v2\/posts\/24975\/revisions"}],"predecessor-version":[{"id":24984,"href":"https:\/\/guide.fire-emblem-heroes.com\/wp-json\/wp\/v2\/posts\/24975\/revisions\/24984"}],"wp:featuredmedia":[{"embeddable":true,"href":"https:\/\/guide.fire-emblem-heroes.com\/wp-json\/wp\/v2\/media\/25078"}],"wp:attachment":[{"href":"https:\/\/guide.fire-emblem-heroes.com\/wp-json\/wp\/v2\/media?parent=24975"}],"wp:term":[{"taxonomy":"category","embeddable":true,"href":"https:\/\/guide.fire-emblem-heroes.com\/wp-json\/wp\/v2\/categories?post=24975"},{"taxonomy":"post_tag","embeddable":true,"href":"https:\/\/guide.fire-emblem-heroes.com\/wp-json\/wp\/v2\/tags?post=24975"}],"curies":[{"name":"wp","href":"https:\/\/api.w.org\/{rel}","templated":true}]}}