






{"id":25253,"date":"2021-03-26T13:14:42","date_gmt":"2021-03-26T04:14:42","guid":{"rendered":"https:\/\/guide.fire-emblem-heroes.com\/?p=25253"},"modified":"2021-03-29T13:21:55","modified_gmt":"2021-03-29T04:21:55","slug":"10069001000136-2","status":"publish","type":"post","link":"https:\/\/guide.fire-emblem-heroes.com\/fr\/10069001000136-2\/","title":{"rendered":"<span class=\"character_nick\">Lame secr\u00e8te<\/span><span class=\"character_name\">Marth<\/span>"},"content":{"rendered":"<main id=\"CHARA_423\" class=\"main_page character\">\r\n            <article>\r\n                <section class=\"sec sec_character\">\r\n                    <ul class=\"sec_ul sec_ul--character slick-box\">\r\n                        <li class=\"sec_li sec_li--character\">\r\n                            <img decoding=\"async\" src=\"https:\/\/guide.fire-emblem-heroes.com\/wp-content\/uploads\/marth_enigmatic_blade_slide01.png\" alt=\"\" \/>\r\n                        <\/li>\r\n                        <li class=\"sec_li sec_li--character\">\r\n                            <img decoding=\"async\" src=\"https:\/\/guide.fire-emblem-heroes.com\/wp-content\/uploads\/marth_enigmatic_blade_slide02.png\" alt=\"\" \/>\r\n                        <\/li>\r\n                        <li class=\"sec_li sec_li--character\">\r\n                            <img decoding=\"async\" src=\"https:\/\/guide.fire-emblem-heroes.com\/wp-content\/uploads\/marth_enigmatic_blade_slide03.png\" alt=\"\" \/>\r\n                        <\/li>\r\n                        <li class=\"sec_li sec_li--character\">\r\n                            <img decoding=\"async\" src=\"https:\/\/guide.fire-emblem-heroes.com\/wp-content\/uploads\/marth_enigmatic_blade_slide04.png\" alt=\"\" \/>\r\n                        <\/li>\r\n                    <\/ul>\r\n                    <div class=\"sec_charainfoarea flex\">\r\n                        <div class=\"sec_gif\"><img loading=\"lazy\" decoding=\"async\" src=\"https:\/\/guide.fire-emblem-heroes.com\/wp-content\/uploads\/marth_enigmatic_blade.png\" alt=\"\" width=\"210\" height=\"190\"\/><\/div>\r\n                        <div class=\"sec_charainfo\">\r\n                            <p id=\"CHARA_423_002\" class=\"sec_characate sec_characate--heroes\">H\u00e9ros<\/p>\r\n                            <p id=\"CHARA_423_003\" class=\"sec_charanick\">Lame secr\u00e8te<\/p>\r\n                            <p id=\"CHARA_423_004\" class=\"sec_charaname\">Marth<\/p>\r\n                            <p id=\"CHARA_423_005\" class=\"sec_charaappearancetxt\">Appara\u00eet dans<\/p>\r\n                            <p id=\"CHARA_423_006\" class=\"sec_charaappearancetxt\">Fire Emblem: Awakening<\/p>\r\n                        <\/div>\r\n                    <\/div>\r\n                <\/section>\r\n            <\/article>\r\n            <article>\r\n                <section class=\"sec sec_characterarea\">\r\n                    <div class=\"sec_h2chara\">\r\n                        <p id=\"CHARA_423_007\" class=\"sec_h2charattl\">Sharena vous pr\u00e9sente&#8230;<\/p>\r\n                        <h2 id=\"CHARA_423_008\" class=\"sec_h2charatxt\">Lame secr\u00e8te Marth<\/h2>\r\n                    <\/div>\r\n                    <dl class=\"sec_dl flex\">\r\n                        <dt id=\"CHARA_423_009\" class=\"sec_dt\">Ah, notre myst\u00e9rieux \u00e9p\u00e9iste masqu\u00e9\u00a0! Il se pr\u00e9sente sous le nom de Marth, mais ce n&rsquo;est pas le m\u00eame Marth que l&rsquo;on conna\u00eet comme le prince d&rsquo;Altea.<\/dt>\r\n                        <dd class=\"sec_dd\">\r\n                            <a href=\"https:\/\/guide.fire-emblem-heroes.com\/wp-content\/uploads\/marth_enigmatic_blade_pop01.png\" class=\"popup-image\">\r\n                                <img decoding=\"async\" src=\"https:\/\/guide.fire-emblem-heroes.com\/wp-content\/uploads\/marth_enigmatic_blade_info01.png\" alt=\"\" \/>\r\n                            <\/a>\r\n                        <\/dd>\r\n                        <dt id=\"CHARA_423_010\" class=\"sec_dt\">Ce Marth-l\u00e0 est apparu lorsque Lissa a \u00e9t\u00e9 sauv\u00e9e de l&rsquo;attaque des Ombres, des soldats morts-vivants apparus en Ylisse au m\u00eame moment. Il a alors combattu aux c\u00f4t\u00e9s de Chrom, prouvant ses talents.<\/dt>\r\n                        <dd class=\"sec_dd\">\r\n                            <a href=\"https:\/\/guide.fire-emblem-heroes.com\/wp-content\/uploads\/marth_enigmatic_blade_pop02.png\" class=\"popup-image\">\r\n                                <img decoding=\"async\" src=\"https:\/\/guide.fire-emblem-heroes.com\/wp-content\/uploads\/marth_enigmatic_blade_info02.png\" alt=\"\" \/>\r\n                            <\/a>\r\n                        <\/dd>\r\n                        <dt id=\"CHARA_423_011\" class=\"sec_dt\">\u00c9tonnamment, ce Marth avait adopt\u00e9 le style de combat \u00e0 l&rsquo;\u00e9p\u00e9e d&rsquo;Ylisse, et sa lame \u00e9tait identique \u00e0 Falchion, l&rsquo;\u00e9p\u00e9e sacr\u00e9e du Saint-Royaume. Il doit y avoir un lien avec Chrom\u2026<\/dt>\r\n                        <dd class=\"sec_dd\">\r\n                            <a href=\"https:\/\/guide.fire-emblem-heroes.com\/wp-content\/uploads\/marth_enigmatic_blade_pop03.png\" class=\"popup-image\">\r\n                                <img decoding=\"async\" src=\"https:\/\/guide.fire-emblem-heroes.com\/wp-content\/uploads\/marth_enigmatic_blade_info03.png\" alt=\"\" \/>\r\n                            <\/a>\r\n                        <\/dd>\r\n                        <dt id=\"CHARA_423_012\" class=\"sec_dt\">Apr\u00e8s cet incident, Marth est apparu devant Chrom et ses amis \u00e0 quelques autres occasions. Je me demande qui il est vraiment, et pourquoi il tient tant \u00e0 son secret\u2026 Qui qu&rsquo;il soit, il sait entretenir le suspense\u00a0!<\/dt>\r\n                        <dd class=\"sec_dd\">\r\n                            <a href=\"https:\/\/guide.fire-emblem-heroes.com\/wp-content\/uploads\/marth_enigmatic_blade_pop04.png\" class=\"popup-image\">\r\n                                <img decoding=\"async\" src=\"https:\/\/guide.fire-emblem-heroes.com\/wp-content\/uploads\/marth_enigmatic_blade_info04.png\" alt=\"\" \/>\r\n                            <\/a>\r\n                        <\/dd>\r\n                    <\/dl>\r\n                    <h3 id=\"CHARA_423_013\" class=\"sec_h3charatxt\">Personnage li\u00e9 \u00e0<\/h3>\r\n                    <h4 id=\"CHARA_423_014\" class=\"sec_h4charatxt\">Marth<\/h4>\r\n                    <p id=\"CHARA_423_015\" class=\"sec_charatxt\">Prince d\u2019Altea, il se bat pour sa patrie et tient \u00e9norm\u00e9ment \u00e0 ses amis. Son histoire s&rsquo;est d\u00e9roul\u00e9e bien avant la fondation d&rsquo;Ylisse.<\/p>\r\n                <\/section>\r\n            <\/article>\r\n        <\/main>","protected":false},"excerpt":{"rendered":"H\u00e9ros Lame secr\u00e8te Marth Appara\u00eet dans Fire Emblem: Awakening Sharena vous pr\u00e9sente&#8230; Lame secr\u00e8te Marth Ah, notre myst\u00e9rieux \u00e9p\u00e9iste masqu\u00e9\u00a0! Il se pr\u00e9sente sous le nom de Marth, mais ce n&rsquo;est pas le m\u00eame Marth que l&rsquo;on conna\u00eet comme le prince d&rsquo;Altea. Ce Marth-l\u00e0 est apparu lorsque Lissa a \u00e9t\u00e9 sauv\u00e9e de l&rsquo;attaque des Ombres, [&hellip;]","protected":false},"author":1,"featured_media":25292,"comment_status":"closed","ping_status":"closed","sticky":false,"template":"","format":"standard","meta":{"advanced_seo_description":"","jetpack_seo_html_title":"","jetpack_seo_noindex":false,"_jetpack_newsletter_access":"","_jetpack_dont_email_post_to_subs":false,"_jetpack_newsletter_tier_id":0,"_jetpack_memberships_contains_paywalled_content":false,"_locale":"fr_FR","_original_post":"https:\/\/guide.fire-emblem-heroes.com\/?p=25245","_jetpack_memberships_contains_paid_content":false,"footnotes":"","jetpack_publicize_message":"","jetpack_publicize_feature_enabled":true,"jetpack_social_post_already_shared":true,"jetpack_social_options":{"image_generator_settings":{"template":"highway","default_image_id":0,"font":"","enabled":false},"version":2},"_wpas_customize_per_network":false,"jetpack_post_was_ever_published":false},"categories":[1384,1415,1431,1390],"tags":[1419],"class_list":["post-25253","post","type-post","status-publish","format-standard","has-post-thumbnail","hentry","category-character","category-heroes","category-ex_works_awakening","category-stay_heroes","tag-heros","fr-FR"],"jetpack_publicize_connections":[],"jetpack_featured_media_url":"https:\/\/guide.fire-emblem-heroes.com\/wp-content\/uploads\/marth_enigmatic_blade.png","jetpack_sharing_enabled":false,"jetpack_shortlink":"https:\/\/wp.me\/pa0Mj3-6zj","jetpack_likes_enabled":false,"amp_enabled":false,"_links":{"self":[{"href":"https:\/\/guide.fire-emblem-heroes.com\/wp-json\/wp\/v2\/posts\/25253","targetHints":{"allow":["GET"]}}],"collection":[{"href":"https:\/\/guide.fire-emblem-heroes.com\/wp-json\/wp\/v2\/posts"}],"about":[{"href":"https:\/\/guide.fire-emblem-heroes.com\/wp-json\/wp\/v2\/types\/post"}],"author":[{"embeddable":true,"href":"https:\/\/guide.fire-emblem-heroes.com\/wp-json\/wp\/v2\/users\/1"}],"replies":[{"embeddable":true,"href":"https:\/\/guide.fire-emblem-heroes.com\/wp-json\/wp\/v2\/comments?post=25253"}],"version-history":[{"count":1,"href":"https:\/\/guide.fire-emblem-heroes.com\/wp-json\/wp\/v2\/posts\/25253\/revisions"}],"predecessor-version":[{"id":25263,"href":"https:\/\/guide.fire-emblem-heroes.com\/wp-json\/wp\/v2\/posts\/25253\/revisions\/25263"}],"wp:featuredmedia":[{"embeddable":true,"href":"https:\/\/guide.fire-emblem-heroes.com\/wp-json\/wp\/v2\/media\/25292"}],"wp:attachment":[{"href":"https:\/\/guide.fire-emblem-heroes.com\/wp-json\/wp\/v2\/media?parent=25253"}],"wp:term":[{"taxonomy":"category","embeddable":true,"href":"https:\/\/guide.fire-emblem-heroes.com\/wp-json\/wp\/v2\/categories?post=25253"},{"taxonomy":"post_tag","embeddable":true,"href":"https:\/\/guide.fire-emblem-heroes.com\/wp-json\/wp\/v2\/tags?post=25253"}],"curies":[{"name":"wp","href":"https:\/\/api.w.org\/{rel}","templated":true}]}}