






{"id":25613,"date":"2021-04-16T10:28:58","date_gmt":"2021-04-16T01:28:58","guid":{"rendered":"https:\/\/guide.fire-emblem-heroes.com\/?p=25613"},"modified":"2021-04-30T16:04:05","modified_gmt":"2021-04-30T07:04:05","slug":"07002001000653-2","status":"publish","type":"post","link":"https:\/\/guide.fire-emblem-heroes.com\/fr\/07002001000653-2\/","title":{"rendered":"<span class=\"character_nick\">Lune de Frelia<\/span><span class=\"character_name\">Innes<\/span>"},"content":{"rendered":"<main id=\"CHARA_429\" class=\"main_page character\">\r\n            <article>\r\n                <section class=\"sec sec_character\">\r\n                    <ul class=\"sec_ul sec_ul--character slick-box\">\r\n                        <li class=\"sec_li sec_li--character\">\r\n                            <img decoding=\"async\" src=\"https:\/\/guide.fire-emblem-heroes.com\/wp-content\/uploads\/heanius_frelian_moonlight_slide01.png\" alt=\"\" \/>\r\n                        <\/li>\r\n                        <li class=\"sec_li sec_li--character\">\r\n                            <img decoding=\"async\" src=\"https:\/\/guide.fire-emblem-heroes.com\/wp-content\/uploads\/heanius_frelian_moonlight_slide02.png\" alt=\"\" \/>\r\n                        <\/li>\r\n                        <li class=\"sec_li sec_li--character\">\r\n                            <img decoding=\"async\" src=\"https:\/\/guide.fire-emblem-heroes.com\/wp-content\/uploads\/heanius_frelian_moonlight_slide03.png\" alt=\"\" \/>\r\n                        <\/li>\r\n                        <li class=\"sec_li sec_li--character\">\r\n                            <img decoding=\"async\" src=\"https:\/\/guide.fire-emblem-heroes.com\/wp-content\/uploads\/heanius_frelian_moonlight_slide04.png\" alt=\"\" \/>\r\n                        <\/li>\r\n                    <\/ul>\r\n                    <div class=\"sec_charainfoarea flex\">\r\n                        <div class=\"sec_gif\"><img loading=\"lazy\" decoding=\"async\" src=\"https:\/\/guide.fire-emblem-heroes.com\/wp-content\/uploads\/heanius_frelian_moonlight.png\" alt=\"\" width=\"210\" height=\"190\"\/><\/div>\r\n                        <div class=\"sec_charainfo\">\r\n                            <p id=\"CHARA_429_002\" class=\"sec_characate sec_characate--special_heroes\">H\u00e9ros sp\u00e9ciaux<\/p>\r\n                            <p id=\"CHARA_429_003\" class=\"sec_charanick\">Lune de Frelia<\/p>\r\n                            <p id=\"CHARA_429_004\" class=\"sec_charaname\">Innes<\/p>\r\n                            <p id=\"CHARA_429_005\" class=\"sec_charaappearancetxt\">Appara\u00eet dans<\/p>\r\n                            <p id=\"CHARA_429_006\" class=\"sec_charaappearancetxt\">Fire Emblem: The Sacred Stones<\/p>\r\n                        <\/div>\r\n                    <\/div>\r\n                <\/section>\r\n            <\/article>\r\n            <article>\r\n                <section class=\"sec sec_characterarea\">\r\n                    <div class=\"sec_h2chara\">\r\n                        <p id=\"CHARA_429_007\" class=\"sec_h2charattl\">Sharena vous pr\u00e9sente&#8230;<\/p>\r\n                        <h2 id=\"CHARA_429_008\" class=\"sec_h2charatxt\">Lune de Frelia Innes<\/h2>\r\n                    <\/div>\r\n                    <dl class=\"sec_dl flex\">\r\n                        <dt id=\"CHARA_429_009\" class=\"sec_dt\">Ce gar\u00e7on vous rappelle quelqu&rsquo;un\u00a0? Ce regard aiguis\u00e9 devrait vous dire quelque chose, ou alors son allure pleine de sang-froid. Vous l&rsquo;avez compris\u00a0: il s&rsquo;agit d&rsquo;Innes, prince de Frelia\u00a0! On dirait que sa version jeune a \u00e9t\u00e9 invoqu\u00e9e en Askr.<\/dt>\r\n                        <dd class=\"sec_dd\">\r\n                            <a href=\"https:\/\/guide.fire-emblem-heroes.com\/wp-content\/uploads\/heanius_frelian_moonlight_pop01.png\" class=\"popup-image\">\r\n                                <img decoding=\"async\" src=\"https:\/\/guide.fire-emblem-heroes.com\/wp-content\/uploads\/heanius_frelian_moonlight_info01.png\" alt=\"\" \/>\r\n                            <\/a>\r\n                        <\/dd>\r\n                        <dt id=\"CHARA_429_010\" class=\"sec_dt\">Tout jeune, Innes connaissait d\u00e9j\u00e0 Ephraim et Eirika de\u00a0Renais. En fait, il voyait d\u00e9j\u00e0 Ephraim comme un rival \u00e0 l&rsquo;\u00e9poque\u2026<\/dt>\r\n                        <dd class=\"sec_dd\">\r\n                            <a href=\"https:\/\/guide.fire-emblem-heroes.com\/wp-content\/uploads\/heanius_frelian_moonlight_pop02.png\" class=\"popup-image\">\r\n                                <img decoding=\"async\" src=\"https:\/\/guide.fire-emblem-heroes.com\/wp-content\/uploads\/heanius_frelian_moonlight_info02.png\" alt=\"\" \/>\r\n                            <\/a>\r\n                        <\/dd>\r\n                        <dt id=\"CHARA_429_011\" class=\"sec_dt\">Les gens voient en Innes un personnage froid, mais ici on peut le voir s&rsquo;inqui\u00e9ter pour Tana, sa s\u0153ur un peu casse-cou. Une fois, Tana a perdu la couronne de leur p\u00e8re, et Innes lui a \u00e9pargn\u00e9 bien des ennuis en allant la r\u00e9cup\u00e9rer lui-m\u00eame. La couronne, bien s\u00fbr, pas Tana&#8230;<\/dt>\r\n                        <dd class=\"sec_dd\">\r\n                            <a href=\"https:\/\/guide.fire-emblem-heroes.com\/wp-content\/uploads\/heanius_frelian_moonlight_pop03.png\" class=\"popup-image\">\r\n                                <img decoding=\"async\" src=\"https:\/\/guide.fire-emblem-heroes.com\/wp-content\/uploads\/heanius_frelian_moonlight_info03.png\" alt=\"\" \/>\r\n                            <\/a>\r\n                        <\/dd>\r\n                        <dt id=\"CHARA_429_012\" class=\"sec_dt\">Innes est fier et intelligent, mais demeure incompris de beaucoup, \u00e0 mon avis. Eh bien, voici sa chance de montrer \u00e0 quel point il a toujours \u00e9t\u00e9 bienveillant et attentionn\u00e9\u00a0!<\/dt>\r\n                        <dd class=\"sec_dd\">\r\n                            <a href=\"https:\/\/guide.fire-emblem-heroes.com\/wp-content\/uploads\/heanius_frelian_moonlight_pop04.png\" class=\"popup-image\">\r\n                                <img decoding=\"async\" src=\"https:\/\/guide.fire-emblem-heroes.com\/wp-content\/uploads\/heanius_frelian_moonlight_info04.png\" alt=\"\" \/>\r\n                            <\/a>\r\n                        <\/dd>\r\n                    <\/dl>\r\n                    <h3 id=\"CHARA_429_013\" class=\"sec_h3charatxt\">Personnage li\u00e9 \u00e0<\/h3>\r\n                    <h4 id=\"CHARA_429_014\" class=\"sec_h4charatxt\">Tana<\/h4>\r\n                    <p id=\"CHARA_429_015\" class=\"sec_charatxt\">Princesse de Frelia et s\u0153ur d&rsquo;Innes, elle est quelque peu na\u00efve, mais aussi aimable et joyeuse.<\/p>\r\n                    <h4 id=\"CHARA_429_016\" class=\"sec_h4charatxt\">Ephraim<\/h4>\r\n                    <p id=\"CHARA_429_017\" class=\"sec_charatxt\">Prince de Renais et fr\u00e8re jumeau d&rsquo;Eirika, il tient beaucoup \u00e0 sa s\u0153ur. Sa grande confiance en lui le met parfois en danger. Innes et lui se sont connus durant l&rsquo;enfance.<\/p>\r\n                    <h4 id=\"CHARA_429_018\" class=\"sec_h4charatxt\">Eirika<\/h4>\r\n                    <p id=\"CHARA_429_019\" class=\"sec_charatxt\">Princesse de Renais et s\u0153ur jumelle d&rsquo;Ephraim, dont elle prend grand soin. Sa trop grande gentillesse l&rsquo;a parfois mise en danger. Innes et elle \u00e9taient amis durant l&rsquo;enfance.<\/p>\r\n                <\/section>\r\n            <\/article>\r\n        <\/main>","protected":false},"excerpt":{"rendered":"H\u00e9ros sp\u00e9ciaux Lune de Frelia Innes Appara\u00eet dans Fire Emblem: The Sacred Stones Sharena vous pr\u00e9sente&#8230; Lune de Frelia Innes Ce gar\u00e7on vous rappelle quelqu&rsquo;un\u00a0? Ce regard aiguis\u00e9 devrait vous dire quelque chose, ou alors son allure pleine de sang-froid. Vous l&rsquo;avez compris\u00a0: il s&rsquo;agit d&rsquo;Innes, prince de Frelia\u00a0! On dirait que sa version jeune [&hellip;]","protected":false},"author":1,"featured_media":25740,"comment_status":"closed","ping_status":"closed","sticky":false,"template":"","format":"standard","meta":{"advanced_seo_description":"","jetpack_seo_html_title":"","jetpack_seo_noindex":false,"_jetpack_newsletter_access":"","_jetpack_dont_email_post_to_subs":false,"_jetpack_newsletter_tier_id":0,"_jetpack_memberships_contains_paywalled_content":false,"_locale":"fr_FR","_original_post":"https:\/\/guide.fire-emblem-heroes.com\/?p=25605","_jetpack_memberships_contains_paid_content":false,"footnotes":"","jetpack_publicize_message":"","jetpack_publicize_feature_enabled":true,"jetpack_social_post_already_shared":true,"jetpack_social_options":{"image_generator_settings":{"template":"highway","default_image_id":0,"font":"","enabled":false},"version":2},"_wpas_customize_per_network":false,"jetpack_post_was_ever_published":false},"categories":[1384,1428,1405,1390],"tags":[1410],"class_list":["post-25613","post","type-post","status-publish","format-standard","has-post-thumbnail","hentry","category-character","category-ex_works_the_sacred_stones","category-special_heroes","category-stay_heroes","tag-heros-speciaux","fr-FR"],"jetpack_publicize_connections":[],"jetpack_featured_media_url":"https:\/\/guide.fire-emblem-heroes.com\/wp-content\/uploads\/heanius_frelian_moonlight.png","jetpack_sharing_enabled":false,"jetpack_shortlink":"https:\/\/wp.me\/pa0Mj3-6F7","jetpack_likes_enabled":false,"amp_enabled":false,"_links":{"self":[{"href":"https:\/\/guide.fire-emblem-heroes.com\/wp-json\/wp\/v2\/posts\/25613","targetHints":{"allow":["GET"]}}],"collection":[{"href":"https:\/\/guide.fire-emblem-heroes.com\/wp-json\/wp\/v2\/posts"}],"about":[{"href":"https:\/\/guide.fire-emblem-heroes.com\/wp-json\/wp\/v2\/types\/post"}],"author":[{"embeddable":true,"href":"https:\/\/guide.fire-emblem-heroes.com\/wp-json\/wp\/v2\/users\/1"}],"replies":[{"embeddable":true,"href":"https:\/\/guide.fire-emblem-heroes.com\/wp-json\/wp\/v2\/comments?post=25613"}],"version-history":[{"count":1,"href":"https:\/\/guide.fire-emblem-heroes.com\/wp-json\/wp\/v2\/posts\/25613\/revisions"}],"predecessor-version":[{"id":25624,"href":"https:\/\/guide.fire-emblem-heroes.com\/wp-json\/wp\/v2\/posts\/25613\/revisions\/25624"}],"wp:featuredmedia":[{"embeddable":true,"href":"https:\/\/guide.fire-emblem-heroes.com\/wp-json\/wp\/v2\/media\/25740"}],"wp:attachment":[{"href":"https:\/\/guide.fire-emblem-heroes.com\/wp-json\/wp\/v2\/media?parent=25613"}],"wp:term":[{"taxonomy":"category","embeddable":true,"href":"https:\/\/guide.fire-emblem-heroes.com\/wp-json\/wp\/v2\/categories?post=25613"},{"taxonomy":"post_tag","embeddable":true,"href":"https:\/\/guide.fire-emblem-heroes.com\/wp-json\/wp\/v2\/tags?post=25613"}],"curies":[{"name":"wp","href":"https:\/\/api.w.org\/{rel}","templated":true}]}}