






{"id":25634,"date":"2021-04-16T10:39:41","date_gmt":"2021-04-16T01:39:41","guid":{"rendered":"https:\/\/guide.fire-emblem-heroes.com\/?p=25634"},"modified":"2021-05-19T17:47:35","modified_gmt":"2021-05-19T08:47:35","slug":"07002002000650-2","status":"publish","type":"post","link":"https:\/\/guide.fire-emblem-heroes.com\/fr\/07002002000650-2\/","title":{"rendered":"<span class=\"character_nick\">Astre de Frelia<\/span><span class=\"character_name\">Tana<\/span>"},"content":{"rendered":"<main id=\"CHARA_430\" class=\"main_page character\">\r\n            <article>\r\n                <section class=\"sec sec_character\">\r\n                    <ul class=\"sec_ul sec_ul--character slick-box\">\r\n                        <li class=\"sec_li sec_li--character\">\r\n                            <img decoding=\"async\" src=\"https:\/\/guide.fire-emblem-heroes.com\/wp-content\/uploads\/turner_frelian_starlight_slide01.png\" alt=\"\" \/>\r\n                        <\/li>\r\n                        <li class=\"sec_li sec_li--character\">\r\n                            <img decoding=\"async\" src=\"https:\/\/guide.fire-emblem-heroes.com\/wp-content\/uploads\/turner_frelian_starlight_slide02.png\" alt=\"\" \/>\r\n                        <\/li>\r\n                        <li class=\"sec_li sec_li--character\">\r\n                            <img decoding=\"async\" src=\"https:\/\/guide.fire-emblem-heroes.com\/wp-content\/uploads\/turner_frelian_starlight_slide03.png\" alt=\"\" \/>\r\n                        <\/li>\r\n                        <li class=\"sec_li sec_li--character\">\r\n                            <img decoding=\"async\" src=\"https:\/\/guide.fire-emblem-heroes.com\/wp-content\/uploads\/turner_frelian_starlight_slide04.png\" alt=\"\" \/>\r\n                        <\/li>\r\n                    <\/ul>\r\n                    <div class=\"sec_charainfoarea flex\">\r\n                        <div class=\"sec_gif\"><img loading=\"lazy\" decoding=\"async\" src=\"https:\/\/guide.fire-emblem-heroes.com\/wp-content\/uploads\/turner_frelian_starlight.png\" alt=\"\" width=\"210\" height=\"190\"\/><\/div>\r\n                        <div class=\"sec_charainfo\">\r\n                            <p id=\"CHARA_430_002\" class=\"sec_characate sec_characate--special_heroes\">H\u00e9ros sp\u00e9ciaux<\/p>\r\n                            <p id=\"CHARA_430_003\" class=\"sec_charanick\">Astre de Frelia<\/p>\r\n                            <p id=\"CHARA_430_004\" class=\"sec_charaname\">Tana<\/p>\r\n                            <p id=\"CHARA_430_005\" class=\"sec_charaappearancetxt\">Appara\u00eet dans<\/p>\r\n                            <p id=\"CHARA_430_006\" class=\"sec_charaappearancetxt\">Fire Emblem: The Sacred Stones<\/p>\r\n                        <\/div>\r\n                    <\/div>\r\n                <\/section>\r\n            <\/article>\r\n            <article>\r\n                <section class=\"sec sec_characterarea\">\r\n                    <div class=\"sec_h2chara\">\r\n                        <p id=\"CHARA_430_007\" class=\"sec_h2charattl\">Sharena vous pr\u00e9sente&#8230;<\/p>\r\n                        <h2 id=\"CHARA_430_008\" class=\"sec_h2charatxt\">Astre de Frelia Tana<\/h2>\r\n                    <\/div>\r\n                    <dl class=\"sec_dl flex\">\r\n                        <dt id=\"CHARA_430_009\" class=\"sec_dt\">Tana est la princesse de Frelia, mais cette fois, elle semble particuli\u00e8rement jeune, \u00e0 en juger par ses tresses tr\u00e8s courtes\u00a0!<\/dt>\r\n                        <dd class=\"sec_dd\">\r\n                            <a href=\"https:\/\/guide.fire-emblem-heroes.com\/wp-content\/uploads\/turner_frelian_starlight_pop01.png\" class=\"popup-image\">\r\n                                <img decoding=\"async\" src=\"https:\/\/guide.fire-emblem-heroes.com\/wp-content\/uploads\/turner_frelian_starlight_info01.png\" alt=\"\" \/>\r\n                            <\/a>\r\n                        <\/dd>\r\n                        <dt id=\"CHARA_430_010\" class=\"sec_dt\">Elle a toujours \u00e9t\u00e9 amicale et avenante, et m\u00eame enfant, elle aimait voler sur le dos de son p\u00e9gase. J&rsquo;imagine que \u00e7a n&rsquo;a rien d&rsquo;inhabituel, Frelia \u00e9tant renomm\u00e9e pour ses chevaliers p\u00e9gases.<\/dt>\r\n                        <dd class=\"sec_dd\">\r\n                            <a href=\"https:\/\/guide.fire-emblem-heroes.com\/wp-content\/uploads\/turner_frelian_starlight_pop02.png\" class=\"popup-image\">\r\n                                <img decoding=\"async\" src=\"https:\/\/guide.fire-emblem-heroes.com\/wp-content\/uploads\/turner_frelian_starlight_info02.png\" alt=\"\" \/>\r\n                            <\/a>\r\n                        <\/dd>\r\n                        <dt id=\"CHARA_430_011\" class=\"sec_dt\">Comme son grand fr\u00e8re Innes, Tana \u00e9tait amie avec Ephraim et Eirika de\u00a0Renais. Je les vois d&rsquo;ici&#8230; Ils devaient bien s&rsquo;amuser\u00a0!<\/dt>\r\n                        <dd class=\"sec_dd\">\r\n                            <a href=\"https:\/\/guide.fire-emblem-heroes.com\/wp-content\/uploads\/turner_frelian_starlight_pop03.png\" class=\"popup-image\">\r\n                                <img decoding=\"async\" src=\"https:\/\/guide.fire-emblem-heroes.com\/wp-content\/uploads\/turner_frelian_starlight_info03.png\" alt=\"\" \/>\r\n                            <\/a>\r\n                        <\/dd>\r\n                        <dt id=\"CHARA_430_012\" class=\"sec_dt\">\u00c0 cet \u00e2ge, Tana voulait grandir vite pour que ce ne soit pas toujours son fr\u00e8re qui l&rsquo;aide. Avec des gens comme Syrene \u00e0 ses c\u00f4t\u00e9s pour la guider, je suis certaine qu&rsquo;elle deviendra une femme forte et de confiance.<\/dt>\r\n                        <dd class=\"sec_dd\">\r\n                            <a href=\"https:\/\/guide.fire-emblem-heroes.com\/wp-content\/uploads\/turner_frelian_starlight_pop04.png\" class=\"popup-image\">\r\n                                <img decoding=\"async\" src=\"https:\/\/guide.fire-emblem-heroes.com\/wp-content\/uploads\/turner_frelian_starlight_info04.png\" alt=\"\" \/>\r\n                            <\/a>\r\n                        <\/dd>\r\n                    <\/dl>\r\n                    <h3 id=\"CHARA_430_013\" class=\"sec_h3charatxt\">Personnage li\u00e9 \u00e0<\/h3>\r\n                    <h4 id=\"CHARA_430_014\" class=\"sec_h4charatxt\">Innes<\/h4>\r\n                    <p id=\"CHARA_430_015\" class=\"sec_charatxt\">Prince de Frelia et fr\u00e8re de Tana, il est arrogant et effront\u00e9, mais il a bon c\u0153ur.<\/p>\r\n                    <h4 id=\"CHARA_430_016\" class=\"sec_h4charatxt\">Ephraim<\/h4>\r\n                    <p id=\"CHARA_430_017\" class=\"sec_charatxt\">Prince de Renais, il prend grand soin de sa s\u0153ur jumelle Eirika. Sa trop grande confiance l&rsquo;a parfois mis en danger. Tana et lui \u00e9taient amis durant l&rsquo;enfance.<\/p>\r\n                    <h4 id=\"CHARA_430_018\" class=\"sec_h4charatxt\">Eirika<\/h4>\r\n                    <p id=\"CHARA_430_019\" class=\"sec_charatxt\">Princesse de Renais et s\u0153ur jumelle d&rsquo;Ephraim, elle tient beaucoup \u00e0 son fr\u00e8re. Sa grande gentillesse la met parfois en danger. Tana et elle \u00e9taient amies durant l&rsquo;enfance.<\/p>\r\n                <\/section>\r\n            <\/article>\r\n        <\/main>","protected":false},"excerpt":{"rendered":"H\u00e9ros sp\u00e9ciaux Astre de Frelia Tana Appara\u00eet dans Fire Emblem: The Sacred Stones Sharena vous pr\u00e9sente&#8230; Astre de Frelia Tana Tana est la princesse de Frelia, mais cette fois, elle semble particuli\u00e8rement jeune, \u00e0 en juger par ses tresses tr\u00e8s courtes\u00a0! Elle a toujours \u00e9t\u00e9 amicale et avenante, et m\u00eame enfant, elle aimait voler sur [&hellip;]","protected":false},"author":1,"featured_media":25779,"comment_status":"closed","ping_status":"closed","sticky":false,"template":"","format":"standard","meta":{"advanced_seo_description":"","jetpack_seo_html_title":"","jetpack_seo_noindex":false,"_jetpack_newsletter_access":"","_jetpack_dont_email_post_to_subs":false,"_jetpack_newsletter_tier_id":0,"_jetpack_memberships_contains_paywalled_content":false,"_locale":"fr_FR","_original_post":"https:\/\/guide.fire-emblem-heroes.com\/?p=25626","_jetpack_memberships_contains_paid_content":false,"footnotes":"","jetpack_publicize_message":"","jetpack_publicize_feature_enabled":true,"jetpack_social_post_already_shared":true,"jetpack_social_options":{"image_generator_settings":{"template":"highway","default_image_id":0,"font":"","enabled":false},"version":2},"_wpas_customize_per_network":false,"jetpack_post_was_ever_published":false},"categories":[1384,1428,1405,1390],"tags":[1410],"class_list":["post-25634","post","type-post","status-publish","format-standard","has-post-thumbnail","hentry","category-character","category-ex_works_the_sacred_stones","category-special_heroes","category-stay_heroes","tag-heros-speciaux","fr-FR"],"jetpack_publicize_connections":[],"jetpack_featured_media_url":"https:\/\/guide.fire-emblem-heroes.com\/wp-content\/uploads\/turner_frelian_starlight.png","jetpack_sharing_enabled":false,"jetpack_shortlink":"https:\/\/wp.me\/pa0Mj3-6Fs","jetpack_likes_enabled":false,"amp_enabled":false,"_links":{"self":[{"href":"https:\/\/guide.fire-emblem-heroes.com\/wp-json\/wp\/v2\/posts\/25634","targetHints":{"allow":["GET"]}}],"collection":[{"href":"https:\/\/guide.fire-emblem-heroes.com\/wp-json\/wp\/v2\/posts"}],"about":[{"href":"https:\/\/guide.fire-emblem-heroes.com\/wp-json\/wp\/v2\/types\/post"}],"author":[{"embeddable":true,"href":"https:\/\/guide.fire-emblem-heroes.com\/wp-json\/wp\/v2\/users\/1"}],"replies":[{"embeddable":true,"href":"https:\/\/guide.fire-emblem-heroes.com\/wp-json\/wp\/v2\/comments?post=25634"}],"version-history":[{"count":1,"href":"https:\/\/guide.fire-emblem-heroes.com\/wp-json\/wp\/v2\/posts\/25634\/revisions"}],"predecessor-version":[{"id":25643,"href":"https:\/\/guide.fire-emblem-heroes.com\/wp-json\/wp\/v2\/posts\/25634\/revisions\/25643"}],"wp:featuredmedia":[{"embeddable":true,"href":"https:\/\/guide.fire-emblem-heroes.com\/wp-json\/wp\/v2\/media\/25779"}],"wp:attachment":[{"href":"https:\/\/guide.fire-emblem-heroes.com\/wp-json\/wp\/v2\/media?parent=25634"}],"wp:term":[{"taxonomy":"category","embeddable":true,"href":"https:\/\/guide.fire-emblem-heroes.com\/wp-json\/wp\/v2\/categories?post=25634"},{"taxonomy":"post_tag","embeddable":true,"href":"https:\/\/guide.fire-emblem-heroes.com\/wp-json\/wp\/v2\/tags?post=25634"}],"curies":[{"name":"wp","href":"https:\/\/api.w.org\/{rel}","templated":true}]}}