






{"id":25676,"date":"2021-04-16T11:39:31","date_gmt":"2021-04-16T02:39:31","guid":{"rendered":"https:\/\/guide.fire-emblem-heroes.com\/?p=25676"},"modified":"2021-05-19T17:53:09","modified_gmt":"2021-05-19T08:53:09","slug":"07001001000649-2","status":"publish","type":"post","link":"https:\/\/guide.fire-emblem-heroes.com\/fr\/07001001000649-2\/","title":{"rendered":"<span class=\"character_nick\">\u00c9clat jumeau<\/span><span class=\"character_name\">Eirika<\/span>"},"content":{"rendered":"<main id=\"CHARA_432\" class=\"main_page character\">\r\n            <article>\r\n                <section class=\"sec sec_character\">\r\n                    <ul class=\"sec_ul sec_ul--character slick-box\">\r\n                        <li class=\"sec_li sec_li--character\">\r\n                            <img decoding=\"async\" src=\"https:\/\/guide.fire-emblem-heroes.com\/wp-content\/uploads\/eirik_twin_refulgence_slide01.png\" alt=\"\" \/>\r\n                        <\/li>\r\n                        <li class=\"sec_li sec_li--character\">\r\n                            <img decoding=\"async\" src=\"https:\/\/guide.fire-emblem-heroes.com\/wp-content\/uploads\/eirik_twin_refulgence_slide02.png\" alt=\"\" \/>\r\n                        <\/li>\r\n                        <li class=\"sec_li sec_li--character\">\r\n                            <img decoding=\"async\" src=\"https:\/\/guide.fire-emblem-heroes.com\/wp-content\/uploads\/eirik_twin_refulgence_slide03.png\" alt=\"\" \/>\r\n                        <\/li>\r\n                        <li class=\"sec_li sec_li--character\">\r\n                            <img decoding=\"async\" src=\"https:\/\/guide.fire-emblem-heroes.com\/wp-content\/uploads\/eirik_twin_refulgence_slide04.png\" alt=\"\" \/>\r\n                        <\/li>\r\n                    <\/ul>\r\n                    <div class=\"sec_charainfoarea flex\">\r\n                        <div class=\"sec_gif\"><img loading=\"lazy\" decoding=\"async\" src=\"https:\/\/guide.fire-emblem-heroes.com\/wp-content\/uploads\/eirik_twin_refulgence.png\" alt=\"\" width=\"210\" height=\"190\"\/><\/div>\r\n                        <div class=\"sec_charainfo\">\r\n                            <p id=\"CHARA_432_002\" class=\"sec_characate sec_characate--duo_hero\">Doubles unit\u00e9s<\/p>\r\n                            <p id=\"CHARA_432_003\" class=\"sec_charanick\">\u00c9clat jumeau<\/p>\r\n                            <p id=\"CHARA_432_004\" class=\"sec_charaname\">Eirika<\/p>\r\n                            <p id=\"CHARA_432_005\" class=\"sec_charaappearancetxt\">Appara\u00eet dans<\/p>\r\n                            <p id=\"CHARA_432_006\" class=\"sec_charaappearancetxt\">Fire Emblem: The Sacred Stones<\/p>\r\n                        <\/div>\r\n                    <\/div>\r\n                <\/section>\r\n            <\/article>\r\n            <article>\r\n                <section class=\"sec sec_characterarea\">\r\n                    <div class=\"sec_h2chara\">\r\n                        <p id=\"CHARA_432_007\" class=\"sec_h2charattl\">Sharena vous pr\u00e9sente&#8230;<\/p>\r\n                        <h2 id=\"CHARA_432_008\" class=\"sec_h2charatxt\">\u00c9clat jumeau Eirika<\/h2>\r\n                    <\/div>\r\n                    <dl class=\"sec_dl flex\">\r\n                        <dt id=\"CHARA_432_009\" class=\"sec_dt\">Voici Eirika, princesse de Renais\u00a0! Cette fois-ci, elle a \u00e9t\u00e9 invoqu\u00e9e en Askr de son enfance, et elle est accompagn\u00e9e de son fr\u00e8re Ephraim\u00a0!<\/dt>\r\n                        <dd class=\"sec_dd\">\r\n                            <a href=\"https:\/\/guide.fire-emblem-heroes.com\/wp-content\/uploads\/eirik_twin_refulgence_pop01.png\" class=\"popup-image\">\r\n                                <img decoding=\"async\" src=\"https:\/\/guide.fire-emblem-heroes.com\/wp-content\/uploads\/eirik_twin_refulgence_info01.png\" alt=\"\" \/>\r\n                            <\/a>\r\n                        <\/dd>\r\n                        <dt id=\"CHARA_432_010\" class=\"sec_dt\">Eirika a bon c\u0153ur, elle est pr\u00eate \u00e0 prendre des risques pour prot\u00e9ger les autres. Quand elle avait environ cet \u00e2ge, elle se mettait, para\u00eet-il, souvent en col\u00e8re car Ephraim voulait absolument la prot\u00e9ger et finissait par se blesser.<\/dt>\r\n                        <dd class=\"sec_dd\">\r\n                            <a href=\"https:\/\/guide.fire-emblem-heroes.com\/wp-content\/uploads\/eirik_twin_refulgence_pop02.png\" class=\"popup-image\">\r\n                                <img decoding=\"async\" src=\"https:\/\/guide.fire-emblem-heroes.com\/wp-content\/uploads\/eirik_twin_refulgence_info02.png\" alt=\"\" \/>\r\n                            <\/a>\r\n                        <\/dd>\r\n                        <dt id=\"CHARA_432_011\" class=\"sec_dt\">Ephraim a ensuite \u00e9tudi\u00e9 avec Duessel de l&#8217;empire de Grado, qui l&rsquo;a entra\u00een\u00e9 au maniement de la lance. Mais ici, on dirait qu&rsquo;il utilise plut\u00f4t une rapi\u00e8re.<\/dt>\r\n                        <dd class=\"sec_dd\">\r\n                            <a href=\"https:\/\/guide.fire-emblem-heroes.com\/wp-content\/uploads\/eirik_twin_refulgence_pop03.png\" class=\"popup-image\">\r\n                                <img decoding=\"async\" src=\"https:\/\/guide.fire-emblem-heroes.com\/wp-content\/uploads\/eirik_twin_refulgence_info03.png\" alt=\"\" \/>\r\n                            <\/a>\r\n                        <\/dd>\r\n                        <dt id=\"CHARA_432_012\" class=\"sec_dt\">M\u00eame s&rsquo;ils sont jumeaux, les deux ont des caract\u00e8res bien diff\u00e9rents. L\u00e0 o\u00f9 Eirika est une noble et douce princesse, Ephraim est un combattant forcen\u00e9. Cela dit, ils prennent soin l&rsquo;un de l&rsquo;autre, chacun \u00e0 leur mani\u00e8re, et ce lien resserr\u00e9 n&rsquo;a absolument pas chang\u00e9 depuis leur enfance.<\/dt>\r\n                        <dd class=\"sec_dd\">\r\n                            <a href=\"https:\/\/guide.fire-emblem-heroes.com\/wp-content\/uploads\/eirik_twin_refulgence_pop04.png\" class=\"popup-image\">\r\n                                <img decoding=\"async\" src=\"https:\/\/guide.fire-emblem-heroes.com\/wp-content\/uploads\/eirik_twin_refulgence_info04.png\" alt=\"\" \/>\r\n                            <\/a>\r\n                        <\/dd>\r\n                    <\/dl>\r\n                    <h3 id=\"CHARA_432_013\" class=\"sec_h3charatxt\">Personnage li\u00e9 \u00e0<\/h3>\r\n                    <h4 id=\"CHARA_432_014\" class=\"sec_h4charatxt\">Duessel<\/h4>\r\n                    <p id=\"CHARA_432_015\" class=\"sec_charatxt\">Il est l&rsquo;un des g\u00e9n\u00e9raux les plus anciens de Grado. Surnomm\u00e9 \u00ab\u00a0l&rsquo;Obsidienne\u00a0\u00bb, il fait partie des Trois Imp\u00e9riaux. Il apprend \u00e0 Ephraim le maniement de la lance durant les \u00e9tudes du jeune prince \u00e0 Grado.<\/p>\r\n                    <h4 id=\"CHARA_432_016\" class=\"sec_h4charatxt\">Innes<\/h4>\r\n                    <p id=\"CHARA_432_017\" class=\"sec_charatxt\">Prince de Frelia et fr\u00e8re de Tana, il est arrogant et effront\u00e9, mais il a bon c\u0153ur. Il est ami avec Eirika et Ephraim depuis leur jeune \u00e2ge.<\/p>\r\n                    <h4 id=\"CHARA_432_018\" class=\"sec_h4charatxt\">Tana<\/h4>\r\n                    <p id=\"CHARA_432_019\" class=\"sec_charatxt\">Princesse de Frelia et s\u0153ur d&rsquo;Innes, elle est quelque peu na\u00efve, mais aussi aimable et joyeuse. Elle est amie avec Eirika et Ephraim depuis leur jeune \u00e2ge.<\/p>\r\n                <\/section>\r\n            <\/article>\r\n        <\/main>","protected":false},"excerpt":{"rendered":"Doubles unit\u00e9s \u00c9clat jumeau Eirika Appara\u00eet dans Fire Emblem: The Sacred Stones Sharena vous pr\u00e9sente&#8230; \u00c9clat jumeau Eirika Voici Eirika, princesse de Renais\u00a0! Cette fois-ci, elle a \u00e9t\u00e9 invoqu\u00e9e en Askr de son enfance, et elle est accompagn\u00e9e de son fr\u00e8re Ephraim\u00a0! Eirika a bon c\u0153ur, elle est pr\u00eate \u00e0 prendre des risques pour prot\u00e9ger [&hellip;]","protected":false},"author":1,"featured_media":25727,"comment_status":"closed","ping_status":"closed","sticky":false,"template":"","format":"standard","meta":{"advanced_seo_description":"","jetpack_seo_html_title":"","jetpack_seo_noindex":false,"_jetpack_newsletter_access":"","_jetpack_dont_email_post_to_subs":false,"_jetpack_newsletter_tier_id":0,"_jetpack_memberships_contains_paywalled_content":false,"_locale":"fr_FR","_original_post":"https:\/\/guide.fire-emblem-heroes.com\/?p=25668","_jetpack_memberships_contains_paid_content":false,"footnotes":"","jetpack_publicize_message":"","jetpack_publicize_feature_enabled":true,"jetpack_social_post_already_shared":true,"jetpack_social_options":{"image_generator_settings":{"template":"highway","default_image_id":0,"font":"","enabled":false},"version":2},"_wpas_customize_per_network":false,"jetpack_post_was_ever_published":false},"categories":[1384,1428,1390,1440],"tags":[1445],"class_list":["post-25676","post","type-post","status-publish","format-standard","has-post-thumbnail","hentry","category-character","category-ex_works_the_sacred_stones","category-stay_heroes","category-duo_heroes","tag-doubles-unites","fr-FR"],"jetpack_publicize_connections":[],"jetpack_featured_media_url":"https:\/\/guide.fire-emblem-heroes.com\/wp-content\/uploads\/eirik_twin_refulgence.png","jetpack_sharing_enabled":false,"jetpack_shortlink":"https:\/\/wp.me\/pa0Mj3-6G8","jetpack_likes_enabled":false,"amp_enabled":false,"_links":{"self":[{"href":"https:\/\/guide.fire-emblem-heroes.com\/wp-json\/wp\/v2\/posts\/25676","targetHints":{"allow":["GET"]}}],"collection":[{"href":"https:\/\/guide.fire-emblem-heroes.com\/wp-json\/wp\/v2\/posts"}],"about":[{"href":"https:\/\/guide.fire-emblem-heroes.com\/wp-json\/wp\/v2\/types\/post"}],"author":[{"embeddable":true,"href":"https:\/\/guide.fire-emblem-heroes.com\/wp-json\/wp\/v2\/users\/1"}],"replies":[{"embeddable":true,"href":"https:\/\/guide.fire-emblem-heroes.com\/wp-json\/wp\/v2\/comments?post=25676"}],"version-history":[{"count":1,"href":"https:\/\/guide.fire-emblem-heroes.com\/wp-json\/wp\/v2\/posts\/25676\/revisions"}],"predecessor-version":[{"id":25687,"href":"https:\/\/guide.fire-emblem-heroes.com\/wp-json\/wp\/v2\/posts\/25676\/revisions\/25687"}],"wp:featuredmedia":[{"embeddable":true,"href":"https:\/\/guide.fire-emblem-heroes.com\/wp-json\/wp\/v2\/media\/25727"}],"wp:attachment":[{"href":"https:\/\/guide.fire-emblem-heroes.com\/wp-json\/wp\/v2\/media?parent=25676"}],"wp:term":[{"taxonomy":"category","embeddable":true,"href":"https:\/\/guide.fire-emblem-heroes.com\/wp-json\/wp\/v2\/categories?post=25676"},{"taxonomy":"post_tag","embeddable":true,"href":"https:\/\/guide.fire-emblem-heroes.com\/wp-json\/wp\/v2\/tags?post=25676"}],"curies":[{"name":"wp","href":"https:\/\/api.w.org\/{rel}","templated":true}]}}