






{"id":26055,"date":"2021-05-06T12:05:37","date_gmt":"2021-05-06T03:05:37","guid":{"rendered":"https:\/\/guide.fire-emblem-heroes.com\/?p=26055"},"modified":"2021-05-31T16:19:18","modified_gmt":"2021-05-31T07:19:18","slug":"10069008000657-2","status":"publish","type":"post","link":"https:\/\/guide.fire-emblem-heroes.com\/fr\/10069008000657-2\/","title":{"rendered":"<span class=\"character_nick\">Sombre destin\u00e9e<\/span><span class=\"character_name\">Linfan<\/span>"},"content":{"rendered":"<main id=\"CHARA_442\" class=\"main_page character\">\r\n            <article>\r\n                <section class=\"sec sec_character\">\r\n                    <ul class=\"sec_ul sec_ul--character slick-box\">\r\n                        <li class=\"sec_li sec_li--character\">\r\n                            <img decoding=\"async\" src=\"https:\/\/guide.fire-emblem-heroes.com\/wp-content\/uploads\/marc_fated_darkness_slide01.png\" alt=\"\" \/>\r\n                        <\/li>\r\n                        <li class=\"sec_li sec_li--character\">\r\n                            <img decoding=\"async\" src=\"https:\/\/guide.fire-emblem-heroes.com\/wp-content\/uploads\/marc_fated_darkness_slide02.png\" alt=\"\" \/>\r\n                        <\/li>\r\n                        <li class=\"sec_li sec_li--character\">\r\n                            <img decoding=\"async\" src=\"https:\/\/guide.fire-emblem-heroes.com\/wp-content\/uploads\/marc_fated_darkness_slide03.png\" alt=\"\" \/>\r\n                        <\/li>\r\n                        <li class=\"sec_li sec_li--character\">\r\n                            <img decoding=\"async\" src=\"https:\/\/guide.fire-emblem-heroes.com\/wp-content\/uploads\/marc_fated_darkness_slide04.png\" alt=\"\" \/>\r\n                        <\/li>\r\n                    <\/ul>\r\n                    <div class=\"sec_charainfoarea flex\">\r\n                        <div class=\"sec_gif\"><img loading=\"lazy\" decoding=\"async\" src=\"https:\/\/guide.fire-emblem-heroes.com\/wp-content\/uploads\/marc_fated_darkness.png\" alt=\"\" width=\"210\" height=\"190\"\/><\/div>\r\n                        <div class=\"sec_charainfo\">\r\n                            <p id=\"CHARA_442_002\" class=\"sec_characate sec_characate--heroes\">H\u00e9ros<\/p>\r\n                            <p id=\"CHARA_442_003\" class=\"sec_charanick\">Sombre destin\u00e9e<\/p>\r\n                            <p id=\"CHARA_442_004\" class=\"sec_charaname\">Linfan<\/p>\r\n                            <p id=\"CHARA_442_005\" class=\"sec_charaappearancetxt\">Appara\u00eet dans<\/p>\r\n                            <p id=\"CHARA_442_006\" class=\"sec_charaappearancetxt\">Fire Emblem: Awakening<\/p>\r\n                        <\/div>\r\n                    <\/div>\r\n                <\/section>\r\n            <\/article>\r\n            <article>\r\n                <section class=\"sec sec_characterarea\">\r\n                    <div class=\"sec_h2chara\">\r\n                        <p id=\"CHARA_442_007\" class=\"sec_h2charattl\">Sharena vous pr\u00e9sente&#8230;<\/p>\r\n                        <h2 id=\"CHARA_442_008\" class=\"sec_h2charatxt\">Sombre destin\u00e9e Linfan<\/h2>\r\n                    <\/div>\r\n                    <dl class=\"sec_dl flex\">\r\n                        <dt id=\"CHARA_442_009\" class=\"sec_dt\">Linfan est le fils de Daraen, strat\u00e8ge l\u00e9gendaire, et souhaite suivre ses pas pour devenir un tacticien lui aussi. Il est venu en Askr depuis une version future du monde de Daraen et\u2026 il est assez intimidant, non\u00a0?<\/dt>\r\n                        <dd class=\"sec_dd\">\r\n                            <a href=\"https:\/\/guide.fire-emblem-heroes.com\/wp-content\/uploads\/marc_fated_darkness_pop01.png\" class=\"popup-image\">\r\n                                <img decoding=\"async\" src=\"https:\/\/guide.fire-emblem-heroes.com\/wp-content\/uploads\/marc_fated_darkness_info01.png\" alt=\"\" \/>\r\n                            <\/a>\r\n                        <\/dd>\r\n                        <dt id=\"CHARA_442_010\" class=\"sec_dt\">En fait, il existe une raison \u00e0 cela. Sa version du futur vient d&rsquo;un monde sans espoir, o\u00f9 Linfan sert loyalement Daraen, devenue vassale de Grima.<\/dt>\r\n                        <dd class=\"sec_dd\">\r\n                            <a href=\"https:\/\/guide.fire-emblem-heroes.com\/wp-content\/uploads\/marc_fated_darkness_pop02.png\" class=\"popup-image\">\r\n                                <img decoding=\"async\" src=\"https:\/\/guide.fire-emblem-heroes.com\/wp-content\/uploads\/marc_fated_darkness_info02.png\" alt=\"\" \/>\r\n                            <\/a>\r\n                        <\/dd>\r\n                        <dt id=\"CHARA_442_011\" class=\"sec_dt\">Entour\u00e9 de l&rsquo;obscure aura qui caract\u00e9rise les pions de Grima, Linfan a combattu un groupe compos\u00e9 de Chrom et de ses amis, invoqu\u00e9s dans ce futur par Naga, le Dragon Divin.<\/dt>\r\n                        <dd class=\"sec_dd\">\r\n                            <a href=\"https:\/\/guide.fire-emblem-heroes.com\/wp-content\/uploads\/marc_fated_darkness_pop03.png\" class=\"popup-image\">\r\n                                <img decoding=\"async\" src=\"https:\/\/guide.fire-emblem-heroes.com\/wp-content\/uploads\/marc_fated_darkness_info03.png\" alt=\"\" \/>\r\n                            <\/a>\r\n                        <\/dd>\r\n                        <dt id=\"CHARA_442_012\" class=\"sec_dt\">Linfan s&rsquo;est engag\u00e9 dans cette voie parce qu&rsquo;il ne pouvait distinguer ce que Daraen \u00e9tait devenue de la m\u00e8re attentionn\u00e9e qu&rsquo;il avait connue. Je suis s\u00fbre qu&rsquo;il existe encore de la bont\u00e9 en Linfan, bien cach\u00e9e\u00a0!<\/dt>\r\n                        <dd class=\"sec_dd\">\r\n                            <a href=\"https:\/\/guide.fire-emblem-heroes.com\/wp-content\/uploads\/marc_fated_darkness_pop04.png\" class=\"popup-image\">\r\n                                <img decoding=\"async\" src=\"https:\/\/guide.fire-emblem-heroes.com\/wp-content\/uploads\/marc_fated_darkness_info04.png\" alt=\"\" \/>\r\n                            <\/a>\r\n                        <\/dd>\r\n                    <\/dl>\r\n                    <h3 id=\"CHARA_442_013\" class=\"sec_h3charatxt\">Personnage li\u00e9 \u00e0<\/h3>\r\n                    <h4 id=\"CHARA_442_014\" class=\"sec_h4charatxt\">Daraen (r\u00e9ceptacle)<\/h4>\r\n                    <p id=\"CHARA_442_015\" class=\"sec_charatxt\">Le corps et l&rsquo;esprit de la strat\u00e8ge ylissienne Daraen sous l&#8217;emprise du Dragon D\u00e9chu, Grima.<\/p>\r\n                <\/section>\r\n            <\/article>\r\n        <\/main>","protected":false},"excerpt":{"rendered":"H\u00e9ros Sombre destin\u00e9e Linfan Appara\u00eet dans Fire Emblem: Awakening Sharena vous pr\u00e9sente&#8230; Sombre destin\u00e9e Linfan Linfan est le fils de Daraen, strat\u00e8ge l\u00e9gendaire, et souhaite suivre ses pas pour devenir un tacticien lui aussi. Il est venu en Askr depuis une version future du monde de Daraen et\u2026 il est assez intimidant, non\u00a0? En fait, [&hellip;]","protected":false},"author":1,"featured_media":26173,"comment_status":"closed","ping_status":"closed","sticky":false,"template":"","format":"standard","meta":{"advanced_seo_description":"","jetpack_seo_html_title":"","jetpack_seo_noindex":false,"_jetpack_newsletter_access":"","_jetpack_dont_email_post_to_subs":false,"_jetpack_newsletter_tier_id":0,"_jetpack_memberships_contains_paywalled_content":false,"_locale":"fr_FR","_original_post":"https:\/\/guide.fire-emblem-heroes.com\/?p=26047","_jetpack_memberships_contains_paid_content":false,"footnotes":"","jetpack_publicize_message":"","jetpack_publicize_feature_enabled":true,"jetpack_social_post_already_shared":true,"jetpack_social_options":{"image_generator_settings":{"template":"highway","default_image_id":0,"font":"","enabled":false},"version":2},"_wpas_customize_per_network":false,"jetpack_post_was_ever_published":false},"categories":[1384,1415,1431,1390],"tags":[1419],"class_list":["post-26055","post","type-post","status-publish","format-standard","has-post-thumbnail","hentry","category-character","category-heroes","category-ex_works_awakening","category-stay_heroes","tag-heros","fr-FR"],"jetpack_publicize_connections":[],"jetpack_featured_media_url":"https:\/\/guide.fire-emblem-heroes.com\/wp-content\/uploads\/marc_fated_darkness.png","jetpack_sharing_enabled":false,"jetpack_shortlink":"https:\/\/wp.me\/pa0Mj3-6Mf","jetpack_likes_enabled":false,"amp_enabled":false,"_links":{"self":[{"href":"https:\/\/guide.fire-emblem-heroes.com\/wp-json\/wp\/v2\/posts\/26055","targetHints":{"allow":["GET"]}}],"collection":[{"href":"https:\/\/guide.fire-emblem-heroes.com\/wp-json\/wp\/v2\/posts"}],"about":[{"href":"https:\/\/guide.fire-emblem-heroes.com\/wp-json\/wp\/v2\/types\/post"}],"author":[{"embeddable":true,"href":"https:\/\/guide.fire-emblem-heroes.com\/wp-json\/wp\/v2\/users\/1"}],"replies":[{"embeddable":true,"href":"https:\/\/guide.fire-emblem-heroes.com\/wp-json\/wp\/v2\/comments?post=26055"}],"version-history":[{"count":1,"href":"https:\/\/guide.fire-emblem-heroes.com\/wp-json\/wp\/v2\/posts\/26055\/revisions"}],"predecessor-version":[{"id":26064,"href":"https:\/\/guide.fire-emblem-heroes.com\/wp-json\/wp\/v2\/posts\/26055\/revisions\/26064"}],"wp:featuredmedia":[{"embeddable":true,"href":"https:\/\/guide.fire-emblem-heroes.com\/wp-json\/wp\/v2\/media\/26173"}],"wp:attachment":[{"href":"https:\/\/guide.fire-emblem-heroes.com\/wp-json\/wp\/v2\/media?parent=26055"}],"wp:term":[{"taxonomy":"category","embeddable":true,"href":"https:\/\/guide.fire-emblem-heroes.com\/wp-json\/wp\/v2\/categories?post=26055"},{"taxonomy":"post_tag","embeddable":true,"href":"https:\/\/guide.fire-emblem-heroes.com\/wp-json\/wp\/v2\/tags?post=26055"}],"curies":[{"name":"wp","href":"https:\/\/api.w.org\/{rel}","templated":true}]}}