






{"id":27040,"date":"2021-06-28T11:16:27","date_gmt":"2021-06-28T02:16:27","guid":{"rendered":"https:\/\/guide.fire-emblem-heroes.com\/?p=27040"},"modified":"2021-07-07T16:43:24","modified_gmt":"2021-07-07T07:43:24","slug":"12001001000677-2","status":"publish","type":"post","link":"https:\/\/guide.fire-emblem-heroes.com\/fr\/12001001000677-2\/","title":{"rendered":"<span class=\"character_nick\">\u00c9toile de F\u00f3dlan<\/span><span class=\"character_name\">Byleth<\/span>"},"content":{"rendered":"<main id=\"CHARA_467\" class=\"main_page character\">\r\n            <article>\r\n                <section class=\"sec sec_character\">\r\n                    <ul class=\"sec_ul sec_ul--character slick-box\">\r\n                        <li class=\"sec_li sec_li--character\">\r\n                            <img decoding=\"async\" src=\"https:\/\/guide.fire-emblem-heroes.com\/wp-content\/uploads\/byleth_the_fodlan_star_slide01.png\" alt=\"\" \/>\r\n                        <\/li>\r\n                        <li class=\"sec_li sec_li--character\">\r\n                            <img decoding=\"async\" src=\"https:\/\/guide.fire-emblem-heroes.com\/wp-content\/uploads\/byleth_the_fodlan_star_slide02.png\" alt=\"\" \/>\r\n                        <\/li>\r\n                        <li class=\"sec_li sec_li--character\">\r\n                            <img decoding=\"async\" src=\"https:\/\/guide.fire-emblem-heroes.com\/wp-content\/uploads\/byleth_the_fodlan_star_slide03.png\" alt=\"\" \/>\r\n                        <\/li>\r\n                        <li class=\"sec_li sec_li--character\">\r\n                            <img decoding=\"async\" src=\"https:\/\/guide.fire-emblem-heroes.com\/wp-content\/uploads\/byleth_the_fodlan_star_slide04.png\" alt=\"\" \/>\r\n                        <\/li>\r\n                    <\/ul>\r\n                    <div class=\"sec_charainfoarea flex\">\r\n                        <div class=\"sec_gif\"><img loading=\"lazy\" decoding=\"async\" src=\"https:\/\/guide.fire-emblem-heroes.com\/wp-content\/uploads\/byleth_the_fodlan_star.png\" alt=\"\" width=\"210\" height=\"190\"\/><\/div>\r\n                        <div class=\"sec_charainfo\">\r\n                            <p id=\"CHARA_467_002\" class=\"sec_characate sec_characate--legendary_heroes\">H\u00e9ros l\u00e9gendaires<\/p>\r\n                            <p id=\"CHARA_467_003\" class=\"sec_charanick\">\u00c9toile de F\u00f3dlan<\/p>\r\n                            <p id=\"CHARA_467_004\" class=\"sec_charaname\">Byleth<\/p>\r\n                            <p id=\"CHARA_467_005\" class=\"sec_charaappearancetxt\">Appara\u00eet dans<\/p>\r\n                            <p id=\"CHARA_467_006\" class=\"sec_charaappearancetxt\">Fire Emblem: Three Houses<\/p>\r\n                        <\/div>\r\n                    <\/div>\r\n                <\/section>\r\n            <\/article>\r\n            <article>\r\n                <section class=\"sec sec_characterarea\">\r\n                    <div class=\"sec_h2chara\">\r\n                        <p id=\"CHARA_467_007\" class=\"sec_h2charattl\">Sharena vous pr\u00e9sente&#8230;<\/p>\r\n                        <h2 id=\"CHARA_467_008\" class=\"sec_h2charatxt\">\u00c9toile de F\u00f3dlan Byleth<\/h2>\r\n                    <\/div>\r\n                    <dl class=\"sec_dl flex\">\r\n                        <dt id=\"CHARA_467_009\" class=\"sec_dt\">Byleth enseigne \u00e0 l&rsquo;Acad\u00e9mie des officiers au monast\u00e8re de Garreg Mach, et abrite une autre \u00e2me\u2026 celle d&rsquo;une jeune fille nomm\u00e9e Sothis. Ses paroles et ses \u00e9tranges pouvoirs l&rsquo;ont sauv\u00e9 de plusieurs situations p\u00e9rilleuses.<\/dt>\r\n                        <dd class=\"sec_dd\">\r\n                            <a href=\"https:\/\/guide.fire-emblem-heroes.com\/wp-content\/uploads\/byleth_the_fodlan_star_pop01.png\" class=\"popup-image\">\r\n                                <img decoding=\"async\" src=\"https:\/\/guide.fire-emblem-heroes.com\/wp-content\/uploads\/byleth_the_fodlan_star_info01.png\" alt=\"\" \/>\r\n                            <\/a>\r\n                        <\/dd>\r\n                        <dt id=\"CHARA_467_010\" class=\"sec_dt\">\u00c0 la suite d&rsquo;un incident au monast\u00e8re, les ennemis de Byleth l&rsquo;ont enferm\u00e9 dans un monde de t\u00e9n\u00e8bres. Aucun mortel n&rsquo;aurait pu se sortir de ces abysses, mais une fois encore, Sothis lui a pr\u00eat\u00e9 main-forte.<\/dt>\r\n                        <dd class=\"sec_dd\">\r\n                            <a href=\"https:\/\/guide.fire-emblem-heroes.com\/wp-content\/uploads\/byleth_the_fodlan_star_pop02.png\" class=\"popup-image\">\r\n                                <img decoding=\"async\" src=\"https:\/\/guide.fire-emblem-heroes.com\/wp-content\/uploads\/byleth_the_fodlan_star_info02.png\" alt=\"\" \/>\r\n                            <\/a>\r\n                        <\/dd>\r\n                        <dt id=\"CHARA_467_011\" class=\"sec_dt\">Elle a litt\u00e9ralement fusionn\u00e9 avec Byleth, lui octroyant ses pouvoirs. Lorsqu&rsquo;il est revenu du n\u00e9ant, ses cheveux avaient chang\u00e9 de couleurs, et il avait acquis une sorte d&rsquo;aura sacr\u00e9e.<\/dt>\r\n                        <dd class=\"sec_dd\">\r\n                            <a href=\"https:\/\/guide.fire-emblem-heroes.com\/wp-content\/uploads\/byleth_the_fodlan_star_pop03.png\" class=\"popup-image\">\r\n                                <img decoding=\"async\" src=\"https:\/\/guide.fire-emblem-heroes.com\/wp-content\/uploads\/byleth_the_fodlan_star_info03.png\" alt=\"\" \/>\r\n                            <\/a>\r\n                        <\/dd>\r\n                        <dt id=\"CHARA_467_012\" class=\"sec_dt\">Depuis ce jour, Byleth a cess\u00e9 d&rsquo;entendre la voix de Sothis, mais son esprit r\u00e9sidait toujours en lui. Avec leurs pouvoirs combin\u00e9s, il a pu affronter des ennemis extr\u00eamement redoutables\u00a0!<\/dt>\r\n                        <dd class=\"sec_dd\">\r\n                            <a href=\"https:\/\/guide.fire-emblem-heroes.com\/wp-content\/uploads\/byleth_the_fodlan_star_pop04.png\" class=\"popup-image\">\r\n                                <img decoding=\"async\" src=\"https:\/\/guide.fire-emblem-heroes.com\/wp-content\/uploads\/byleth_the_fodlan_star_info04.png\" alt=\"\" \/>\r\n                            <\/a>\r\n                        <\/dd>\r\n                    <\/dl>\r\n                    <h3 id=\"CHARA_467_013\" class=\"sec_h3charatxt\">Personnage li\u00e9 \u00e0<\/h3>\r\n                    <h4 id=\"CHARA_467_014\" class=\"sec_h4charatxt\">Sothis<\/h4>\r\n                    <p id=\"CHARA_467_015\" class=\"sec_charatxt\">Cette jeune fille myst\u00e9rieuse est assise sur un tr\u00f4ne dans les r\u00eaves de Byleth. \u00c9motive, elle est dot\u00e9e d&rsquo;un caract\u00e8re versatile. Elle r\u00e9side dans l&rsquo;esprit de Byleth.<\/p>\r\n                    <h4 id=\"CHARA_467_016\" class=\"sec_h4charatxt\">Rhea<\/h4>\r\n                    <p id=\"CHARA_467_017\" class=\"sec_charatxt\">Archev\u00eaque de l&rsquo;\u00c9glise de Seiros, elle conna\u00eet le secret qui entoure la naissance de Byleth.<\/p>\r\n                <\/section>\r\n            <\/article>\r\n        <\/main>","protected":false},"excerpt":{"rendered":"H\u00e9ros l\u00e9gendaires \u00c9toile de F\u00f3dlan Byleth Appara\u00eet dans Fire Emblem: Three Houses Sharena vous pr\u00e9sente&#8230; \u00c9toile de F\u00f3dlan Byleth Byleth enseigne \u00e0 l&rsquo;Acad\u00e9mie des officiers au monast\u00e8re de Garreg Mach, et abrite une autre \u00e2me\u2026 celle d&rsquo;une jeune fille nomm\u00e9e Sothis. Ses paroles et ses \u00e9tranges pouvoirs l&rsquo;ont sauv\u00e9 de plusieurs situations p\u00e9rilleuses. \u00c0 la [&hellip;]","protected":false},"author":1,"featured_media":27186,"comment_status":"closed","ping_status":"closed","sticky":false,"template":"","format":"standard","meta":{"advanced_seo_description":"","jetpack_seo_html_title":"","jetpack_seo_noindex":false,"_jetpack_newsletter_access":"","_jetpack_dont_email_post_to_subs":false,"_jetpack_newsletter_tier_id":0,"_jetpack_memberships_contains_paywalled_content":false,"_locale":"fr_FR","_original_post":"https:\/\/guide.fire-emblem-heroes.com\/?p=27031","_jetpack_memberships_contains_paid_content":false,"footnotes":"","jetpack_publicize_message":"","jetpack_publicize_feature_enabled":true,"jetpack_social_post_already_shared":true,"jetpack_social_options":{"image_generator_settings":{"template":"highway","default_image_id":0,"font":"","enabled":false},"version":2},"_wpas_customize_per_network":false,"jetpack_post_was_ever_published":false},"categories":[1384,1434,1390,1388],"tags":[1396],"class_list":["post-27040","post","type-post","status-publish","format-standard","has-post-thumbnail","hentry","category-character","category-ex_works_three_houses","category-stay_heroes","category-legendary_heroes","tag-heros-legendaires","fr-FR"],"jetpack_publicize_connections":[],"jetpack_featured_media_url":"https:\/\/guide.fire-emblem-heroes.com\/wp-content\/uploads\/byleth_the_fodlan_star.png","jetpack_sharing_enabled":false,"jetpack_shortlink":"https:\/\/wp.me\/pa0Mj3-728","jetpack_likes_enabled":false,"amp_enabled":false,"_links":{"self":[{"href":"https:\/\/guide.fire-emblem-heroes.com\/wp-json\/wp\/v2\/posts\/27040","targetHints":{"allow":["GET"]}}],"collection":[{"href":"https:\/\/guide.fire-emblem-heroes.com\/wp-json\/wp\/v2\/posts"}],"about":[{"href":"https:\/\/guide.fire-emblem-heroes.com\/wp-json\/wp\/v2\/types\/post"}],"author":[{"embeddable":true,"href":"https:\/\/guide.fire-emblem-heroes.com\/wp-json\/wp\/v2\/users\/1"}],"replies":[{"embeddable":true,"href":"https:\/\/guide.fire-emblem-heroes.com\/wp-json\/wp\/v2\/comments?post=27040"}],"version-history":[{"count":1,"href":"https:\/\/guide.fire-emblem-heroes.com\/wp-json\/wp\/v2\/posts\/27040\/revisions"}],"predecessor-version":[{"id":27049,"href":"https:\/\/guide.fire-emblem-heroes.com\/wp-json\/wp\/v2\/posts\/27040\/revisions\/27049"}],"wp:featuredmedia":[{"embeddable":true,"href":"https:\/\/guide.fire-emblem-heroes.com\/wp-json\/wp\/v2\/media\/27186"}],"wp:attachment":[{"href":"https:\/\/guide.fire-emblem-heroes.com\/wp-json\/wp\/v2\/media?parent=27040"}],"wp:term":[{"taxonomy":"category","embeddable":true,"href":"https:\/\/guide.fire-emblem-heroes.com\/wp-json\/wp\/v2\/categories?post=27040"},{"taxonomy":"post_tag","embeddable":true,"href":"https:\/\/guide.fire-emblem-heroes.com\/wp-json\/wp\/v2\/tags?post=27040"}],"curies":[{"name":"wp","href":"https:\/\/api.w.org\/{rel}","templated":true}]}}