






{"id":28117,"date":"2021-08-13T11:26:46","date_gmt":"2021-08-13T02:26:46","guid":{"rendered":"https:\/\/guide.fire-emblem-heroes.com\/?p=28117"},"modified":"2021-09-07T16:22:16","modified_gmt":"2021-09-07T07:22:16","slug":"01001001000696-2","status":"publish","type":"post","link":"https:\/\/guide.fire-emblem-heroes.com\/fr\/01001001000696-2\/","title":{"rendered":"<span class=\"character_nick\">Prince de lumi\u00e8re<\/span><span class=\"character_name\">Marth<\/span>"},"content":{"rendered":"<main id=\"CHARA_496\" class=\"main_page character\">\r\n            <article>\r\n                <section class=\"sec sec_character\">\r\n                    <ul class=\"sec_ul sec_ul--character slick-box\">\r\n                        <li class=\"sec_li sec_li--character\">\r\n                            <img decoding=\"async\" src=\"https:\/\/guide.fire-emblem-heroes.com\/wp-content\/uploads\/marth_prince_of_light_slide01.png\" alt=\"\" \/>\r\n                        <\/li>\r\n                        <li class=\"sec_li sec_li--character\">\r\n                            <img decoding=\"async\" src=\"https:\/\/guide.fire-emblem-heroes.com\/wp-content\/uploads\/marth_prince_of_light_slide02.png\" alt=\"\" \/>\r\n                        <\/li>\r\n                        <li class=\"sec_li sec_li--character\">\r\n                            <img decoding=\"async\" src=\"https:\/\/guide.fire-emblem-heroes.com\/wp-content\/uploads\/marth_prince_of_light_slide03.png\" alt=\"\" \/>\r\n                        <\/li>\r\n                        <li class=\"sec_li sec_li--character\">\r\n                            <img decoding=\"async\" src=\"https:\/\/guide.fire-emblem-heroes.com\/wp-content\/uploads\/marth_prince_of_light_slide04.png\" alt=\"\" \/>\r\n                        <\/li>\r\n                    <\/ul>\r\n                    <div class=\"sec_charainfoarea flex\">\r\n                        <div class=\"sec_gif\"><img loading=\"lazy\" decoding=\"async\" src=\"https:\/\/guide.fire-emblem-heroes.com\/wp-content\/uploads\/marth_prince_of_light.png\" alt=\"\" width=\"210\" height=\"190\"\/><\/div>\r\n                        <div class=\"sec_charainfo\">\r\n                            <p id=\"CHARA_496_002\" class=\"sec_characate sec_characate--heroes\">H\u00e9ros<\/p>\r\n                            <p id=\"CHARA_496_003\" class=\"sec_charanick\">Prince de lumi\u00e8re<\/p>\r\n                            <p id=\"CHARA_496_004\" class=\"sec_charaname\">Marth<\/p>\r\n                            <p id=\"CHARA_496_005\" class=\"sec_charaappearancetxt\">Appara\u00eet dans<\/p>\r\n                            <p id=\"CHARA_496_006\" class=\"sec_charaappearancetxt\">Fire Emblem: Mystery of the Emblem<\/p>\r\n                        <\/div>\r\n                    <\/div>\r\n                <\/section>\r\n            <\/article>\r\n            <article>\r\n                <section class=\"sec sec_characterarea\">\r\n                    <div class=\"sec_h2chara\">\r\n                        <p id=\"CHARA_496_007\" class=\"sec_h2charattl\">Sharena vous pr\u00e9sente\u2026<\/p>\r\n                        <h2 id=\"CHARA_496_008\" class=\"sec_h2charatxt\">Prince de lumi\u00e8re Marth<\/h2>\r\n                    <\/div>\r\n                    <dl class=\"sec_dl flex\">\r\n                        <dt id=\"CHARA_496_009\" class=\"sec_dt\">Waouh\u00a0! Marth ressemble encore plus \u00e0 un h\u00e9ros aujourd&rsquo;hui, pas vrai\u00a0? C&rsquo;est parce que cette tenue est inspir\u00e9e de celle port\u00e9e par Anri, le h\u00e9ros qui a fond\u00e9 Altea.<\/dt>\r\n                        <dd class=\"sec_dd\">\r\n                            <a href=\"https:\/\/guide.fire-emblem-heroes.com\/wp-content\/uploads\/marth_prince_of_light_pop01.png\" class=\"popup-image\">\r\n                                <img decoding=\"async\" src=\"https:\/\/guide.fire-emblem-heroes.com\/wp-content\/uploads\/marth_prince_of_light_info01.png\" alt=\"\" \/>\r\n                            <\/a>\r\n                        <\/dd>\r\n                        <dt id=\"CHARA_496_010\" class=\"sec_dt\">Et bien entendu, il porte la Falchion sacr\u00e9e\u00a0! Anri s&rsquo;est lanc\u00e9 autrefois dans une qu\u00eate pour trouver la Falchion et la rapporter en Altea, qui n&rsquo;\u00e9tait qu&rsquo;une ville \u00e0 l&rsquo;\u00e9poque. Il l&rsquo;a utilis\u00e9e pour vaincre le Dragon d&rsquo;ombre Medeus, dirigeant de l&#8217;empire de Doluna.<\/dt>\r\n                        <dd class=\"sec_dd\">\r\n                            <a href=\"https:\/\/guide.fire-emblem-heroes.com\/wp-content\/uploads\/marth_prince_of_light_pop02.png\" class=\"popup-image\">\r\n                                <img decoding=\"async\" src=\"https:\/\/guide.fire-emblem-heroes.com\/wp-content\/uploads\/marth_prince_of_light_info02.png\" alt=\"\" \/>\r\n                            <\/a>\r\n                        <\/dd>\r\n                        <dt id=\"CHARA_496_011\" class=\"sec_dt\">Mais la vraie victoire sur Medeus se faisait attendre\u2026 et c&rsquo;est un si\u00e8cle plus tard que Marth a suivi les pas d&rsquo;Anri pour prendre la Falchion et occire le Dragon d&rsquo;ombre ressuscit\u00e9.<\/dt>\r\n                        <dd class=\"sec_dd\">\r\n                            <a href=\"https:\/\/guide.fire-emblem-heroes.com\/wp-content\/uploads\/marth_prince_of_light_pop03.png\" class=\"popup-image\">\r\n                                <img decoding=\"async\" src=\"https:\/\/guide.fire-emblem-heroes.com\/wp-content\/uploads\/marth_prince_of_light_info03.png\" alt=\"\" \/>\r\n                            <\/a>\r\n                        <\/dd>\r\n                        <dt id=\"CHARA_496_012\" class=\"sec_dt\">Anri a re\u00e7u un royaume en r\u00e9compense, mais en raison de ses origines modestes, il n&rsquo;a pas pu \u00e9pouser la femme qu&rsquo;il aimait. Alors j&rsquo;esp\u00e8re que Marth conna\u00eet un bonheur authentique et durable avec sa promise Shiida\u00a0!<\/dt>\r\n                        <dd class=\"sec_dd\">\r\n                            <a href=\"https:\/\/guide.fire-emblem-heroes.com\/wp-content\/uploads\/marth_prince_of_light_pop04.png\" class=\"popup-image\">\r\n                                <img decoding=\"async\" src=\"https:\/\/guide.fire-emblem-heroes.com\/wp-content\/uploads\/marth_prince_of_light_info04.png\" alt=\"\" \/>\r\n                            <\/a>\r\n                        <\/dd>\r\n                    <\/dl>\r\n                    <h3 id=\"CHARA_496_013\" class=\"sec_h3charatxt\">Personnage li\u00e9 \u00e0<\/h3>\r\n                    <h4 id=\"CHARA_496_014\" class=\"sec_h4charatxt\">Shiida<\/h4>\r\n                    <p id=\"CHARA_496_015\" class=\"sec_charatxt\">Princesse du petit royaume de Talys et fianc\u00e9e de Marth, la bont\u00e9 dont elle fait montre \u00e0 l&rsquo;\u00e9gard de tous fait d&rsquo;elle une personne aim\u00e9e par son peuple.<\/p>\r\n                <\/section>\r\n            <\/article>\r\n        <\/main>","protected":false},"excerpt":{"rendered":"H\u00e9ros Prince de lumi\u00e8re Marth Appara\u00eet dans Fire Emblem: Mystery of the Emblem Sharena vous pr\u00e9sente\u2026 Prince de lumi\u00e8re Marth Waouh\u00a0! Marth ressemble encore plus \u00e0 un h\u00e9ros aujourd&rsquo;hui, pas vrai\u00a0? C&rsquo;est parce que cette tenue est inspir\u00e9e de celle port\u00e9e par Anri, le h\u00e9ros qui a fond\u00e9 Altea. Et bien entendu, il porte la [&hellip;]","protected":false},"author":1,"featured_media":28247,"comment_status":"closed","ping_status":"closed","sticky":false,"template":"","format":"standard","meta":{"advanced_seo_description":"","jetpack_seo_html_title":"","jetpack_seo_noindex":false,"_jetpack_newsletter_access":"","_jetpack_dont_email_post_to_subs":false,"_jetpack_newsletter_tier_id":0,"_jetpack_memberships_contains_paywalled_content":false,"_locale":"fr_FR","_original_post":"https:\/\/guide.fire-emblem-heroes.com\/?p=28109","_jetpack_memberships_contains_paid_content":false,"footnotes":"","jetpack_publicize_message":"","jetpack_publicize_feature_enabled":true,"jetpack_social_post_already_shared":true,"jetpack_social_options":{"image_generator_settings":{"template":"highway","default_image_id":0,"font":"","enabled":false},"version":2},"_wpas_customize_per_network":false,"jetpack_post_was_ever_published":false},"categories":[1384,1424,1415,1390],"tags":[1419],"class_list":["post-28117","post","type-post","status-publish","format-standard","has-post-thumbnail","hentry","category-character","category-ex_works_mystery_of_the_emblem","category-heroes","category-stay_heroes","tag-heros","fr-FR"],"jetpack_publicize_connections":[],"jetpack_featured_media_url":"https:\/\/guide.fire-emblem-heroes.com\/wp-content\/uploads\/marth_prince_of_light.png","jetpack_sharing_enabled":false,"jetpack_shortlink":"https:\/\/wp.me\/pa0Mj3-7jv","jetpack_likes_enabled":false,"amp_enabled":false,"_links":{"self":[{"href":"https:\/\/guide.fire-emblem-heroes.com\/wp-json\/wp\/v2\/posts\/28117","targetHints":{"allow":["GET"]}}],"collection":[{"href":"https:\/\/guide.fire-emblem-heroes.com\/wp-json\/wp\/v2\/posts"}],"about":[{"href":"https:\/\/guide.fire-emblem-heroes.com\/wp-json\/wp\/v2\/types\/post"}],"author":[{"embeddable":true,"href":"https:\/\/guide.fire-emblem-heroes.com\/wp-json\/wp\/v2\/users\/1"}],"replies":[{"embeddable":true,"href":"https:\/\/guide.fire-emblem-heroes.com\/wp-json\/wp\/v2\/comments?post=28117"}],"version-history":[{"count":1,"href":"https:\/\/guide.fire-emblem-heroes.com\/wp-json\/wp\/v2\/posts\/28117\/revisions"}],"predecessor-version":[{"id":28128,"href":"https:\/\/guide.fire-emblem-heroes.com\/wp-json\/wp\/v2\/posts\/28117\/revisions\/28128"}],"wp:featuredmedia":[{"embeddable":true,"href":"https:\/\/guide.fire-emblem-heroes.com\/wp-json\/wp\/v2\/media\/28247"}],"wp:attachment":[{"href":"https:\/\/guide.fire-emblem-heroes.com\/wp-json\/wp\/v2\/media?parent=28117"}],"wp:term":[{"taxonomy":"category","embeddable":true,"href":"https:\/\/guide.fire-emblem-heroes.com\/wp-json\/wp\/v2\/categories?post=28117"},{"taxonomy":"post_tag","embeddable":true,"href":"https:\/\/guide.fire-emblem-heroes.com\/wp-json\/wp\/v2\/tags?post=28117"}],"curies":[{"name":"wp","href":"https:\/\/api.w.org\/{rel}","templated":true}]}}