






{"id":29021,"date":"2021-10-05T11:32:48","date_gmt":"2021-10-05T02:32:48","guid":{"rendered":"https:\/\/guide.fire-emblem-heroes.com\/?p=29021"},"modified":"2021-11-08T16:09:37","modified_gmt":"2021-11-08T07:09:37","slug":"10001002000714-2","status":"publish","type":"post","link":"https:\/\/guide.fire-emblem-heroes.com\/fr\/10001002000714-2\/","title":{"rendered":"<span class=\"character_nick\">Forme r\u00e9incarn\u00e9e<\/span><span class=\"character_name\">Daraen<\/span>"},"content":{"rendered":"<main id=\"CHARA_521\" class=\"main_page character\">\r\n            <article>\r\n                <section class=\"sec sec_character\">\r\n                    <ul class=\"sec_ul sec_ul--character slick-box\">\r\n                        <li class=\"sec_li sec_li--character\">\r\n                            <img decoding=\"async\" src=\"https:\/\/guide.fire-emblem-heroes.com\/wp-content\/uploads\/reflet_fall_reincarnation_slide01.png\" alt=\"\" \/>\r\n                        <\/li>\r\n                        <li class=\"sec_li sec_li--character\">\r\n                            <img decoding=\"async\" src=\"https:\/\/guide.fire-emblem-heroes.com\/wp-content\/uploads\/reflet_fall_reincarnation_slide02.png\" alt=\"\" \/>\r\n                        <\/li>\r\n                        <li class=\"sec_li sec_li--character\">\r\n                            <img decoding=\"async\" src=\"https:\/\/guide.fire-emblem-heroes.com\/wp-content\/uploads\/reflet_fall_reincarnation_slide03.png\" alt=\"\" \/>\r\n                        <\/li>\r\n                        <li class=\"sec_li sec_li--character\">\r\n                            <img decoding=\"async\" src=\"https:\/\/guide.fire-emblem-heroes.com\/wp-content\/uploads\/reflet_fall_reincarnation_slide04.png\" alt=\"\" \/>\r\n                        <\/li>\r\n                    <\/ul>\r\n                    <div class=\"sec_charainfoarea flex\">\r\n                        <div class=\"sec_gif\"><img loading=\"lazy\" decoding=\"async\" src=\"https:\/\/guide.fire-emblem-heroes.com\/wp-content\/uploads\/reflet_fall_reincarnation.png\" alt=\"\" width=\"210\" height=\"190\"\/><\/div>\r\n                        <div class=\"sec_charainfo\">\r\n                            <p id=\"CHARA_521_002\" class=\"sec_characate sec_characate--special_heroes\">H\u00e9ros sp\u00e9ciaux<\/p>\r\n                            <p id=\"CHARA_521_003\" class=\"sec_charanick\">Forme r\u00e9incarn\u00e9e<\/p>\r\n                            <p id=\"CHARA_521_004\" class=\"sec_charaname\">Daraen<\/p>\r\n                            <p id=\"CHARA_521_005\" class=\"sec_charaappearancetxt\">Appara\u00eet dans<\/p>\r\n                            <p id=\"CHARA_521_006\" class=\"sec_charaappearancetxt\">Fire Emblem: Awakening<\/p>\r\n                        <\/div>\r\n                    <\/div>\r\n                <\/section>\r\n            <\/article>\r\n            <article>\r\n                <section class=\"sec sec_characterarea\">\r\n                    <div class=\"sec_h2chara\">\r\n                        <p id=\"CHARA_521_007\" class=\"sec_h2charattl\">Sharena vous pr\u00e9sente&#8230;<\/p>\r\n                        <h2 id=\"CHARA_521_008\" class=\"sec_h2charatxt\">Forme r\u00e9incarn\u00e9e Daraen<\/h2>\r\n                    <\/div>\r\n                    <dl class=\"sec_dl flex\">\r\n                        <dt id=\"CHARA_521_009\" class=\"sec_dt\">Il semble que l&rsquo;agitation autour du festival d&rsquo;automne ait \u00e9veill\u00e9 quelque chose au plus profond de Daraen\u00a0! J&rsquo;ignore ce que c&rsquo;est, mais \u00e7a a pris le contr\u00f4le de son corps\u2026 et l&rsquo;a contraint de rev\u00eatir ce splendide costume\u00a0!<\/dt>\r\n                        <dd class=\"sec_dd\">\r\n                            <a href=\"https:\/\/guide.fire-emblem-heroes.com\/wp-content\/uploads\/reflet_fall_reincarnation_pop01.png\" class=\"popup-image\">\r\n                                <img decoding=\"async\" src=\"https:\/\/guide.fire-emblem-heroes.com\/wp-content\/uploads\/reflet_fall_reincarnation_info01.png\" alt=\"\" \/>\r\n                            <\/a>\r\n                        <\/dd>\r\n                        <dt id=\"CHARA_521_010\" class=\"sec_dt\">Daraen porte une tenue de loup-garou compl\u00e8te, avec oreilles, pattes et queue duveteuses \u00e0 souhait, et pour accompagner le tout, des v\u00eatements gothiques tr\u00e8s chics\u00a0! Je trouve que cette cape d\u00e9chir\u00e9e poss\u00e8de un charme sauvage, pas vous\u00a0?<\/dt>\r\n                        <dd class=\"sec_dd\">\r\n                            <a href=\"https:\/\/guide.fire-emblem-heroes.com\/wp-content\/uploads\/reflet_fall_reincarnation_pop02.png\" class=\"popup-image\">\r\n                                <img decoding=\"async\" src=\"https:\/\/guide.fire-emblem-heroes.com\/wp-content\/uploads\/reflet_fall_reincarnation_info02.png\" alt=\"\" \/>\r\n                            <\/a>\r\n                        <\/dd>\r\n                        <dt id=\"CHARA_521_011\" class=\"sec_dt\">Il porte une lanterne avec une dracopierre \u00e0 l&rsquo;int\u00e9rieur, pour \u00e9voquer le pouvoir des dragons qui circule dans ses veines. En regardant de plus pr\u00e8s, on distingue le visage de Grima, le Dragon D\u00e9chu, qui orne la broche sur sa poitrine\u00a0!<\/dt>\r\n                        <dd class=\"sec_dd\">\r\n                            <a href=\"https:\/\/guide.fire-emblem-heroes.com\/wp-content\/uploads\/reflet_fall_reincarnation_pop03.png\" class=\"popup-image\">\r\n                                <img decoding=\"async\" src=\"https:\/\/guide.fire-emblem-heroes.com\/wp-content\/uploads\/reflet_fall_reincarnation_info03.png\" alt=\"\" \/>\r\n                            <\/a>\r\n                        <\/dd>\r\n                        <dt id=\"CHARA_521_012\" class=\"sec_dt\">Daraen a r\u00e9ussi \u00e0 combiner le charme d&rsquo;un chiot attachant et la sauvagerie d&rsquo;un loup-garou mena\u00e7ant. Je suis s\u00fbre qu&rsquo;avec lui dans les parages, le festival n&rsquo;en sera que plus int\u00e9ressant\u00a0!<\/dt>\r\n                        <dd class=\"sec_dd\">\r\n                            <a href=\"https:\/\/guide.fire-emblem-heroes.com\/wp-content\/uploads\/reflet_fall_reincarnation_pop04.png\" class=\"popup-image\">\r\n                                <img decoding=\"async\" src=\"https:\/\/guide.fire-emblem-heroes.com\/wp-content\/uploads\/reflet_fall_reincarnation_info04.png\" alt=\"\" \/>\r\n                            <\/a>\r\n                        <\/dd>\r\n                    <\/dl>\r\n                    <h3 id=\"CHARA_521_013\" class=\"sec_h3charatxt\">Personnage li\u00e9 \u00e0<\/h3>\r\n                    <h4 id=\"CHARA_521_014\" class=\"sec_h4charatxt\">Chrom<\/h4>\r\n                    <p id=\"CHARA_521_015\" class=\"sec_charatxt\">Prince d&rsquo;Ylisse et descendant d&rsquo;un Roi-H\u00e9ros l\u00e9gendaire, il dirige les Veilleurs. Un lien inalt\u00e9rable le lie \u00e0 Daraen.<\/p>\r\n                    <h4 id=\"CHARA_521_016\" class=\"sec_h4charatxt\">Valldar<\/h4>\r\n                    <p id=\"CHARA_521_017\" class=\"sec_charatxt\">Meneur des disciples de Grima, ce mage myst\u00e9rieux est un strat\u00e8ge fin et habile qui pourchasse sans rel\u00e2che Chrom et Daraen.<\/p>\r\n                <\/section>\r\n            <\/article>\r\n        <\/main>","protected":false},"excerpt":{"rendered":"H\u00e9ros sp\u00e9ciaux Forme r\u00e9incarn\u00e9e Daraen Appara\u00eet dans Fire Emblem: Awakening Sharena vous pr\u00e9sente&#8230; Forme r\u00e9incarn\u00e9e Daraen Il semble que l&rsquo;agitation autour du festival d&rsquo;automne ait \u00e9veill\u00e9 quelque chose au plus profond de Daraen\u00a0! J&rsquo;ignore ce que c&rsquo;est, mais \u00e7a a pris le contr\u00f4le de son corps\u2026 et l&rsquo;a contraint de rev\u00eatir ce splendide costume\u00a0! Daraen [&hellip;]","protected":false},"author":1,"featured_media":29161,"comment_status":"closed","ping_status":"closed","sticky":false,"template":"","format":"standard","meta":{"advanced_seo_description":"","jetpack_seo_html_title":"","jetpack_seo_noindex":false,"_jetpack_newsletter_access":"","_jetpack_dont_email_post_to_subs":false,"_jetpack_newsletter_tier_id":0,"_jetpack_memberships_contains_paywalled_content":false,"_locale":"fr_FR","_original_post":"https:\/\/guide.fire-emblem-heroes.com\/?p=29013","_jetpack_memberships_contains_paid_content":false,"footnotes":"","jetpack_publicize_message":"","jetpack_publicize_feature_enabled":true,"jetpack_social_post_already_shared":true,"jetpack_social_options":{"image_generator_settings":{"template":"highway","default_image_id":0,"font":"","enabled":false},"version":2},"_wpas_customize_per_network":false,"jetpack_post_was_ever_published":false},"categories":[1384,1431,1405,1390],"tags":[1410],"class_list":["post-29021","post","type-post","status-publish","format-standard","has-post-thumbnail","hentry","category-character","category-ex_works_awakening","category-special_heroes","category-stay_heroes","tag-heros-speciaux","fr-FR"],"jetpack_publicize_connections":[],"jetpack_featured_media_url":"https:\/\/guide.fire-emblem-heroes.com\/wp-content\/uploads\/reflet_fall_reincarnation.png","jetpack_sharing_enabled":false,"jetpack_shortlink":"https:\/\/wp.me\/pa0Mj3-7y5","jetpack_likes_enabled":false,"amp_enabled":false,"_links":{"self":[{"href":"https:\/\/guide.fire-emblem-heroes.com\/wp-json\/wp\/v2\/posts\/29021","targetHints":{"allow":["GET"]}}],"collection":[{"href":"https:\/\/guide.fire-emblem-heroes.com\/wp-json\/wp\/v2\/posts"}],"about":[{"href":"https:\/\/guide.fire-emblem-heroes.com\/wp-json\/wp\/v2\/types\/post"}],"author":[{"embeddable":true,"href":"https:\/\/guide.fire-emblem-heroes.com\/wp-json\/wp\/v2\/users\/1"}],"replies":[{"embeddable":true,"href":"https:\/\/guide.fire-emblem-heroes.com\/wp-json\/wp\/v2\/comments?post=29021"}],"version-history":[{"count":1,"href":"https:\/\/guide.fire-emblem-heroes.com\/wp-json\/wp\/v2\/posts\/29021\/revisions"}],"predecessor-version":[{"id":29031,"href":"https:\/\/guide.fire-emblem-heroes.com\/wp-json\/wp\/v2\/posts\/29021\/revisions\/29031"}],"wp:featuredmedia":[{"embeddable":true,"href":"https:\/\/guide.fire-emblem-heroes.com\/wp-json\/wp\/v2\/media\/29161"}],"wp:attachment":[{"href":"https:\/\/guide.fire-emblem-heroes.com\/wp-json\/wp\/v2\/media?parent=29021"}],"wp:term":[{"taxonomy":"category","embeddable":true,"href":"https:\/\/guide.fire-emblem-heroes.com\/wp-json\/wp\/v2\/categories?post=29021"},{"taxonomy":"post_tag","embeddable":true,"href":"https:\/\/guide.fire-emblem-heroes.com\/wp-json\/wp\/v2\/tags?post=29021"}],"curies":[{"name":"wp","href":"https:\/\/api.w.org\/{rel}","templated":true}]}}