






{"id":29474,"date":"2021-10-27T11:10:09","date_gmt":"2021-10-27T02:10:09","guid":{"rendered":"https:\/\/guide.fire-emblem-heroes.com\/?p=29474"},"modified":"2021-10-28T13:52:56","modified_gmt":"2021-10-28T04:52:56","slug":"06011001000112-2","status":"publish","type":"post","link":"https:\/\/guide.fire-emblem-heroes.com\/fr\/06011001000112-2\/","title":{"rendered":"<span class=\"character_nick\">D\u00e9mon de la lame<\/span><span class=\"character_name\">Karel<\/span>"},"content":{"rendered":"<main id=\"CHARA_532\" class=\"main_page character\">\r\n            <article>\r\n                <section class=\"sec sec_character\">\r\n                    <ul class=\"sec_ul sec_ul--character slick-box\">\r\n                        <li class=\"sec_li sec_li--character\">\r\n                            <img decoding=\"async\" src=\"https:\/\/guide.fire-emblem-heroes.com\/wp-content\/uploads\/karel_sword_demon_slide01.png\" alt=\"\" \/>\r\n                        <\/li>\r\n                        <li class=\"sec_li sec_li--character\">\r\n                            <img decoding=\"async\" src=\"https:\/\/guide.fire-emblem-heroes.com\/wp-content\/uploads\/karel_sword_demon_slide02.png\" alt=\"\" \/>\r\n                        <\/li>\r\n                        <li class=\"sec_li sec_li--character\">\r\n                            <img decoding=\"async\" src=\"https:\/\/guide.fire-emblem-heroes.com\/wp-content\/uploads\/karel_sword_demon_slide03.png\" alt=\"\" \/>\r\n                        <\/li>\r\n                        <li class=\"sec_li sec_li--character\">\r\n                            <img decoding=\"async\" src=\"https:\/\/guide.fire-emblem-heroes.com\/wp-content\/uploads\/karel_sword_demon_slide04.png\" alt=\"\" \/>\r\n                        <\/li>\r\n                    <\/ul>\r\n                    <div class=\"sec_charainfoarea flex\">\r\n                        <div class=\"sec_gif\"><img loading=\"lazy\" decoding=\"async\" src=\"https:\/\/guide.fire-emblem-heroes.com\/wp-content\/uploads\/karel_sword_demon.png\" alt=\"\" width=\"210\" height=\"190\"\/><\/div>\r\n                        <div class=\"sec_charainfo\">\r\n                            <p id=\"CHARA_532_002\" class=\"sec_characate sec_characate--heroes\">H\u00e9ros<\/p>\r\n                            <p id=\"CHARA_532_003\" class=\"sec_charanick\">D\u00e9mon de la lame<\/p>\r\n                            <p id=\"CHARA_532_004\" class=\"sec_charaname\">Karel<\/p>\r\n                            <p id=\"CHARA_532_005\" class=\"sec_charaappearancetxt\">Appara\u00eet dans<\/p>\r\n                            <p id=\"CHARA_532_006\" class=\"sec_charaappearancetxt\">Fire Emblem: The Blazing Blade<\/p>\r\n                        <\/div>\r\n                    <\/div>\r\n                <\/section>\r\n            <\/article>\r\n            <article>\r\n                <section class=\"sec sec_characterarea\">\r\n                    <div class=\"sec_h2chara\">\r\n                        <p id=\"CHARA_532_007\" class=\"sec_h2charattl\">Sharena vous pr\u00e9sente&#8230;<\/p>\r\n                        <h2 id=\"CHARA_532_008\" class=\"sec_h2charatxt\">D\u00e9mon de la lame Karel<\/h2>\r\n                    <\/div>\r\n                    <dl class=\"sec_dl flex\">\r\n                        <dt id=\"CHARA_532_009\" class=\"sec_dt\">Karel est un \u00e9p\u00e9iste hors pair, mieux connu sous le nom de \u00ab d\u00e9mon de la lame \u00bb !<\/dt>\r\n                        <dd class=\"sec_dd\">\r\n                            <a href=\"https:\/\/guide.fire-emblem-heroes.com\/wp-content\/uploads\/karel_sword_demon_pop01.png\" class=\"popup-image\">\r\n                                <img decoding=\"async\" src=\"https:\/\/guide.fire-emblem-heroes.com\/wp-content\/uploads\/karel_sword_demon_info01.png\" alt=\"\" \/>\r\n                            <\/a>\r\n                        <\/dd>\r\n                        <dt id=\"CHARA_532_010\" class=\"sec_dt\">N\u00e9 dans une famille traditionnellement vou\u00e9e au perfectionnement des techniques de combat \u00e0 l&rsquo;\u00e9p\u00e9e, Karel a grandi sous le joug d&rsquo;une r\u00e8gle implacable\u00a0: seul le plus fort h\u00e9rite de l&rsquo;\u00e9p\u00e9e transmise par ses anc\u00eatres. Il y avait six pr\u00e9tendants en comptant Karel, et il en a occis quatre\u00a0!<\/dt>\r\n                        <dd class=\"sec_dd\">\r\n                            <a href=\"https:\/\/guide.fire-emblem-heroes.com\/wp-content\/uploads\/karel_sword_demon_pop02.png\" class=\"popup-image\">\r\n                                <img decoding=\"async\" src=\"https:\/\/guide.fire-emblem-heroes.com\/wp-content\/uploads\/karel_sword_demon_info02.png\" alt=\"\" \/>\r\n                            <\/a>\r\n                        <\/dd>\r\n                        <dt id=\"CHARA_532_011\" class=\"sec_dt\">Le seul membre restant de sa famille \u00e9tait sa jeune s\u0153ur Karla. Apparemment, Karel veut voir qui des deux survivra et h\u00e9ritera de l&rsquo;\u00e9p\u00e9e.<\/dt>\r\n                        <dd class=\"sec_dd\">\r\n                            <a href=\"https:\/\/guide.fire-emblem-heroes.com\/wp-content\/uploads\/karel_sword_demon_pop03.png\" class=\"popup-image\">\r\n                                <img decoding=\"async\" src=\"https:\/\/guide.fire-emblem-heroes.com\/wp-content\/uploads\/karel_sword_demon_info03.png\" alt=\"\" \/>\r\n                            <\/a>\r\n                        <\/dd>\r\n                        <dt id=\"CHARA_532_012\" class=\"sec_dt\">Le chemin de Karel est souill\u00e9 de sang, mais il aime sa s\u0153ur. Pourtant, je ne peux m&#8217;emp\u00eacher de m&rsquo;inqui\u00e9ter\u00a0: qui choisira-t-il \u00e0 la fin\u00a0? Sa s\u0153ur&#8230; ou l&rsquo;\u00e9p\u00e9e\u00a0?<\/dt>\r\n                        <dd class=\"sec_dd\">\r\n                            <a href=\"https:\/\/guide.fire-emblem-heroes.com\/wp-content\/uploads\/karel_sword_demon_pop04.png\" class=\"popup-image\">\r\n                                <img decoding=\"async\" src=\"https:\/\/guide.fire-emblem-heroes.com\/wp-content\/uploads\/karel_sword_demon_info04.png\" alt=\"\" \/>\r\n                            <\/a>\r\n                        <\/dd>\r\n                    <\/dl>\r\n                    <h3 id=\"CHARA_532_013\" class=\"sec_h3charatxt\">Personnage li\u00e9 \u00e0<\/h3>\r\n                    <h4 id=\"CHARA_532_014\" class=\"sec_h4charatxt\">Karla<\/h4>\r\n                    <p id=\"CHARA_532_015\" class=\"sec_charatxt\">\u00c9p\u00e9iste qui parcourt le monde \u00e0 la recherche de son fr\u00e8re a\u00een\u00e9 Karel, son \u00e9l\u00e9gance et ses capacit\u00e9s au combat s\u00e9duisent toutes les ar\u00e8nes.<\/p>\r\n                    <h4 id=\"CHARA_532_016\" class=\"sec_h4charatxt\">Fir<\/h4>\r\n                    <p id=\"CHARA_532_017\" class=\"sec_charatxt\">Ni\u00e8ce de Karel, cette jeune femme parcourt le monde \u00e0 la recherche de partenaires d&rsquo;entra\u00eenement.<\/p>\r\n                <\/section>\r\n            <\/article>\r\n        <\/main>","protected":false},"excerpt":{"rendered":"H\u00e9ros D\u00e9mon de la lame Karel Appara\u00eet dans Fire Emblem: The Blazing Blade Sharena vous pr\u00e9sente&#8230; D\u00e9mon de la lame Karel Karel est un \u00e9p\u00e9iste hors pair, mieux connu sous le nom de \u00ab d\u00e9mon de la lame \u00bb ! N\u00e9 dans une famille traditionnellement vou\u00e9e au perfectionnement des techniques de combat \u00e0 l&rsquo;\u00e9p\u00e9e, Karel [&hellip;]","protected":false},"author":1,"featured_media":29596,"comment_status":"closed","ping_status":"closed","sticky":false,"template":"","format":"standard","meta":{"advanced_seo_description":"","jetpack_seo_html_title":"","jetpack_seo_noindex":false,"jetpack_post_was_ever_published":false,"_jetpack_newsletter_access":"","_jetpack_dont_email_post_to_subs":false,"_jetpack_newsletter_tier_id":0,"_jetpack_memberships_contains_paywalled_content":false,"_locale":"fr_FR","_original_post":"https:\/\/guide.fire-emblem-heroes.com\/?p=29466","_jetpack_memberships_contains_paid_content":false,"footnotes":"","jetpack_publicize_message":"","jetpack_publicize_feature_enabled":true,"jetpack_social_post_already_shared":true,"jetpack_social_options":{"image_generator_settings":{"template":"highway","default_image_id":0,"font":"","enabled":false},"version":2},"_wpas_customize_per_network":false},"categories":[1384,1427,1415,1390],"tags":[1419],"class_list":["post-29474","post","type-post","status-publish","format-standard","has-post-thumbnail","hentry","category-character","category-ex_works_the_blazing_blade","category-heroes","category-stay_heroes","tag-heros","fr-FR"],"jetpack_publicize_connections":[],"jetpack_featured_media_url":"https:\/\/guide.fire-emblem-heroes.com\/wp-content\/uploads\/karel_sword_demon.png","jetpack_sharing_enabled":false,"jetpack_shortlink":"https:\/\/wp.me\/pa0Mj3-7Fo","jetpack_likes_enabled":false,"amp_enabled":false,"_links":{"self":[{"href":"https:\/\/guide.fire-emblem-heroes.com\/wp-json\/wp\/v2\/posts\/29474","targetHints":{"allow":["GET"]}}],"collection":[{"href":"https:\/\/guide.fire-emblem-heroes.com\/wp-json\/wp\/v2\/posts"}],"about":[{"href":"https:\/\/guide.fire-emblem-heroes.com\/wp-json\/wp\/v2\/types\/post"}],"author":[{"embeddable":true,"href":"https:\/\/guide.fire-emblem-heroes.com\/wp-json\/wp\/v2\/users\/1"}],"replies":[{"embeddable":true,"href":"https:\/\/guide.fire-emblem-heroes.com\/wp-json\/wp\/v2\/comments?post=29474"}],"version-history":[{"count":1,"href":"https:\/\/guide.fire-emblem-heroes.com\/wp-json\/wp\/v2\/posts\/29474\/revisions"}],"predecessor-version":[{"id":29485,"href":"https:\/\/guide.fire-emblem-heroes.com\/wp-json\/wp\/v2\/posts\/29474\/revisions\/29485"}],"wp:featuredmedia":[{"embeddable":true,"href":"https:\/\/guide.fire-emblem-heroes.com\/wp-json\/wp\/v2\/media\/29596"}],"wp:attachment":[{"href":"https:\/\/guide.fire-emblem-heroes.com\/wp-json\/wp\/v2\/media?parent=29474"}],"wp:term":[{"taxonomy":"category","embeddable":true,"href":"https:\/\/guide.fire-emblem-heroes.com\/wp-json\/wp\/v2\/categories?post=29474"},{"taxonomy":"post_tag","embeddable":true,"href":"https:\/\/guide.fire-emblem-heroes.com\/wp-json\/wp\/v2\/tags?post=29474"}],"curies":[{"name":"wp","href":"https:\/\/api.w.org\/{rel}","templated":true}]}}