






{"id":29968,"date":"2021-11-15T13:21:19","date_gmt":"2021-11-15T04:21:19","guid":{"rendered":"https:\/\/guide.fire-emblem-heroes.com\/?p=29968"},"modified":"2021-11-26T17:02:50","modified_gmt":"2021-11-26T08:02:50","slug":"08003002000735-2","status":"publish","type":"post","link":"https:\/\/guide.fire-emblem-heroes.com\/fr\/08003002000735-2\/","title":{"rendered":"<span class=\"character_nick\">Cavalier terrifiant<\/span><span class=\"character_name\">Bertram<\/span>"},"content":{"rendered":"<main id=\"CHARA_546\" class=\"main_page character\">\r\n            <article>\r\n                <section class=\"sec sec_character\">\r\n                    <ul class=\"sec_ul sec_ul--character slick-box\">\r\n                        <li class=\"sec_li sec_li--character\">\r\n                            <img decoding=\"async\" src=\"https:\/\/guide.fire-emblem-heroes.com\/wp-content\/uploads\/beufores_dark_deadlord_slide01.png\" alt=\"\" \/>\r\n                        <\/li>\r\n                        <li class=\"sec_li sec_li--character\">\r\n                            <img decoding=\"async\" src=\"https:\/\/guide.fire-emblem-heroes.com\/wp-content\/uploads\/beufores_dark_deadlord_slide02.png\" alt=\"\" \/>\r\n                        <\/li>\r\n                        <li class=\"sec_li sec_li--character\">\r\n                            <img decoding=\"async\" src=\"https:\/\/guide.fire-emblem-heroes.com\/wp-content\/uploads\/beufores_dark_deadlord_slide03.png\" alt=\"\" \/>\r\n                        <\/li>\r\n                        <li class=\"sec_li sec_li--character\">\r\n                            <img decoding=\"async\" src=\"https:\/\/guide.fire-emblem-heroes.com\/wp-content\/uploads\/beufores_dark_deadlord_slide04.png\" alt=\"\" \/>\r\n                        <\/li>\r\n                    <\/ul>\r\n                    <div class=\"sec_charainfoarea flex\">\r\n                        <div class=\"sec_gif\"><img loading=\"lazy\" decoding=\"async\" src=\"https:\/\/guide.fire-emblem-heroes.com\/wp-content\/uploads\/beufores_dark_deadlord.png\" alt=\"\" width=\"210\" height=\"190\"\/><\/div>\r\n                        <div class=\"sec_charainfo\">\r\n                            <p id=\"CHARA_546_002\" class=\"sec_characate sec_characate--heroes\">H\u00e9ros<\/p>\r\n                            <p id=\"CHARA_546_003\" class=\"sec_charanick\">Cavalier terrifiant<\/p>\r\n                            <p id=\"CHARA_546_004\" class=\"sec_charaname\">Bertram<\/p>\r\n                            <p id=\"CHARA_546_005\" class=\"sec_charaappearancetxt\">Appara\u00eet dans<\/p>\r\n                            <p id=\"CHARA_546_006\" class=\"sec_charaappearancetxt\">Fire Emblem: Path of Radiance<\/p>\r\n                        <\/div>\r\n                    <\/div>\r\n                <\/section>\r\n            <\/article>\r\n            <article>\r\n                <section class=\"sec sec_characterarea\">\r\n                    <div class=\"sec_h2chara\">\r\n                        <p id=\"CHARA_546_007\" class=\"sec_h2charattl\">Sharena vous pr\u00e9sente\u2026<\/p>\r\n                        <h2 id=\"CHARA_546_008\" class=\"sec_h2charatxt\">Cavalier terrifiant Bertram<\/h2>\r\n                    <\/div>\r\n                    <dl class=\"sec_dl flex\">\r\n                        <dt id=\"CHARA_546_009\" class=\"sec_dt\">Aujourd&rsquo;hui, je vous pr\u00e9sente Bertram\u00a0! C&rsquo;est un des Quatre Cavaliers, un groupe compos\u00e9 des plus grands g\u00e9n\u00e9raux de l&rsquo;arm\u00e9e de Daein\u00a0!<\/dt>\r\n                        <dd class=\"sec_dd\">\r\n                            <a href=\"https:\/\/guide.fire-emblem-heroes.com\/wp-content\/uploads\/beufores_dark_deadlord_pop01.png\" class=\"popup-image\">\r\n                                <img decoding=\"async\" src=\"https:\/\/guide.fire-emblem-heroes.com\/wp-content\/uploads\/beufores_dark_deadlord_info01.png\" alt=\"\" \/>\r\n                            <\/a>\r\n                        <\/dd>\r\n                        <dt id=\"CHARA_546_010\" class=\"sec_dt\">Malgr\u00e9 son rang prestigieux, Bertram est un homme nimb\u00e9 de myst\u00e8re, personne n&rsquo;a vu le visage derri\u00e8re son masque. J&rsquo;ai m\u00eame entendu des rumeurs terrifiantes, comme quoi il serait une armure contr\u00f4l\u00e9e par un spectre vengeur, ou encore un monstre venu d&rsquo;un autre monde\u00a0!<\/dt>\r\n                        <dd class=\"sec_dd\">\r\n                            <a href=\"https:\/\/guide.fire-emblem-heroes.com\/wp-content\/uploads\/beufores_dark_deadlord_pop02.png\" class=\"popup-image\">\r\n                                <img decoding=\"async\" src=\"https:\/\/guide.fire-emblem-heroes.com\/wp-content\/uploads\/beufores_dark_deadlord_info02.png\" alt=\"\" \/>\r\n                            <\/a>\r\n                        <\/dd>\r\n                        <dt id=\"CHARA_546_011\" class=\"sec_dt\">Une chose est s\u00fbre en tout cas. Quand il d\u00e9barque sur le champ de bataille, il ne rigole pas\u00a0! Il frappe encore et encore, sans une once d&rsquo;h\u00e9sitation, jusqu&rsquo;\u00e0 ce que ses ennemis soient tous \u00e0 terre. On dirait une b\u00eate sauvage\u00a0!<\/dt>\r\n                        <dd class=\"sec_dd\">\r\n                            <a href=\"https:\/\/guide.fire-emblem-heroes.com\/wp-content\/uploads\/beufores_dark_deadlord_pop03.png\" class=\"popup-image\">\r\n                                <img decoding=\"async\" src=\"https:\/\/guide.fire-emblem-heroes.com\/wp-content\/uploads\/beufores_dark_deadlord_info03.png\" alt=\"\" \/>\r\n                            <\/a>\r\n                        <\/dd>\r\n                        <dt id=\"CHARA_546_012\" class=\"sec_dt\">Bertram ne montre pas la moindre \u00e9motion, mais il para\u00eet qu&rsquo;une fois, il a r\u00e9agi d&rsquo;une fa\u00e7on \u00e9trange face \u00e0 la princesse Elincia. Je me demande quel lien peut les unir\u2026 Si jamais vous connaissez les d\u00e9tails croustillants de l&rsquo;affaire, vous savez o\u00f9 me trouver\u00a0!<\/dt>\r\n                        <dd class=\"sec_dd\">\r\n                            <a href=\"https:\/\/guide.fire-emblem-heroes.com\/wp-content\/uploads\/beufores_dark_deadlord_pop04.png\" class=\"popup-image\">\r\n                                <img decoding=\"async\" src=\"https:\/\/guide.fire-emblem-heroes.com\/wp-content\/uploads\/beufores_dark_deadlord_info04.png\" alt=\"\" \/>\r\n                            <\/a>\r\n                        <\/dd>\r\n                    <\/dl>\r\n                    <h3 id=\"CHARA_546_013\" class=\"sec_h3charatxt\">Personnage li\u00e9 \u00e0<\/h3>\r\n                    <h4 id=\"CHARA_546_014\" class=\"sec_h4charatxt\">Chevalier Noir<\/h4>\r\n                    <p id=\"CHARA_546_015\" class=\"sec_charatxt\">Faisant partie des Quatre Cavaliers de Daein comme Bertram, ce chevalier \u00e9nigmatique porte une armure aussi noire que la nuit.<\/p>\r\n                    <h4 id=\"CHARA_546_016\" class=\"sec_h4charatxt\">Petrine<\/h4>\r\n                    <p id=\"CHARA_546_017\" class=\"sec_charatxt\">Faisant partie des Quatre Cavaliers de Daein comme Bertram, elle manie la pyrolance et fait preuve d&rsquo;un profond d\u00e9dain envers les autres.<\/p>\r\n                    <h4 id=\"CHARA_546_018\" class=\"sec_h4charatxt\">Elincia<\/h4>\r\n                    <p id=\"CHARA_546_019\" class=\"sec_charatxt\">Princesse de Crimea dont l&rsquo;existence a \u00e9t\u00e9 gard\u00e9e secr\u00e8te, elle tient \u00e0 son royaume et \u00e0 son peuple. Bertram, qui ne montre habituellement aucune \u00e9motion, a r\u00e9agi \u00e9trangement lorsqu&rsquo;il l&rsquo;a rencontr\u00e9e sur le champ de bataille.<\/p>\r\n                <\/section>\r\n            <\/article>\r\n        <\/main>","protected":false},"excerpt":{"rendered":"H\u00e9ros Cavalier terrifiant Bertram Appara\u00eet dans Fire Emblem: Path of Radiance Sharena vous pr\u00e9sente\u2026 Cavalier terrifiant Bertram Aujourd&rsquo;hui, je vous pr\u00e9sente Bertram\u00a0! C&rsquo;est un des Quatre Cavaliers, un groupe compos\u00e9 des plus grands g\u00e9n\u00e9raux de l&rsquo;arm\u00e9e de Daein\u00a0! Malgr\u00e9 son rang prestigieux, Bertram est un homme nimb\u00e9 de myst\u00e8re, personne n&rsquo;a vu le visage derri\u00e8re [&hellip;]","protected":false},"author":1,"featured_media":30015,"comment_status":"closed","ping_status":"closed","sticky":false,"template":"","format":"standard","meta":{"advanced_seo_description":"","jetpack_seo_html_title":"","jetpack_seo_noindex":false,"_jetpack_newsletter_access":"","_jetpack_dont_email_post_to_subs":false,"_jetpack_newsletter_tier_id":0,"_jetpack_memberships_contains_paywalled_content":false,"_locale":"fr_FR","_original_post":"https:\/\/guide.fire-emblem-heroes.com\/?p=29960","_jetpack_memberships_contains_paid_content":false,"footnotes":"","jetpack_publicize_message":"","jetpack_publicize_feature_enabled":true,"jetpack_social_post_already_shared":true,"jetpack_social_options":{"image_generator_settings":{"template":"highway","default_image_id":0,"font":"","enabled":false},"version":2},"_wpas_customize_per_network":false,"jetpack_post_was_ever_published":false},"categories":[1384,1415,1429,1390],"tags":[1419],"class_list":["post-29968","post","type-post","status-publish","format-standard","has-post-thumbnail","hentry","category-character","category-heroes","category-ex_works_path_of_radiance","category-stay_heroes","tag-heros","fr-FR"],"jetpack_publicize_connections":[],"jetpack_featured_media_url":"https:\/\/guide.fire-emblem-heroes.com\/wp-content\/uploads\/beufores_dark_deadlord.png","jetpack_sharing_enabled":false,"jetpack_shortlink":"https:\/\/wp.me\/pa0Mj3-7Nm","jetpack_likes_enabled":false,"amp_enabled":false,"_links":{"self":[{"href":"https:\/\/guide.fire-emblem-heroes.com\/wp-json\/wp\/v2\/posts\/29968","targetHints":{"allow":["GET"]}}],"collection":[{"href":"https:\/\/guide.fire-emblem-heroes.com\/wp-json\/wp\/v2\/posts"}],"about":[{"href":"https:\/\/guide.fire-emblem-heroes.com\/wp-json\/wp\/v2\/types\/post"}],"author":[{"embeddable":true,"href":"https:\/\/guide.fire-emblem-heroes.com\/wp-json\/wp\/v2\/users\/1"}],"replies":[{"embeddable":true,"href":"https:\/\/guide.fire-emblem-heroes.com\/wp-json\/wp\/v2\/comments?post=29968"}],"version-history":[{"count":1,"href":"https:\/\/guide.fire-emblem-heroes.com\/wp-json\/wp\/v2\/posts\/29968\/revisions"}],"predecessor-version":[{"id":29977,"href":"https:\/\/guide.fire-emblem-heroes.com\/wp-json\/wp\/v2\/posts\/29968\/revisions\/29977"}],"wp:featuredmedia":[{"embeddable":true,"href":"https:\/\/guide.fire-emblem-heroes.com\/wp-json\/wp\/v2\/media\/30015"}],"wp:attachment":[{"href":"https:\/\/guide.fire-emblem-heroes.com\/wp-json\/wp\/v2\/media?parent=29968"}],"wp:term":[{"taxonomy":"category","embeddable":true,"href":"https:\/\/guide.fire-emblem-heroes.com\/wp-json\/wp\/v2\/categories?post=29968"},{"taxonomy":"post_tag","embeddable":true,"href":"https:\/\/guide.fire-emblem-heroes.com\/wp-json\/wp\/v2\/tags?post=29968"}],"curies":[{"name":"wp","href":"https:\/\/api.w.org\/{rel}","templated":true}]}}