






{"id":30156,"date":"2021-11-26T12:32:09","date_gmt":"2021-11-26T03:32:09","guid":{"rendered":"https:\/\/guide.fire-emblem-heroes.com\/?p=30156"},"modified":"2021-12-15T18:23:12","modified_gmt":"2021-12-15T09:23:12","slug":"00004000900737-2","status":"publish","type":"post","link":"https:\/\/guide.fire-emblem-heroes.com\/fr\/00004000900737-2\/","title":{"rendered":"<span class=\"character_nick\">Divinit\u00e9 guerri\u00e8re<\/span><span class=\"character_name\">Th\u00f3rr<\/span>"},"content":{"rendered":"<main id=\"CHARA_549\" class=\"main_page character\">\r\n            <article>\r\n                <section class=\"sec sec_character\">\r\n                    <ul class=\"sec_ul sec_ul--character slick-box\">\r\n                        <li class=\"sec_li sec_li--character\">\r\n                            <img decoding=\"async\" src=\"https:\/\/guide.fire-emblem-heroes.com\/wp-content\/uploads\/tor_god_of_war_slide01.png\" alt=\"\" \/>\r\n                        <\/li>\r\n                        <li class=\"sec_li sec_li--character\">\r\n                            <img decoding=\"async\" src=\"https:\/\/guide.fire-emblem-heroes.com\/wp-content\/uploads\/tor_god_of_war_slide02.png\" alt=\"\" \/>\r\n                        <\/li>\r\n                        <li class=\"sec_li sec_li--character\">\r\n                            <img decoding=\"async\" src=\"https:\/\/guide.fire-emblem-heroes.com\/wp-content\/uploads\/tor_god_of_war_slide03.png\" alt=\"\" \/>\r\n                        <\/li>\r\n                        <li class=\"sec_li sec_li--character\">\r\n                            <img decoding=\"async\" src=\"https:\/\/guide.fire-emblem-heroes.com\/wp-content\/uploads\/tor_god_of_war_slide04.png\" alt=\"\" \/>\r\n                        <\/li>\r\n                    <\/ul>\r\n                    <div class=\"sec_charainfoarea flex\">\r\n                        <div class=\"sec_gif\"><img loading=\"lazy\" decoding=\"async\" src=\"https:\/\/guide.fire-emblem-heroes.com\/wp-content\/uploads\/tor_god_of_war.png\" alt=\"\" width=\"210\" height=\"190\"\/><\/div>\r\n                        <div class=\"sec_charainfo\">\r\n                            <p id=\"CHARA_549_002\" class=\"sec_characate sec_characate--mythic_heroes\">H\u00e9ros mythiques<\/p>\r\n                            <p id=\"CHARA_549_003\" class=\"sec_charanick\">Divinit\u00e9 guerri\u00e8re<\/p>\r\n                            <p id=\"CHARA_549_004\" class=\"sec_charaname\">Th\u00f3rr<\/p>\r\n                            <p id=\"CHARA_549_005\" class=\"sec_charaappearancetxt\">Appara\u00eet dans<\/p>\r\n                            <p id=\"CHARA_549_006\" class=\"sec_charaappearancetxt\">Fire Emblem Heroes<\/p>\r\n                        <\/div>\r\n                    <\/div>\r\n                <\/section>\r\n            <\/article>\r\n            <article>\r\n                <section class=\"sec sec_characterarea\">\r\n                    <div class=\"sec_h2chara\">\r\n                        <p id=\"CHARA_549_007\" class=\"sec_h2charattl\">Sharena vous pr\u00e9sente\u2026<\/p>\r\n                        <h2 id=\"CHARA_549_008\" class=\"sec_h2charatxt\">Divinit\u00e9 guerri\u00e8re Th\u00f3rr<\/h2>\r\n                    <\/div>\r\n                    <dl class=\"sec_dl flex\">\r\n                        <dt id=\"CHARA_549_009\" class=\"sec_dt\">Les cieux ont sollicit\u00e9 Askr pour subir l&rsquo;\u00e9preuve de l&rsquo;Assaut de Mj\u00f6lnir, l&rsquo;ennemi ayant \u00e0 sa t\u00eate nulle autre que Th\u00f3rr, la d\u00e9esse de la guerre\u00a0!<\/dt>\r\n                        <dd class=\"sec_dd\">\r\n                            <a href=\"https:\/\/guide.fire-emblem-heroes.com\/wp-content\/uploads\/tor_god_of_war_pop01.png\" class=\"popup-image\">\r\n                                <img decoding=\"async\" src=\"https:\/\/guide.fire-emblem-heroes.com\/wp-content\/uploads\/tor_god_of_war_info01.png\" alt=\"\" \/>\r\n                            <\/a>\r\n                        <\/dd>\r\n                        <dt id=\"CHARA_549_010\" class=\"sec_dt\">Th\u00f3rr a lib\u00e9r\u00e9 le pouvoir de Mj\u00f6lnir pour envahir Askr et mettre l&rsquo;humanit\u00e9 \u00e0 l&rsquo;\u00e9preuve, mais n&rsquo;a pas \u00e9t\u00e9 tr\u00e8s explicite sur les raisons qui l&rsquo;ont pouss\u00e9e \u00e0 faire \u00e7a.<\/dt>\r\n                        <dd class=\"sec_dd\">\r\n                            <a href=\"https:\/\/guide.fire-emblem-heroes.com\/wp-content\/uploads\/tor_god_of_war_pop02.png\" class=\"popup-image\">\r\n                                <img decoding=\"async\" src=\"https:\/\/guide.fire-emblem-heroes.com\/wp-content\/uploads\/tor_god_of_war_info02.png\" alt=\"\" \/>\r\n                            <\/a>\r\n                        <\/dd>\r\n                        <dt id=\"CHARA_549_011\" class=\"sec_dt\">On dirait pourtant que son but n&rsquo;est pas de d\u00e9truire l&rsquo;humanit\u00e9. Par respect pour la force des humains, elle nous a parl\u00e9 du bouclier de Midgard, gr\u00e2ce auquel nous sommes cens\u00e9s survivre au massacre et m\u00eame riposter.<\/dt>\r\n                        <dd class=\"sec_dd\">\r\n                            <a href=\"https:\/\/guide.fire-emblem-heroes.com\/wp-content\/uploads\/tor_god_of_war_pop03.png\" class=\"popup-image\">\r\n                                <img decoding=\"async\" src=\"https:\/\/guide.fire-emblem-heroes.com\/wp-content\/uploads\/tor_god_of_war_info03.png\" alt=\"\" \/>\r\n                            <\/a>\r\n                        <\/dd>\r\n                        <dt id=\"CHARA_549_012\" class=\"sec_dt\">Elle a \u00e9galement acquis le soutien de L\u00edf et Thrasir, faisant d&rsquo;eux des champions divins au service des dieux. Th\u00f3rr elle-m\u00eame sert celui qui est \u00e0 l&rsquo;origine de tout\u2026 Je me demande bien quel est son v\u00e9ritable objectif !<\/dt>\r\n                        <dd class=\"sec_dd\">\r\n                            <a href=\"https:\/\/guide.fire-emblem-heroes.com\/wp-content\/uploads\/tor_god_of_war_pop04.png\" class=\"popup-image\">\r\n                                <img decoding=\"async\" src=\"https:\/\/guide.fire-emblem-heroes.com\/wp-content\/uploads\/tor_god_of_war_info04.png\" alt=\"\" \/>\r\n                            <\/a>\r\n                        <\/dd>\r\n                    <\/dl>\r\n                    <h3 id=\"CHARA_549_013\" class=\"sec_h3charatxt\">Personnage li\u00e9 \u00e0<\/h3>\r\n                    <h4 id=\"CHARA_549_014\" class=\"sec_h4charatxt\">Loki<\/h4>\r\n                    <p id=\"CHARA_549_015\" class=\"sec_charatxt\">Connaissance de longue date de Th\u00f3rr et strat\u00e8ge de M\u00faspell, le monde des flammes, elle aime jouer des tours aux autres et les manipuler.<\/p>\r\n                    <h4 id=\"CHARA_549_016\" class=\"sec_h4charatxt\">L\u00edf<\/h4>\r\n                    <p id=\"CHARA_549_017\" class=\"sec_charatxt\">G\u00e9n\u00e9ral du monde des morts au service de sa reine, ce sombre \u00e9p\u00e9iste combat dans l&rsquo;espoir que tous les vivants rejoignent les rangs des morts. Apr\u00e8s s&rsquo;\u00eatre lib\u00e9r\u00e9 du contr\u00f4le de Hel, il noue un pacte avec Th\u00f3rr pour devenir un guerrier c\u00e9leste dominant les neuf mondes.<\/p>\r\n                    <h4 id=\"CHARA_549_018\" class=\"sec_h4charatxt\">Thrasir<\/h4>\r\n                    <p id=\"CHARA_549_019\" class=\"sec_charatxt\">G\u00e9n\u00e9ral du monde des morts au service de sa reine, elle utilise ses pouvoirs pour que tous les vivants rejoignent les rangs des morts. Apr\u00e8s s&rsquo;\u00eatre lib\u00e9r\u00e9e du contr\u00f4le de Hel, elle noue un pacte avec Th\u00f3rr pour devenir une guerri\u00e8re c\u00e9leste dominant les neuf mondes.<\/p>\r\n                <\/section>\r\n            <\/article>\r\n        <\/main>","protected":false},"excerpt":{"rendered":"H\u00e9ros mythiques Divinit\u00e9 guerri\u00e8re Th\u00f3rr Appara\u00eet dans Fire Emblem Heroes Sharena vous pr\u00e9sente\u2026 Divinit\u00e9 guerri\u00e8re Th\u00f3rr Les cieux ont sollicit\u00e9 Askr pour subir l&rsquo;\u00e9preuve de l&rsquo;Assaut de Mj\u00f6lnir, l&rsquo;ennemi ayant \u00e0 sa t\u00eate nulle autre que Th\u00f3rr, la d\u00e9esse de la guerre\u00a0! Th\u00f3rr a lib\u00e9r\u00e9 le pouvoir de Mj\u00f6lnir pour envahir Askr et mettre l&rsquo;humanit\u00e9 [&hellip;]","protected":false},"author":1,"featured_media":30238,"comment_status":"closed","ping_status":"closed","sticky":false,"template":"","format":"standard","meta":{"advanced_seo_description":"","jetpack_seo_html_title":"","jetpack_seo_noindex":false,"_jetpack_newsletter_access":"","_jetpack_dont_email_post_to_subs":false,"_jetpack_newsletter_tier_id":0,"_jetpack_memberships_contains_paywalled_content":false,"_locale":"fr_FR","_original_post":"https:\/\/guide.fire-emblem-heroes.com\/?p=30148","_jetpack_memberships_contains_paid_content":false,"footnotes":"","jetpack_publicize_message":"","jetpack_publicize_feature_enabled":true,"jetpack_social_post_already_shared":true,"jetpack_social_options":{"image_generator_settings":{"template":"highway","default_image_id":0,"font":"","enabled":false},"version":2},"_wpas_customize_per_network":false,"jetpack_post_was_ever_published":false},"categories":[1384,1423,1385,1390],"tags":[1402],"class_list":["post-30156","post","type-post","status-publish","format-standard","has-post-thumbnail","hentry","category-character","category-ex_works_heroes","category-mythic_heroes","category-stay_heroes","tag-heros-mythiques","fr-FR"],"jetpack_publicize_connections":[],"jetpack_featured_media_url":"https:\/\/guide.fire-emblem-heroes.com\/wp-content\/uploads\/tor_god_of_war.png","jetpack_sharing_enabled":false,"jetpack_shortlink":"https:\/\/wp.me\/pa0Mj3-7Qo","jetpack_likes_enabled":false,"amp_enabled":false,"_links":{"self":[{"href":"https:\/\/guide.fire-emblem-heroes.com\/wp-json\/wp\/v2\/posts\/30156","targetHints":{"allow":["GET"]}}],"collection":[{"href":"https:\/\/guide.fire-emblem-heroes.com\/wp-json\/wp\/v2\/posts"}],"about":[{"href":"https:\/\/guide.fire-emblem-heroes.com\/wp-json\/wp\/v2\/types\/post"}],"author":[{"embeddable":true,"href":"https:\/\/guide.fire-emblem-heroes.com\/wp-json\/wp\/v2\/users\/1"}],"replies":[{"embeddable":true,"href":"https:\/\/guide.fire-emblem-heroes.com\/wp-json\/wp\/v2\/comments?post=30156"}],"version-history":[{"count":1,"href":"https:\/\/guide.fire-emblem-heroes.com\/wp-json\/wp\/v2\/posts\/30156\/revisions"}],"predecessor-version":[{"id":30165,"href":"https:\/\/guide.fire-emblem-heroes.com\/wp-json\/wp\/v2\/posts\/30156\/revisions\/30165"}],"wp:featuredmedia":[{"embeddable":true,"href":"https:\/\/guide.fire-emblem-heroes.com\/wp-json\/wp\/v2\/media\/30238"}],"wp:attachment":[{"href":"https:\/\/guide.fire-emblem-heroes.com\/wp-json\/wp\/v2\/media?parent=30156"}],"wp:term":[{"taxonomy":"category","embeddable":true,"href":"https:\/\/guide.fire-emblem-heroes.com\/wp-json\/wp\/v2\/categories?post=30156"},{"taxonomy":"post_tag","embeddable":true,"href":"https:\/\/guide.fire-emblem-heroes.com\/wp-json\/wp\/v2\/tags?post=30156"}],"curies":[{"name":"wp","href":"https:\/\/api.w.org\/{rel}","templated":true}]}}