






{"id":30596,"date":"2021-12-14T10:43:44","date_gmt":"2021-12-14T01:43:44","guid":{"rendered":"https:\/\/guide.fire-emblem-heroes.com\/?p=30596"},"modified":"2022-01-14T17:06:13","modified_gmt":"2022-01-14T08:06:13","slug":"07001022000746-2","status":"publish","type":"post","link":"https:\/\/guide.fire-emblem-heroes.com\/fr\/07001022000746-2\/","title":{"rendered":"<span class=\"character_nick\">Saint d&rsquo;argent<\/span><span class=\"character_name\">Artur<\/span>"},"content":{"rendered":"<main id=\"CHARA_559\" class=\"main_page character\">\r\n            <article>\r\n                <section class=\"sec sec_character\">\r\n                    <ul class=\"sec_ul sec_ul--character slick-box\">\r\n                        <li class=\"sec_li sec_li--character\">\r\n                            <img decoding=\"async\" src=\"https:\/\/guide.fire-emblem-heroes.com\/wp-content\/uploads\/asley_silver_saint_slide01.png\" alt=\"\" \/>\r\n                        <\/li>\r\n                        <li class=\"sec_li sec_li--character\">\r\n                            <img decoding=\"async\" src=\"https:\/\/guide.fire-emblem-heroes.com\/wp-content\/uploads\/asley_silver_saint_slide02.png\" alt=\"\" \/>\r\n                        <\/li>\r\n                        <li class=\"sec_li sec_li--character\">\r\n                            <img decoding=\"async\" src=\"https:\/\/guide.fire-emblem-heroes.com\/wp-content\/uploads\/asley_silver_saint_slide03.png\" alt=\"\" \/>\r\n                        <\/li>\r\n                        <li class=\"sec_li sec_li--character\">\r\n                            <img decoding=\"async\" src=\"https:\/\/guide.fire-emblem-heroes.com\/wp-content\/uploads\/asley_silver_saint_slide04.png\" alt=\"\" \/>\r\n                        <\/li>\r\n                    <\/ul>\r\n                    <div class=\"sec_charainfoarea flex\">\r\n                        <div class=\"sec_gif\"><img loading=\"lazy\" decoding=\"async\" src=\"https:\/\/guide.fire-emblem-heroes.com\/wp-content\/uploads\/asley_silver_saint.png\" alt=\"\" width=\"210\" height=\"190\"\/><\/div>\r\n                        <div class=\"sec_charainfo\">\r\n                            <p id=\"CHARA_559_002\" class=\"sec_characate sec_characate--special_heroes\">H\u00e9ros sp\u00e9ciaux<\/p>\r\n                            <p id=\"CHARA_559_003\" class=\"sec_charanick\">Saint d&rsquo;argent<\/p>\r\n                            <p id=\"CHARA_559_004\" class=\"sec_charaname\">Artur<\/p>\r\n                            <p id=\"CHARA_559_005\" class=\"sec_charaappearancetxt\">Appara\u00eet dans<\/p>\r\n                            <p id=\"CHARA_559_006\" class=\"sec_charaappearancetxt\">Fire Emblem: The Sacred Stones<\/p>\r\n                        <\/div>\r\n                    <\/div>\r\n                <\/section>\r\n            <\/article>\r\n            <article>\r\n                <section class=\"sec sec_characterarea\">\r\n                    <div class=\"sec_h2chara\">\r\n                        <p id=\"CHARA_559_007\" class=\"sec_h2charattl\">Sharena vous pr\u00e9sente&#8230;<\/p>\r\n                        <h2 id=\"CHARA_559_008\" class=\"sec_h2charatxt\">Saint d&rsquo;argent Artur<\/h2>\r\n                    <\/div>\r\n                    <dl class=\"sec_dl flex\">\r\n                        <dt id=\"CHARA_559_009\" class=\"sec_dt\">Artur d\u00e9barque au festival de l&rsquo;hiver\u00a0! C&rsquo;est un moine de Renais, en mission pour d\u00e9barrasser le pays des monstres, mais aujourd&rsquo;hui il prend un peu de temps pour b\u00e9nir les festivit\u00e9s.<\/dt>\r\n                        <dd class=\"sec_dd\">\r\n                            <a href=\"https:\/\/guide.fire-emblem-heroes.com\/wp-content\/uploads\/asley_silver_saint_pop01.png\" class=\"popup-image\">\r\n                                <img decoding=\"async\" src=\"https:\/\/guide.fire-emblem-heroes.com\/wp-content\/uploads\/asley_silver_saint_info01.png\" alt=\"\" \/>\r\n                            <\/a>\r\n                        <\/dd>\r\n                        <dt id=\"CHARA_559_010\" class=\"sec_dt\">On peut dire qu&rsquo;il y met du style, avec une magnifique robe rouge. L&rsquo;int\u00e9rieur de sa cape est assorti avec son \u00e9charpe, et accentue le style hivernal de cette tenue. Mais ce n&rsquo;est pas suffisant pour me d\u00e9tourner de ce sac rempli de cadeaux\u00a0!<\/dt>\r\n                        <dd class=\"sec_dd\">\r\n                            <a href=\"https:\/\/guide.fire-emblem-heroes.com\/wp-content\/uploads\/asley_silver_saint_pop02.png\" class=\"popup-image\">\r\n                                <img decoding=\"async\" src=\"https:\/\/guide.fire-emblem-heroes.com\/wp-content\/uploads\/asley_silver_saint_info02.png\" alt=\"\" \/>\r\n                            <\/a>\r\n                        <\/dd>\r\n                        <dt id=\"CHARA_559_011\" class=\"sec_dt\">Laissons ce sac de c\u00f4t\u00e9 pour l&rsquo;instant et int\u00e9ressons-nous \u00e0 la petite figurine dans la boule \u00e0 neige qu&rsquo;il porte. Elle ne vous rappelle rien\u00a0? Eh oui, c&rsquo;est Genarog, la monture wyverne de Cormag\u00a0!<\/dt>\r\n                        <dd class=\"sec_dd\">\r\n                            <a href=\"https:\/\/guide.fire-emblem-heroes.com\/wp-content\/uploads\/asley_silver_saint_pop03.png\" class=\"popup-image\">\r\n                                <img decoding=\"async\" src=\"https:\/\/guide.fire-emblem-heroes.com\/wp-content\/uploads\/asley_silver_saint_info03.png\" alt=\"\" \/>\r\n                            <\/a>\r\n                        <\/dd>\r\n                        <dt id=\"CHARA_559_012\" class=\"sec_dt\">Il para\u00eet que Lute, une vieille amie d&rsquo;Artur, est l\u00e0 aussi\u00a0! J&rsquo;esp\u00e8re qu&rsquo;on va assister \u00e0 de belles retrouvailles dans la neige au festival de l&rsquo;hiver d&rsquo;Askr\u00a0!<\/dt>\r\n                        <dd class=\"sec_dd\">\r\n                            <a href=\"https:\/\/guide.fire-emblem-heroes.com\/wp-content\/uploads\/asley_silver_saint_pop04.png\" class=\"popup-image\">\r\n                                <img decoding=\"async\" src=\"https:\/\/guide.fire-emblem-heroes.com\/wp-content\/uploads\/asley_silver_saint_info04.png\" alt=\"\" \/>\r\n                            <\/a>\r\n                        <\/dd>\r\n                    <\/dl>\r\n                    <h3 id=\"CHARA_559_013\" class=\"sec_h3charatxt\">Personnage li\u00e9 \u00e0<\/h3>\r\n                    <h4 id=\"CHARA_559_014\" class=\"sec_h4charatxt\">Lute<\/h4>\r\n                    <p id=\"CHARA_559_015\" class=\"sec_charatxt\">Jeune mage de Renais au temp\u00e9rament particulier et amie d&rsquo;enfance d&rsquo;Artur, elle a confiance dans ses capacit\u00e9s.<\/p>\r\n                    <h4 id=\"CHARA_559_016\" class=\"sec_h4charatxt\">Cormag<\/h4>\r\n                    <p id=\"CHARA_559_017\" class=\"sec_charatxt\">Chevalier wyverne de Grado, il est le fr\u00e8re cadet de Glen, que l&rsquo;on surnomme \u00ab la Pierre de soleil \u00bb. Bien qu&rsquo;il ait d\u00e9sert\u00e9 son arm\u00e9e, il se bat avec fiert\u00e9 et ferveur pour sa patrie. Sa wyverne appr\u00e9cie Artur.<\/p>\r\n                <\/section>\r\n            <\/article>\r\n        <\/main>","protected":false},"excerpt":{"rendered":"H\u00e9ros sp\u00e9ciaux Saint d&rsquo;argent Artur Appara\u00eet dans Fire Emblem: The Sacred Stones Sharena vous pr\u00e9sente&#8230; Saint d&rsquo;argent Artur Artur d\u00e9barque au festival de l&rsquo;hiver\u00a0! C&rsquo;est un moine de Renais, en mission pour d\u00e9barrasser le pays des monstres, mais aujourd&rsquo;hui il prend un peu de temps pour b\u00e9nir les festivit\u00e9s. On peut dire qu&rsquo;il y met [&hellip;]","protected":false},"author":1,"featured_media":30677,"comment_status":"closed","ping_status":"closed","sticky":false,"template":"","format":"standard","meta":{"advanced_seo_description":"","jetpack_seo_html_title":"","jetpack_seo_noindex":false,"_jetpack_newsletter_access":"","_jetpack_dont_email_post_to_subs":false,"_jetpack_newsletter_tier_id":0,"_jetpack_memberships_contains_paywalled_content":false,"_locale":"fr_FR","_original_post":"https:\/\/guide.fire-emblem-heroes.com\/?p=30588","_jetpack_memberships_contains_paid_content":false,"footnotes":"","jetpack_publicize_message":"","jetpack_publicize_feature_enabled":true,"jetpack_social_post_already_shared":true,"jetpack_social_options":{"image_generator_settings":{"template":"highway","default_image_id":0,"font":"","enabled":false},"version":2},"_wpas_customize_per_network":false,"jetpack_post_was_ever_published":false},"categories":[1384,1428,1405,1390],"tags":[1410],"class_list":["post-30596","post","type-post","status-publish","format-standard","has-post-thumbnail","hentry","category-character","category-ex_works_the_sacred_stones","category-special_heroes","category-stay_heroes","tag-heros-speciaux","fr-FR"],"jetpack_publicize_connections":[],"jetpack_featured_media_url":"https:\/\/guide.fire-emblem-heroes.com\/wp-content\/uploads\/asley_silver_saint.png","jetpack_sharing_enabled":false,"jetpack_shortlink":"https:\/\/wp.me\/pa0Mj3-7Xu","jetpack_likes_enabled":false,"amp_enabled":false,"_links":{"self":[{"href":"https:\/\/guide.fire-emblem-heroes.com\/wp-json\/wp\/v2\/posts\/30596","targetHints":{"allow":["GET"]}}],"collection":[{"href":"https:\/\/guide.fire-emblem-heroes.com\/wp-json\/wp\/v2\/posts"}],"about":[{"href":"https:\/\/guide.fire-emblem-heroes.com\/wp-json\/wp\/v2\/types\/post"}],"author":[{"embeddable":true,"href":"https:\/\/guide.fire-emblem-heroes.com\/wp-json\/wp\/v2\/users\/1"}],"replies":[{"embeddable":true,"href":"https:\/\/guide.fire-emblem-heroes.com\/wp-json\/wp\/v2\/comments?post=30596"}],"version-history":[{"count":1,"href":"https:\/\/guide.fire-emblem-heroes.com\/wp-json\/wp\/v2\/posts\/30596\/revisions"}],"predecessor-version":[{"id":30605,"href":"https:\/\/guide.fire-emblem-heroes.com\/wp-json\/wp\/v2\/posts\/30596\/revisions\/30605"}],"wp:featuredmedia":[{"embeddable":true,"href":"https:\/\/guide.fire-emblem-heroes.com\/wp-json\/wp\/v2\/media\/30677"}],"wp:attachment":[{"href":"https:\/\/guide.fire-emblem-heroes.com\/wp-json\/wp\/v2\/media?parent=30596"}],"wp:term":[{"taxonomy":"category","embeddable":true,"href":"https:\/\/guide.fire-emblem-heroes.com\/wp-json\/wp\/v2\/categories?post=30596"},{"taxonomy":"post_tag","embeddable":true,"href":"https:\/\/guide.fire-emblem-heroes.com\/wp-json\/wp\/v2\/tags?post=30596"}],"curies":[{"name":"wp","href":"https:\/\/api.w.org\/{rel}","templated":true}]}}