






{"id":30846,"date":"2021-12-22T12:21:42","date_gmt":"2021-12-22T03:21:42","guid":{"rendered":"https:\/\/guide.fire-emblem-heroes.com\/?p=30846"},"modified":"2021-12-23T13:55:50","modified_gmt":"2021-12-23T04:55:50","slug":"10004003000075-2","status":"publish","type":"post","link":"https:\/\/guide.fire-emblem-heroes.com\/fr\/10004003000075-2\/","title":{"rendered":"<span class=\"character_nick\">Ombre inqui\u00e9tante<\/span><span class=\"character_name\">Tharja<\/span>"},"content":{"rendered":"<main id=\"CHARA_567\" class=\"main_page character\">\r\n            <article>\r\n                <section class=\"sec sec_character\">\r\n                    <ul class=\"sec_ul sec_ul--character slick-box\">\r\n                        <li class=\"sec_li sec_li--character\">\r\n                            <img decoding=\"async\" src=\"https:\/\/guide.fire-emblem-heroes.com\/wp-content\/uploads\/sallya_dark_shadow_slide01.png\" alt=\"\" \/>\r\n                        <\/li>\r\n                        <li class=\"sec_li sec_li--character\">\r\n                            <img decoding=\"async\" src=\"https:\/\/guide.fire-emblem-heroes.com\/wp-content\/uploads\/sallya_dark_shadow_slide02.png\" alt=\"\" \/>\r\n                        <\/li>\r\n                        <li class=\"sec_li sec_li--character\">\r\n                            <img decoding=\"async\" src=\"https:\/\/guide.fire-emblem-heroes.com\/wp-content\/uploads\/sallya_dark_shadow_slide03.png\" alt=\"\" \/>\r\n                        <\/li>\r\n                        <li class=\"sec_li sec_li--character\">\r\n                            <img decoding=\"async\" src=\"https:\/\/guide.fire-emblem-heroes.com\/wp-content\/uploads\/sallya_dark_shadow_slide04.png\" alt=\"\" \/>\r\n                        <\/li>\r\n                    <\/ul>\r\n                    <div class=\"sec_charainfoarea flex\">\r\n                        <div class=\"sec_gif\"><img loading=\"lazy\" decoding=\"async\" src=\"https:\/\/guide.fire-emblem-heroes.com\/wp-content\/uploads\/sallya_dark_shadow.png\" alt=\"\" width=\"210\" height=\"190\"\/><\/div>\r\n                        <div class=\"sec_charainfo\">\r\n                            <p id=\"CHARA_567_002\" class=\"sec_characate sec_characate--heroes\">H\u00e9ros<\/p>\r\n                            <p id=\"CHARA_567_003\" class=\"sec_charanick\">Ombre inqui\u00e9tante<\/p>\r\n                            <p id=\"CHARA_567_004\" class=\"sec_charaname\">Tharja<\/p>\r\n                            <p id=\"CHARA_567_005\" class=\"sec_charaappearancetxt\">Appara\u00eet dans<\/p>\r\n                            <p id=\"CHARA_567_006\" class=\"sec_charaappearancetxt\">Fire Emblem\u00a0: Awakening<\/p>\r\n                        <\/div>\r\n                    <\/div>\r\n                <\/section>\r\n            <\/article>\r\n            <article>\r\n                <section class=\"sec sec_characterarea\">\r\n                    <div class=\"sec_h2chara\">\r\n                        <p id=\"CHARA_567_007\" class=\"sec_h2charattl\">Sharena vous pr\u00e9sente\u2026<\/p>\r\n                        <h2 id=\"CHARA_567_008\" class=\"sec_h2charatxt\">Ombre inqui\u00e9tante Tharja<\/h2>\r\n                    <\/div>\r\n                    <dl class=\"sec_dl flex\">\r\n                        <dt id=\"CHARA_567_009\" class=\"sec_dt\">Mage noire venue de Plegia, Tharja descend d&rsquo;une longue lign\u00e9e de puissants ensorceleurs. Ses parents l&rsquo;ont initi\u00e9e \u00e0 la magie noire avant qu&rsquo;elle ne marche \u00e0 quatre pattes.<\/dt>\r\n                        <dd class=\"sec_dd\">\r\n                            <a href=\"https:\/\/guide.fire-emblem-heroes.com\/wp-content\/uploads\/sallya_dark_shadow_pop01.png\" class=\"popup-image\">\r\n                                <img decoding=\"async\" src=\"https:\/\/guide.fire-emblem-heroes.com\/wp-content\/uploads\/sallya_dark_shadow_info01.png\" alt=\"\" \/>\r\n                            <\/a>\r\n                        <\/dd>\r\n                        <dt id=\"CHARA_567_010\" class=\"sec_dt\">Tharja a rencontr\u00e9 Chrom durant la guerre entre Plegia et Ylisse. Impressionn\u00e9e par la noblesse de son esprit, elle a d\u00e9cid\u00e9 de quitter Plegia et de rejoindre les Veilleurs.<\/dt>\r\n                        <dd class=\"sec_dd\">\r\n                            <a href=\"https:\/\/guide.fire-emblem-heroes.com\/wp-content\/uploads\/sallya_dark_shadow_pop02.png\" class=\"popup-image\">\r\n                                <img decoding=\"async\" src=\"https:\/\/guide.fire-emblem-heroes.com\/wp-content\/uploads\/sallya_dark_shadow_info02.png\" alt=\"\" \/>\r\n                            <\/a>\r\n                        <\/dd>\r\n                        <dt id=\"CHARA_567_011\" class=\"sec_dt\">Elle s&rsquo;est ensuite int\u00e9ress\u00e9e de tr\u00e8s pr\u00e8s \u00e0 Daraen, strat\u00e8ge de Chrom, mais cette obsession est longtemps pass\u00e9e inaper\u00e7ue. Sa fa\u00e7on de chercher \u00e0 attirer l&rsquo;attention de Daraen me fend le c\u0153ur\u00a0!<\/dt>\r\n                        <dd class=\"sec_dd\">\r\n                            <a href=\"https:\/\/guide.fire-emblem-heroes.com\/wp-content\/uploads\/sallya_dark_shadow_pop03.png\" class=\"popup-image\">\r\n                                <img decoding=\"async\" src=\"https:\/\/guide.fire-emblem-heroes.com\/wp-content\/uploads\/sallya_dark_shadow_info03.png\" alt=\"\" \/>\r\n                            <\/a>\r\n                        <\/dd>\r\n                        <dt id=\"CHARA_567_012\" class=\"sec_dt\">Certaines personnes ont la m\u00e9chancet\u00e9 de dire qu&rsquo;elle est effrayante, mais je la trouve parfaitement normale, et super mignonne en plus\u00a0! J&rsquo;esp\u00e8re que nous allons devenir amies\u00a0!<\/dt>\r\n                        <dd class=\"sec_dd\">\r\n                            <a href=\"https:\/\/guide.fire-emblem-heroes.com\/wp-content\/uploads\/sallya_dark_shadow_pop04.png\" class=\"popup-image\">\r\n                                <img decoding=\"async\" src=\"https:\/\/guide.fire-emblem-heroes.com\/wp-content\/uploads\/sallya_dark_shadow_info04.png\" alt=\"\" \/>\r\n                            <\/a>\r\n                        <\/dd>\r\n                    <\/dl>\r\n                    <h3 id=\"CHARA_567_013\" class=\"sec_h3charatxt\">Personnage li\u00e9 \u00e0<\/h3>\r\n                    <h4 id=\"CHARA_567_014\" class=\"sec_h4charatxt\">Daraen<\/h4>\r\n                    <p id=\"CHARA_567_015\" class=\"sec_charatxt\">Ce strat\u00e8ge d&rsquo;Ylisse et pr\u00e9cieux alli\u00e9 de Chrom n&rsquo;a aucun souvenir pr\u00e9c\u00e9dant sa rencontre avec lui. Tharja lui montre beaucoup d&rsquo;affection.<\/p>\r\n                    <h4 id=\"CHARA_567_016\" class=\"sec_h4charatxt\">Chrom<\/h4>\r\n                    <p id=\"CHARA_567_017\" class=\"sec_charatxt\">Prince d&rsquo;Ylisse, descendant du Roi-H\u00e9ros et meneur des Veilleurs, il invite Tharja \u00e0 les rejoindre.<\/p>\r\n                <\/section>\r\n            <\/article>\r\n        <\/main>","protected":false},"excerpt":{"rendered":"H\u00e9ros Ombre inqui\u00e9tante Tharja Appara\u00eet dans Fire Emblem\u00a0: Awakening Sharena vous pr\u00e9sente\u2026 Ombre inqui\u00e9tante Tharja Mage noire venue de Plegia, Tharja descend d&rsquo;une longue lign\u00e9e de puissants ensorceleurs. Ses parents l&rsquo;ont initi\u00e9e \u00e0 la magie noire avant qu&rsquo;elle ne marche \u00e0 quatre pattes. Tharja a rencontr\u00e9 Chrom durant la guerre entre Plegia et Ylisse. Impressionn\u00e9e [&hellip;]","protected":false},"author":1,"featured_media":30938,"comment_status":"closed","ping_status":"closed","sticky":false,"template":"","format":"standard","meta":{"advanced_seo_description":"","jetpack_seo_html_title":"","jetpack_seo_noindex":false,"jetpack_post_was_ever_published":false,"_jetpack_newsletter_access":"","_jetpack_dont_email_post_to_subs":false,"_jetpack_newsletter_tier_id":0,"_jetpack_memberships_contains_paywalled_content":false,"_locale":"fr_FR","_original_post":"https:\/\/guide.fire-emblem-heroes.com\/?p=30838","_jetpack_memberships_contains_paid_content":false,"footnotes":"","jetpack_publicize_message":"","jetpack_publicize_feature_enabled":true,"jetpack_social_post_already_shared":true,"jetpack_social_options":{"image_generator_settings":{"template":"highway","default_image_id":0,"font":"","enabled":false},"version":2},"_wpas_customize_per_network":false},"categories":[1384,1415,1431,1390],"tags":[1419],"class_list":["post-30846","post","type-post","status-publish","format-standard","has-post-thumbnail","hentry","category-character","category-heroes","category-ex_works_awakening","category-stay_heroes","tag-heros","fr-FR"],"jetpack_publicize_connections":[],"jetpack_featured_media_url":"https:\/\/guide.fire-emblem-heroes.com\/wp-content\/uploads\/sallya_dark_shadow.png","jetpack_sharing_enabled":false,"jetpack_shortlink":"https:\/\/wp.me\/pa0Mj3-81w","jetpack_likes_enabled":false,"amp_enabled":false,"_links":{"self":[{"href":"https:\/\/guide.fire-emblem-heroes.com\/wp-json\/wp\/v2\/posts\/30846","targetHints":{"allow":["GET"]}}],"collection":[{"href":"https:\/\/guide.fire-emblem-heroes.com\/wp-json\/wp\/v2\/posts"}],"about":[{"href":"https:\/\/guide.fire-emblem-heroes.com\/wp-json\/wp\/v2\/types\/post"}],"author":[{"embeddable":true,"href":"https:\/\/guide.fire-emblem-heroes.com\/wp-json\/wp\/v2\/users\/1"}],"replies":[{"embeddable":true,"href":"https:\/\/guide.fire-emblem-heroes.com\/wp-json\/wp\/v2\/comments?post=30846"}],"version-history":[{"count":1,"href":"https:\/\/guide.fire-emblem-heroes.com\/wp-json\/wp\/v2\/posts\/30846\/revisions"}],"predecessor-version":[{"id":30855,"href":"https:\/\/guide.fire-emblem-heroes.com\/wp-json\/wp\/v2\/posts\/30846\/revisions\/30855"}],"wp:featuredmedia":[{"embeddable":true,"href":"https:\/\/guide.fire-emblem-heroes.com\/wp-json\/wp\/v2\/media\/30938"}],"wp:attachment":[{"href":"https:\/\/guide.fire-emblem-heroes.com\/wp-json\/wp\/v2\/media?parent=30846"}],"wp:term":[{"taxonomy":"category","embeddable":true,"href":"https:\/\/guide.fire-emblem-heroes.com\/wp-json\/wp\/v2\/categories?post=30846"},{"taxonomy":"post_tag","embeddable":true,"href":"https:\/\/guide.fire-emblem-heroes.com\/wp-json\/wp\/v2\/tags?post=30846"}],"curies":[{"name":"wp","href":"https:\/\/api.w.org\/{rel}","templated":true}]}}