






{"id":30948,"date":"2021-12-27T12:06:37","date_gmt":"2021-12-27T03:06:37","guid":{"rendered":"https:\/\/guide.fire-emblem-heroes.com\/?p=30948"},"modified":"2022-02-01T16:28:59","modified_gmt":"2022-02-01T07:28:59","slug":"00005007000750-2","status":"publish","type":"post","link":"https:\/\/guide.fire-emblem-heroes.com\/fr\/00005007000750-2\/","title":{"rendered":"<span class=\"character_nick\">G\u00e9antes des f\u00eates<\/span><span class=\"character_name\">Dagr<\/span>"},"content":{"rendered":"<main id=\"CHARA_568\" class=\"main_page character\">\r\n            <article>\r\n                <section class=\"sec sec_character\">\r\n                    <ul class=\"sec_ul sec_ul--character slick-box\">\r\n                        <li class=\"sec_li sec_li--character\">\r\n                            <img decoding=\"async\" src=\"https:\/\/guide.fire-emblem-heroes.com\/wp-content\/uploads\/dagr_new_year_jotnar_slide01.png\" alt=\"\" \/>\r\n                        <\/li>\r\n                        <li class=\"sec_li sec_li--character\">\r\n                            <img decoding=\"async\" src=\"https:\/\/guide.fire-emblem-heroes.com\/wp-content\/uploads\/dagr_new_year_jotnar_slide02.png\" alt=\"\" \/>\r\n                        <\/li>\r\n                        <li class=\"sec_li sec_li--character\">\r\n                            <img decoding=\"async\" src=\"https:\/\/guide.fire-emblem-heroes.com\/wp-content\/uploads\/dagr_new_year_jotnar_slide03.png\" alt=\"\" \/>\r\n                        <\/li>\r\n                        <li class=\"sec_li sec_li--character\">\r\n                            <img decoding=\"async\" src=\"https:\/\/guide.fire-emblem-heroes.com\/wp-content\/uploads\/dagr_new_year_jotnar_slide04.png\" alt=\"\" \/>\r\n                        <\/li>\r\n                    <\/ul>\r\n                    <div class=\"sec_charainfoarea flex\">\r\n                        <div class=\"sec_gif\"><img loading=\"lazy\" decoding=\"async\" src=\"https:\/\/guide.fire-emblem-heroes.com\/wp-content\/uploads\/dagr_new_year_jotnar.png\" alt=\"\" width=\"210\" height=\"190\"\/><\/div>\r\n                        <div class=\"sec_charainfo\">\r\n                            <p id=\"CHARA_568_002\" class=\"sec_characate sec_characate--duo_hero\">Doubles unit\u00e9s<\/p>\r\n                            <p id=\"CHARA_568_003\" class=\"sec_charanick\">G\u00e9antes des f\u00eates<\/p>\r\n                            <p id=\"CHARA_568_004\" class=\"sec_charaname\">Dagr<\/p>\r\n                            <p id=\"CHARA_568_005\" class=\"sec_charaappearancetxt\">Appara\u00eet dans<\/p>\r\n                            <p id=\"CHARA_568_006\" class=\"sec_charaappearancetxt\">Fire Emblem Heroes<\/p>\r\n                        <\/div>\r\n                    <\/div>\r\n                <\/section>\r\n            <\/article>\r\n            <article>\r\n                <section class=\"sec sec_characterarea\">\r\n                    <div class=\"sec_h2chara\">\r\n                        <p id=\"CHARA_568_007\" class=\"sec_h2charattl\">Sharena vous pr\u00e9sente\u2026<\/p>\r\n                        <h2 id=\"CHARA_568_008\" class=\"sec_h2charatxt\">G\u00e9antes des f\u00eates Dagr<\/h2>\r\n                    <\/div>\r\n                    <dl class=\"sec_dl flex\">\r\n                        <dt id=\"CHARA_568_009\" class=\"sec_dt\">Les princesses jumelles des g\u00e9ants se joignent aux c\u00e9l\u00e9brations du Nouvel An en Askr. Accueillez chaleureusement Dagr et N\u00f3tt\u00a0!<\/dt>\r\n                        <dd class=\"sec_dd\">\r\n                            <a href=\"https:\/\/guide.fire-emblem-heroes.com\/wp-content\/uploads\/dagr_new_year_jotnar_pop01.png\" class=\"popup-image\">\r\n                                <img decoding=\"async\" src=\"https:\/\/guide.fire-emblem-heroes.com\/wp-content\/uploads\/dagr_new_year_jotnar_info01.png\" alt=\"\" \/>\r\n                            <\/a>\r\n                        <\/dd>\r\n                        <dt id=\"CHARA_568_010\" class=\"sec_dt\">Pour cette occasion sp\u00e9ciale, elles ont rev\u00eatu des kimonos, histoire d&rsquo;entamer cette ann\u00e9e en beaut\u00e9\u00a0! Elles les portent d&rsquo;une fa\u00e7on qui illustre bien leur diff\u00e9rence de personnalit\u00e9. N\u00f3tt adopte un style \u00e9l\u00e9gant, alors que Dagr ajoute sa touche personnelle.<\/dt>\r\n                        <dd class=\"sec_dd\">\r\n                            <a href=\"https:\/\/guide.fire-emblem-heroes.com\/wp-content\/uploads\/dagr_new_year_jotnar_pop02.png\" class=\"popup-image\">\r\n                                <img decoding=\"async\" src=\"https:\/\/guide.fire-emblem-heroes.com\/wp-content\/uploads\/dagr_new_year_jotnar_info02.png\" alt=\"\" \/>\r\n                            <\/a>\r\n                        <\/dd>\r\n                        <dt id=\"CHARA_568_011\" class=\"sec_dt\">Elles ont aussi choisi des armes diff\u00e9rentes pour compl\u00e9ter leurs tenues. Dagr porte un arc et N\u00f3tt une \u00e9p\u00e9e courte. Leurs armes en main, elles semblent pr\u00eates \u00e0 tenir leurs bonnes r\u00e9solutions\u00a0!<\/dt>\r\n                        <dd class=\"sec_dd\">\r\n                            <a href=\"https:\/\/guide.fire-emblem-heroes.com\/wp-content\/uploads\/dagr_new_year_jotnar_pop03.png\" class=\"popup-image\">\r\n                                <img decoding=\"async\" src=\"https:\/\/guide.fire-emblem-heroes.com\/wp-content\/uploads\/dagr_new_year_jotnar_info03.png\" alt=\"\" \/>\r\n                            <\/a>\r\n                        <\/dd>\r\n                        <dt id=\"CHARA_568_012\" class=\"sec_dt\">Elles ont beau se disputer, Dagr et N\u00f3tt sont en r\u00e9alit\u00e9 ins\u00e9parables. J&rsquo;esp\u00e8re qu&rsquo;elles vont garder leur beau sourire toute l&rsquo;ann\u00e9e\u00a0!<\/dt>\r\n                        <dd class=\"sec_dd\">\r\n                            <a href=\"https:\/\/guide.fire-emblem-heroes.com\/wp-content\/uploads\/dagr_new_year_jotnar_pop04.png\" class=\"popup-image\">\r\n                                <img decoding=\"async\" src=\"https:\/\/guide.fire-emblem-heroes.com\/wp-content\/uploads\/dagr_new_year_jotnar_info04.png\" alt=\"\" \/>\r\n                            <\/a>\r\n                        <\/dd>\r\n                    <\/dl>\r\n                    <h3 id=\"CHARA_568_013\" class=\"sec_h3charatxt\">Personnage li\u00e9 \u00e0<\/h3>\r\n                    <h4 id=\"CHARA_568_014\" class=\"sec_h4charatxt\">Alfonse<\/h4>\r\n                    <p id=\"CHARA_568_015\" class=\"sec_charatxt\">Prince et membre des Gardiens d&rsquo;Askr, sa bienveillance et son s\u00e9rieux n&rsquo;ont d&rsquo;\u00e9gal que son amour pour la paix. Il conclut une alliance avec J\u00f6tunheimr afin de r\u00e9sister aux envahisseurs de Ni\u00f0avellir, le royaume des nains.<\/p>\r\n                    <h4 id=\"CHARA_568_016\" class=\"sec_h4charatxt\">\u00d3tr<\/h4>\r\n                    <p id=\"CHARA_568_017\" class=\"sec_charatxt\">Fr\u00e8re adoptif de F\u00e1fnir, roi de Ni\u00f0avellir, il v\u00e9n\u00e8re son fr\u00e8re et soutient enti\u00e8rement ses ambitions de conqu\u00eate. Il a manipul\u00e9 N\u00f3tt, tomb\u00e9e sous son charme au premier regard.<\/p>\r\n                <\/section>\r\n            <\/article>\r\n        <\/main>","protected":false},"excerpt":{"rendered":"Doubles unit\u00e9s G\u00e9antes des f\u00eates Dagr Appara\u00eet dans Fire Emblem Heroes Sharena vous pr\u00e9sente\u2026 G\u00e9antes des f\u00eates Dagr Les princesses jumelles des g\u00e9ants se joignent aux c\u00e9l\u00e9brations du Nouvel An en Askr. Accueillez chaleureusement Dagr et N\u00f3tt\u00a0! Pour cette occasion sp\u00e9ciale, elles ont rev\u00eatu des kimonos, histoire d&rsquo;entamer cette ann\u00e9e en beaut\u00e9\u00a0! Elles les portent [&hellip;]","protected":false},"author":1,"featured_media":31058,"comment_status":"closed","ping_status":"closed","sticky":false,"template":"","format":"standard","meta":{"advanced_seo_description":"","jetpack_seo_html_title":"","jetpack_seo_noindex":false,"_jetpack_newsletter_access":"","_jetpack_dont_email_post_to_subs":false,"_jetpack_newsletter_tier_id":0,"_jetpack_memberships_contains_paywalled_content":false,"_locale":"fr_FR","_original_post":"https:\/\/guide.fire-emblem-heroes.com\/?p=30940","_jetpack_memberships_contains_paid_content":false,"footnotes":"","jetpack_publicize_message":"","jetpack_publicize_feature_enabled":true,"jetpack_social_post_already_shared":true,"jetpack_social_options":{"image_generator_settings":{"template":"highway","default_image_id":0,"font":"","enabled":false},"version":2},"_wpas_customize_per_network":false,"jetpack_post_was_ever_published":false},"categories":[1384,1423,1390,1440],"tags":[1445],"class_list":["post-30948","post","type-post","status-publish","format-standard","has-post-thumbnail","hentry","category-character","category-ex_works_heroes","category-stay_heroes","category-duo_heroes","tag-doubles-unites","fr-FR"],"jetpack_publicize_connections":[],"jetpack_featured_media_url":"https:\/\/guide.fire-emblem-heroes.com\/wp-content\/uploads\/dagr_new_year_jotnar.png","jetpack_sharing_enabled":false,"jetpack_shortlink":"https:\/\/wp.me\/pa0Mj3-83a","jetpack_likes_enabled":false,"amp_enabled":false,"_links":{"self":[{"href":"https:\/\/guide.fire-emblem-heroes.com\/wp-json\/wp\/v2\/posts\/30948","targetHints":{"allow":["GET"]}}],"collection":[{"href":"https:\/\/guide.fire-emblem-heroes.com\/wp-json\/wp\/v2\/posts"}],"about":[{"href":"https:\/\/guide.fire-emblem-heroes.com\/wp-json\/wp\/v2\/types\/post"}],"author":[{"embeddable":true,"href":"https:\/\/guide.fire-emblem-heroes.com\/wp-json\/wp\/v2\/users\/1"}],"replies":[{"embeddable":true,"href":"https:\/\/guide.fire-emblem-heroes.com\/wp-json\/wp\/v2\/comments?post=30948"}],"version-history":[{"count":1,"href":"https:\/\/guide.fire-emblem-heroes.com\/wp-json\/wp\/v2\/posts\/30948\/revisions"}],"predecessor-version":[{"id":30957,"href":"https:\/\/guide.fire-emblem-heroes.com\/wp-json\/wp\/v2\/posts\/30948\/revisions\/30957"}],"wp:featuredmedia":[{"embeddable":true,"href":"https:\/\/guide.fire-emblem-heroes.com\/wp-json\/wp\/v2\/media\/31058"}],"wp:attachment":[{"href":"https:\/\/guide.fire-emblem-heroes.com\/wp-json\/wp\/v2\/media?parent=30948"}],"wp:term":[{"taxonomy":"category","embeddable":true,"href":"https:\/\/guide.fire-emblem-heroes.com\/wp-json\/wp\/v2\/categories?post=30948"},{"taxonomy":"post_tag","embeddable":true,"href":"https:\/\/guide.fire-emblem-heroes.com\/wp-json\/wp\/v2\/tags?post=30948"}],"curies":[{"name":"wp","href":"https:\/\/api.w.org\/{rel}","templated":true}]}}