






{"id":31424,"date":"2022-01-14T11:55:54","date_gmt":"2022-01-14T02:55:54","guid":{"rendered":"https:\/\/guide.fire-emblem-heroes.com\/?p=31424"},"modified":"2022-01-28T21:31:55","modified_gmt":"2022-01-28T12:31:55","slug":"02003004000764-2","status":"publish","type":"post","link":"https:\/\/guide.fire-emblem-heroes.com\/fr\/02003004000764-2\/","title":{"rendered":"<span class=\"character_nick\">Lame de sable<\/span><span class=\"character_name\">Deen<\/span>"},"content":{"rendered":"<main id=\"CHARA_581\" class=\"main_page character\">\r\n            <article>\r\n                <section class=\"sec sec_character\">\r\n                    <ul class=\"sec_ul sec_ul--character slick-box\">\r\n                        <li class=\"sec_li sec_li--character\">\r\n                            <img decoding=\"async\" src=\"https:\/\/guide.fire-emblem-heroes.com\/wp-content\/uploads\/deen_bladed_sandstorm_slide01.png\" alt=\"\" \/>\r\n                        <\/li>\r\n                        <li class=\"sec_li sec_li--character\">\r\n                            <img decoding=\"async\" src=\"https:\/\/guide.fire-emblem-heroes.com\/wp-content\/uploads\/deen_bladed_sandstorm_slide02.png\" alt=\"\" \/>\r\n                        <\/li>\r\n                        <li class=\"sec_li sec_li--character\">\r\n                            <img decoding=\"async\" src=\"https:\/\/guide.fire-emblem-heroes.com\/wp-content\/uploads\/deen_bladed_sandstorm_slide03.png\" alt=\"\" \/>\r\n                        <\/li>\r\n                        <li class=\"sec_li sec_li--character\">\r\n                            <img decoding=\"async\" src=\"https:\/\/guide.fire-emblem-heroes.com\/wp-content\/uploads\/deen_bladed_sandstorm_slide04.png\" alt=\"\" \/>\r\n                        <\/li>\r\n                    <\/ul>\r\n                    <div class=\"sec_charainfoarea flex\">\r\n                        <div class=\"sec_gif\"><img loading=\"lazy\" decoding=\"async\" src=\"https:\/\/guide.fire-emblem-heroes.com\/wp-content\/uploads\/deen_bladed_sandstorm.png\" alt=\"\" width=\"210\" height=\"190\"\/><\/div>\r\n                        <div class=\"sec_charainfo\">\r\n                            <p id=\"CHARA_581_002\" class=\"sec_characate sec_characate--special_heroes\">H\u00e9ros sp\u00e9ciaux<\/p>\r\n                            <p id=\"CHARA_581_003\" class=\"sec_charanick\">Lame de sable<\/p>\r\n                            <p id=\"CHARA_581_004\" class=\"sec_charaname\">Deen<\/p>\r\n                            <p id=\"CHARA_581_005\" class=\"sec_charaappearancetxt\">Appara\u00eet dans<\/p>\r\n                            <p id=\"CHARA_581_006\" class=\"sec_charaappearancetxt\">Fire Emblem Echoes: Shadows of Valentia<\/p>\r\n                        <\/div>\r\n                    <\/div>\r\n                <\/section>\r\n            <\/article>\r\n            <article>\r\n                <section class=\"sec sec_characterarea\">\r\n                    <div class=\"sec_h2chara\">\r\n                        <p id=\"CHARA_581_007\" class=\"sec_h2charattl\">Sharena vous pr\u00e9sente&#8230;<\/p>\r\n                        <h2 id=\"CHARA_581_008\" class=\"sec_h2charatxt\">Lame de sable Deen<\/h2>\r\n                    <\/div>\r\n                    <dl class=\"sec_dl flex\">\r\n                        <dt id=\"CHARA_581_009\" class=\"sec_dt\">Ce participant au festival d&rsquo;Hatary est un sacr\u00e9 client\u00a0! Deen est un \u00e9p\u00e9iste qui s&rsquo;est taill\u00e9 une jolie r\u00e9putation \u00e0 Valentia, et le voici en costume traditionnel\u00a0!<\/dt>\r\n                        <dd class=\"sec_dd\">\r\n                            <a href=\"https:\/\/guide.fire-emblem-heroes.com\/wp-content\/uploads\/deen_bladed_sandstorm_pop01.png\" class=\"popup-image\">\r\n                                <img decoding=\"async\" src=\"https:\/\/guide.fire-emblem-heroes.com\/wp-content\/uploads\/deen_bladed_sandstorm_info01.png\" alt=\"\" \/>\r\n                            <\/a>\r\n                        <\/dd>\r\n                        <dt id=\"CHARA_581_010\" class=\"sec_dt\">Deen porte d&rsquo;habitude une lourde armure sombre, alors le voir ainsi v\u00eatu est une belle surprise\u00a0! Le tissu sur son torse et ses bras reprend le th\u00e8me d&rsquo;Hatary, avec des parements aux motifs traditionnels qui donnent une id\u00e9e de sa force brute.<\/dt>\r\n                        <dd class=\"sec_dd\">\r\n                            <a href=\"https:\/\/guide.fire-emblem-heroes.com\/wp-content\/uploads\/deen_bladed_sandstorm_pop02.png\" class=\"popup-image\">\r\n                                <img decoding=\"async\" src=\"https:\/\/guide.fire-emblem-heroes.com\/wp-content\/uploads\/deen_bladed_sandstorm_info02.png\" alt=\"\" \/>\r\n                            <\/a>\r\n                        <\/dd>\r\n                        <dt id=\"CHARA_581_011\" class=\"sec_dt\">Ce n&rsquo;est pas le seul changement\u2026 Il a troqu\u00e9 son \u00e9p\u00e9e pour un couteau en forme de boomerang, taill\u00e9 dans un os de b\u00eate\u00a0! Il est si tranchant que m\u00eame les pr\u00e9dateurs du d\u00e9sert \u00e9vitent de s&rsquo;y frotter.<\/dt>\r\n                        <dd class=\"sec_dd\">\r\n                            <a href=\"https:\/\/guide.fire-emblem-heroes.com\/wp-content\/uploads\/deen_bladed_sandstorm_pop03.png\" class=\"popup-image\">\r\n                                <img decoding=\"async\" src=\"https:\/\/guide.fire-emblem-heroes.com\/wp-content\/uploads\/deen_bladed_sandstorm_info03.png\" alt=\"\" \/>\r\n                            <\/a>\r\n                        <\/dd>\r\n                        <dt id=\"CHARA_581_012\" class=\"sec_dt\">\u00c0 Valentia, la base op\u00e9rationnelle de Deen se trouvait \u00e9galement dans le d\u00e9sert, alors j&rsquo;imagine que le style d&rsquo;Hatary ne le d\u00e9payse pas trop. Ne le quittez pas des yeux durant ce festival\u00a0!<\/dt>\r\n                        <dd class=\"sec_dd\">\r\n                            <a href=\"https:\/\/guide.fire-emblem-heroes.com\/wp-content\/uploads\/deen_bladed_sandstorm_pop04.png\" class=\"popup-image\">\r\n                                <img decoding=\"async\" src=\"https:\/\/guide.fire-emblem-heroes.com\/wp-content\/uploads\/deen_bladed_sandstorm_info04.png\" alt=\"\" \/>\r\n                            <\/a>\r\n                        <\/dd>\r\n                    <\/dl>\r\n                    <h3 id=\"CHARA_581_013\" class=\"sec_h3charatxt\">Personnage li\u00e9 \u00e0<\/h3>\r\n                    <h4 id=\"CHARA_581_014\" class=\"sec_h4charatxt\">Sonya<\/h4>\r\n                    <p id=\"CHARA_581_015\" class=\"sec_charatxt\">Une mage enr\u00f4l\u00e9e par Grieth, comme Deen. \u00c0 la fois distante et extravagante, elle a jur\u00e9 de se venger de son p\u00e8re Jedah.<\/p>\r\n                    <h4 id=\"CHARA_581_016\" class=\"sec_h4charatxt\">Celica<\/h4>\r\n                    <p id=\"CHARA_581_017\" class=\"sec_charatxt\">Princesse de Zofia \u00e9lev\u00e9e comme une pr\u00eatresse, elle est attentionn\u00e9e et d\u00e9teste se battre. Elle porte la marque sur la main droite. Apr\u00e8s avoir vaincu Grieth, elle recrute Deen.<\/p>\r\n                <\/section>\r\n            <\/article>\r\n        <\/main>","protected":false},"excerpt":{"rendered":"H\u00e9ros sp\u00e9ciaux Lame de sable Deen Appara\u00eet dans Fire Emblem Echoes: Shadows of Valentia Sharena vous pr\u00e9sente&#8230; Lame de sable Deen Ce participant au festival d&rsquo;Hatary est un sacr\u00e9 client\u00a0! Deen est un \u00e9p\u00e9iste qui s&rsquo;est taill\u00e9 une jolie r\u00e9putation \u00e0 Valentia, et le voici en costume traditionnel\u00a0! Deen porte d&rsquo;habitude une lourde armure sombre, [&hellip;]","protected":false},"author":1,"featured_media":31497,"comment_status":"closed","ping_status":"closed","sticky":false,"template":"","format":"standard","meta":{"advanced_seo_description":"","jetpack_seo_html_title":"","jetpack_seo_noindex":false,"_jetpack_newsletter_access":"","_jetpack_dont_email_post_to_subs":false,"_jetpack_newsletter_tier_id":0,"_jetpack_memberships_contains_paywalled_content":false,"_locale":"fr_FR","_original_post":"https:\/\/guide.fire-emblem-heroes.com\/?p=31416","_jetpack_memberships_contains_paid_content":false,"footnotes":"","jetpack_publicize_message":"","jetpack_publicize_feature_enabled":true,"jetpack_social_post_already_shared":true,"jetpack_social_options":{"image_generator_settings":{"template":"highway","default_image_id":0,"font":"","enabled":false},"version":2},"_wpas_customize_per_network":false,"jetpack_post_was_ever_published":false},"categories":[1384,1425,1405,1390],"tags":[1410],"class_list":["post-31424","post","type-post","status-publish","format-standard","has-post-thumbnail","hentry","category-character","category-ex_works_shadows_of_valentia","category-special_heroes","category-stay_heroes","tag-heros-speciaux","fr-FR"],"jetpack_publicize_connections":[],"jetpack_featured_media_url":"https:\/\/guide.fire-emblem-heroes.com\/wp-content\/uploads\/deen_bladed_sandstorm.png","jetpack_sharing_enabled":false,"jetpack_shortlink":"https:\/\/wp.me\/pa0Mj3-8aQ","jetpack_likes_enabled":false,"amp_enabled":false,"_links":{"self":[{"href":"https:\/\/guide.fire-emblem-heroes.com\/wp-json\/wp\/v2\/posts\/31424","targetHints":{"allow":["GET"]}}],"collection":[{"href":"https:\/\/guide.fire-emblem-heroes.com\/wp-json\/wp\/v2\/posts"}],"about":[{"href":"https:\/\/guide.fire-emblem-heroes.com\/wp-json\/wp\/v2\/types\/post"}],"author":[{"embeddable":true,"href":"https:\/\/guide.fire-emblem-heroes.com\/wp-json\/wp\/v2\/users\/1"}],"replies":[{"embeddable":true,"href":"https:\/\/guide.fire-emblem-heroes.com\/wp-json\/wp\/v2\/comments?post=31424"}],"version-history":[{"count":1,"href":"https:\/\/guide.fire-emblem-heroes.com\/wp-json\/wp\/v2\/posts\/31424\/revisions"}],"predecessor-version":[{"id":31428,"href":"https:\/\/guide.fire-emblem-heroes.com\/wp-json\/wp\/v2\/posts\/31424\/revisions\/31428"}],"wp:featuredmedia":[{"embeddable":true,"href":"https:\/\/guide.fire-emblem-heroes.com\/wp-json\/wp\/v2\/media\/31497"}],"wp:attachment":[{"href":"https:\/\/guide.fire-emblem-heroes.com\/wp-json\/wp\/v2\/media?parent=31424"}],"wp:term":[{"taxonomy":"category","embeddable":true,"href":"https:\/\/guide.fire-emblem-heroes.com\/wp-json\/wp\/v2\/categories?post=31424"},{"taxonomy":"post_tag","embeddable":true,"href":"https:\/\/guide.fire-emblem-heroes.com\/wp-json\/wp\/v2\/tags?post=31424"}],"curies":[{"name":"wp","href":"https:\/\/api.w.org\/{rel}","templated":true}]}}