






{"id":32685,"date":"2022-03-16T11:40:32","date_gmt":"2022-03-16T02:40:32","guid":{"rendered":"https:\/\/guide.fire-emblem-heroes.com\/?p=32685"},"modified":"2022-04-07T16:09:22","modified_gmt":"2022-04-07T07:09:22","slug":"04001005000782-2","status":"publish","type":"post","link":"https:\/\/guide.fire-emblem-heroes.com\/fr\/04001005000782-2\/","title":{"rendered":"<span class=\"character_nick\">Porteuse stellaire<\/span><span class=\"character_name\">Mareeta<\/span>"},"content":{"rendered":"<main id=\"CHARA_605\" class=\"main_page character\">\r\n            <article>\r\n                <section class=\"sec sec_character\">\r\n                    <ul class=\"sec_ul sec_ul--character slick-box\">\r\n                        <li class=\"sec_li sec_li--character\">\r\n                            <img decoding=\"async\" src=\"https:\/\/guide.fire-emblem-heroes.com\/wp-content\/uploads\/mareeta_astra_awakened_slide01.png\" alt=\"\" \/>\r\n                        <\/li>\r\n                        <li class=\"sec_li sec_li--character\">\r\n                            <img decoding=\"async\" src=\"https:\/\/guide.fire-emblem-heroes.com\/wp-content\/uploads\/mareeta_astra_awakened_slide02.png\" alt=\"\" \/>\r\n                        <\/li>\r\n                        <li class=\"sec_li sec_li--character\">\r\n                            <img decoding=\"async\" src=\"https:\/\/guide.fire-emblem-heroes.com\/wp-content\/uploads\/mareeta_astra_awakened_slide03.png\" alt=\"\" \/>\r\n                        <\/li>\r\n                        <li class=\"sec_li sec_li--character\">\r\n                            <img decoding=\"async\" src=\"https:\/\/guide.fire-emblem-heroes.com\/wp-content\/uploads\/mareeta_astra_awakened_slide04.png\" alt=\"\" \/>\r\n                        <\/li>\r\n                    <\/ul>\r\n                    <div class=\"sec_charainfoarea flex\">\r\n                        <div class=\"sec_gif\"><img loading=\"lazy\" decoding=\"async\" src=\"https:\/\/guide.fire-emblem-heroes.com\/wp-content\/uploads\/mareeta_astra_awakened.png\" alt=\"\" width=\"210\" height=\"190\"\/><\/div>\r\n                        <div class=\"sec_charainfo\">\r\n                            <p id=\"CHARA_605_002\" class=\"sec_characate sec_characate--ascended_heroes\">H\u00e9ros \u00e9minents<\/p>\r\n                            <p id=\"CHARA_605_003\" class=\"sec_charanick\">Porteuse stellaire<\/p>\r\n                            <p id=\"CHARA_605_004\" class=\"sec_charaname\">Mareeta<\/p>\r\n                            <p id=\"CHARA_605_005\" class=\"sec_charaappearancetxt\">Appara\u00eet dans<\/p>\r\n                            <p id=\"CHARA_605_006\" class=\"sec_charaappearancetxt\">Fire Emblem: Thracia 776<\/p>\r\n                        <\/div>\r\n                    <\/div>\r\n                <\/section>\r\n            <\/article>\r\n            <article>\r\n                <section class=\"sec sec_characterarea\">\r\n                    <div class=\"sec_h2chara\">\r\n                        <p id=\"CHARA_605_007\" class=\"sec_h2charattl\">Sharena vous pr\u00e9sente\u2026<\/p>\r\n                        <h2 id=\"CHARA_605_008\" class=\"sec_h2charatxt\">Porteuse stellaire Mareeta<\/h2>\r\n                    <\/div>\r\n                    <dl class=\"sec_dl flex\">\r\n                        <dt id=\"CHARA_605_009\" class=\"sec_dt\">Mareeta fait son entr\u00e9e dans le club des h\u00e9ros \u00e9minents\u00a0! Elle est membre des Affranchis de Fiana, un groupe qui combat pour la lib\u00e9ration de Thracia. Et l\u00e0, avec de nouvelles comp\u00e9tences, elle respire la confiance d&rsquo;une \u00e9p\u00e9iste d&rsquo;\u00e9lite.<\/dt>\r\n                        <dd class=\"sec_dd\">\r\n                            <a href=\"https:\/\/guide.fire-emblem-heroes.com\/wp-content\/uploads\/mareeta_astra_awakened_pop01.png\" class=\"popup-image\">\r\n                                <img decoding=\"async\" src=\"https:\/\/guide.fire-emblem-heroes.com\/wp-content\/uploads\/mareeta_astra_awakened_info01.png\" alt=\"\" \/>\r\n                            <\/a>\r\n                        <\/dd>\r\n                        <dt id=\"CHARA_605_010\" class=\"sec_dt\">Elle est \u00e9galement la fille adoptive d&rsquo;Eyvel, la meneuse des Affranchis. Par le pass\u00e9, Mareeta a pourtant lutt\u00e9 contre Eyvel, alors qu&rsquo;elle \u00e9tait sous l&rsquo;influence d&rsquo;une \u00e9p\u00e9e maudite.<\/dt>\r\n                        <dd class=\"sec_dd\">\r\n                            <a href=\"https:\/\/guide.fire-emblem-heroes.com\/wp-content\/uploads\/mareeta_astra_awakened_pop02.png\" class=\"popup-image\">\r\n                                <img decoding=\"async\" src=\"https:\/\/guide.fire-emblem-heroes.com\/wp-content\/uploads\/mareeta_astra_awakened_info02.png\" alt=\"\" \/>\r\n                            <\/a>\r\n                        <\/dd>\r\n                        <dt id=\"CHARA_605_011\" class=\"sec_dt\">Une fois lib\u00e9r\u00e9e de cette emprise, Mareeta a eu honte de n&rsquo;avoir pas su lui r\u00e9sister, et s&rsquo;est mise \u00e0 s&rsquo;entra\u00eener intensivement, corps et \u00e2me. Par ses efforts, elle a r\u00e9ussi \u00e0 ma\u00eetriser Stellaire, l&rsquo;aptitude l\u00e9gendaire de la lign\u00e9e royale d&rsquo;Isaach.<\/dt>\r\n                        <dd class=\"sec_dd\">\r\n                            <a href=\"https:\/\/guide.fire-emblem-heroes.com\/wp-content\/uploads\/mareeta_astra_awakened_pop03.png\" class=\"popup-image\">\r\n                                <img decoding=\"async\" src=\"https:\/\/guide.fire-emblem-heroes.com\/wp-content\/uploads\/mareeta_astra_awakened_info03.png\" alt=\"\" \/>\r\n                            <\/a>\r\n                        <\/dd>\r\n                        <dt id=\"CHARA_605_012\" class=\"sec_dt\">Mais l&rsquo;entra\u00eenement de Mareeta n&rsquo;est jamais termin\u00e9. Elle ne s&rsquo;autorisera aucun r\u00e9pit tant qu&rsquo;elle ne surpassera pas Eyvel et son p\u00e8re Galzus.<\/dt>\r\n                        <dd class=\"sec_dd\">\r\n                            <a href=\"https:\/\/guide.fire-emblem-heroes.com\/wp-content\/uploads\/mareeta_astra_awakened_pop04.png\" class=\"popup-image\">\r\n                                <img decoding=\"async\" src=\"https:\/\/guide.fire-emblem-heroes.com\/wp-content\/uploads\/mareeta_astra_awakened_info04.png\" alt=\"\" \/>\r\n                            <\/a>\r\n                        <\/dd>\r\n                    <\/dl>\r\n                    <h3 id=\"CHARA_605_013\" class=\"sec_h3charatxt\">Personnage li\u00e9 \u00e0<\/h3>\r\n                    <h4 id=\"CHARA_605_014\" class=\"sec_h4charatxt\">Eyvel<\/h4>\r\n                    <p id=\"CHARA_605_015\" class=\"sec_charatxt\">R\u00e9gente de Fiana et chef des Affranchis. Elle a recueilli Leif et ses acolytes lorsqu&rsquo;ils ont fui l&#8217;empire de Grannvale. Elle adopte Mareeta apr\u00e8s l&rsquo;avoir lib\u00e9r\u00e9e de l&rsquo;esclavage.<\/p>\r\n                    <h4 id=\"CHARA_605_016\" class=\"sec_h4charatxt\">Galzus<\/h4>\r\n                    <p id=\"CHARA_605_017\" class=\"sec_charatxt\">P\u00e8re de Mareeta menant une vie de mercenaire, il recherche sa fille qui lui a \u00e9t\u00e9 enlev\u00e9e. Ils sont tous les deux des descendants du crois\u00e9 Od.<\/p>\r\n                    <h4 id=\"CHARA_605_018\" class=\"sec_h4charatxt\">Saias<\/h4>\r\n                    <p id=\"CHARA_605_019\" class=\"sec_charatxt\">Pr\u00eatre de Velthomer, figurant parmi les plus grands tacticiens. Le sang de la crois\u00e9e Fjalar coule dans ses veines. Il lib\u00e8re Mareeta de l&#8217;emprise d&rsquo;une \u00e9p\u00e9e maudite.<\/p>\r\n                <\/section>\r\n            <\/article>\r\n        <\/main>","protected":false},"excerpt":{"rendered":"H\u00e9ros \u00e9minents Porteuse stellaire Mareeta Appara\u00eet dans Fire Emblem: Thracia 776 Sharena vous pr\u00e9sente\u2026 Porteuse stellaire Mareeta Mareeta fait son entr\u00e9e dans le club des h\u00e9ros \u00e9minents\u00a0! Elle est membre des Affranchis de Fiana, un groupe qui combat pour la lib\u00e9ration de Thracia. Et l\u00e0, avec de nouvelles comp\u00e9tences, elle respire la confiance d&rsquo;une \u00e9p\u00e9iste [&hellip;]","protected":false},"author":1,"featured_media":32841,"comment_status":"closed","ping_status":"closed","sticky":false,"template":"","format":"standard","meta":{"advanced_seo_description":"","jetpack_seo_html_title":"","jetpack_seo_noindex":false,"_jetpack_newsletter_access":"","_jetpack_dont_email_post_to_subs":false,"_jetpack_newsletter_tier_id":0,"_jetpack_memberships_contains_paywalled_content":false,"_locale":"fr_FR","_original_post":"https:\/\/guide.fire-emblem-heroes.com\/?p=32677","_jetpack_memberships_contains_paid_content":false,"footnotes":"","jetpack_publicize_message":"","jetpack_publicize_feature_enabled":true,"jetpack_social_post_already_shared":true,"jetpack_social_options":{"image_generator_settings":{"template":"highway","default_image_id":0,"font":"","enabled":false},"version":2},"_wpas_customize_per_network":false,"jetpack_post_was_ever_published":false},"categories":[1384,1438,1480,1390],"tags":[1485],"class_list":["post-32685","post","type-post","status-publish","format-standard","has-post-thumbnail","hentry","category-character","category-ex_works_thracia_776","category-ascended_heroes","category-stay_heroes","tag-heros-eminents","fr-FR"],"jetpack_publicize_connections":[],"jetpack_featured_media_url":"https:\/\/guide.fire-emblem-heroes.com\/wp-content\/uploads\/mareeta_astra_awakened.png","jetpack_sharing_enabled":false,"jetpack_shortlink":"https:\/\/wp.me\/pa0Mj3-8vb","jetpack_likes_enabled":false,"amp_enabled":false,"_links":{"self":[{"href":"https:\/\/guide.fire-emblem-heroes.com\/wp-json\/wp\/v2\/posts\/32685","targetHints":{"allow":["GET"]}}],"collection":[{"href":"https:\/\/guide.fire-emblem-heroes.com\/wp-json\/wp\/v2\/posts"}],"about":[{"href":"https:\/\/guide.fire-emblem-heroes.com\/wp-json\/wp\/v2\/types\/post"}],"author":[{"embeddable":true,"href":"https:\/\/guide.fire-emblem-heroes.com\/wp-json\/wp\/v2\/users\/1"}],"replies":[{"embeddable":true,"href":"https:\/\/guide.fire-emblem-heroes.com\/wp-json\/wp\/v2\/comments?post=32685"}],"version-history":[{"count":1,"href":"https:\/\/guide.fire-emblem-heroes.com\/wp-json\/wp\/v2\/posts\/32685\/revisions"}],"predecessor-version":[{"id":32694,"href":"https:\/\/guide.fire-emblem-heroes.com\/wp-json\/wp\/v2\/posts\/32685\/revisions\/32694"}],"wp:featuredmedia":[{"embeddable":true,"href":"https:\/\/guide.fire-emblem-heroes.com\/wp-json\/wp\/v2\/media\/32841"}],"wp:attachment":[{"href":"https:\/\/guide.fire-emblem-heroes.com\/wp-json\/wp\/v2\/media?parent=32685"}],"wp:term":[{"taxonomy":"category","embeddable":true,"href":"https:\/\/guide.fire-emblem-heroes.com\/wp-json\/wp\/v2\/categories?post=32685"},{"taxonomy":"post_tag","embeddable":true,"href":"https:\/\/guide.fire-emblem-heroes.com\/wp-json\/wp\/v2\/tags?post=32685"}],"curies":[{"name":"wp","href":"https:\/\/api.w.org\/{rel}","templated":true}]}}