






{"id":32774,"date":"2022-03-16T12:28:00","date_gmt":"2022-03-16T03:28:00","guid":{"rendered":"https:\/\/guide.fire-emblem-heroes.com\/?p=32774"},"modified":"2022-03-28T16:32:02","modified_gmt":"2022-03-28T07:32:02","slug":"04049011000786-2","status":"publish","type":"post","link":"https:\/\/guide.fire-emblem-heroes.com\/fr\/04049011000786-2\/","title":{"rendered":"<span class=\"character_nick\">Sage obscur<\/span><span class=\"character_name\">Salem<\/span>"},"content":{"rendered":"<main id=\"CHARA_609\" class=\"main_page character\">\r\n            <article>\r\n                <section class=\"sec sec_character\">\r\n                    <ul class=\"sec_ul sec_ul--character slick-box\">\r\n                        <li class=\"sec_li sec_li--character\">\r\n                            <img decoding=\"async\" src=\"https:\/\/guide.fire-emblem-heroes.com\/wp-content\/uploads\/salem_dark_sage_slide01.png\" alt=\"\" \/>\r\n                        <\/li>\r\n                        <li class=\"sec_li sec_li--character\">\r\n                            <img decoding=\"async\" src=\"https:\/\/guide.fire-emblem-heroes.com\/wp-content\/uploads\/salem_dark_sage_slide02.png\" alt=\"\" \/>\r\n                        <\/li>\r\n                        <li class=\"sec_li sec_li--character\">\r\n                            <img decoding=\"async\" src=\"https:\/\/guide.fire-emblem-heroes.com\/wp-content\/uploads\/salem_dark_sage_slide03.png\" alt=\"\" \/>\r\n                        <\/li>\r\n                        <li class=\"sec_li sec_li--character\">\r\n                            <img decoding=\"async\" src=\"https:\/\/guide.fire-emblem-heroes.com\/wp-content\/uploads\/salem_dark_sage_slide04.png\" alt=\"\" \/>\r\n                        <\/li>\r\n                    <\/ul>\r\n                    <div class=\"sec_charainfoarea flex\">\r\n                        <div class=\"sec_gif\"><img loading=\"lazy\" decoding=\"async\" src=\"https:\/\/guide.fire-emblem-heroes.com\/wp-content\/uploads\/salem_dark_sage.png\" alt=\"\" width=\"210\" height=\"190\"\/><\/div>\r\n                        <div class=\"sec_charainfo\">\r\n                            <p id=\"CHARA_609_002\" class=\"sec_characate sec_characate--heroes\">H\u00e9ros<\/p>\r\n                            <p id=\"CHARA_609_003\" class=\"sec_charanick\">Sage obscur<\/p>\r\n                            <p id=\"CHARA_609_004\" class=\"sec_charaname\">Salem<\/p>\r\n                            <p id=\"CHARA_609_005\" class=\"sec_charaappearancetxt\">Appara\u00eet dans<\/p>\r\n                            <p id=\"CHARA_609_006\" class=\"sec_charaappearancetxt\">Fire Emblem: Thracia 776<\/p>\r\n                        <\/div>\r\n                    <\/div>\r\n                <\/section>\r\n            <\/article>\r\n            <article>\r\n                <section class=\"sec sec_characterarea\">\r\n                    <div class=\"sec_h2chara\">\r\n                        <p id=\"CHARA_609_007\" class=\"sec_h2charattl\">Sharena vous pr\u00e9sente\u2026<\/p>\r\n                        <h2 id=\"CHARA_609_008\" class=\"sec_h2charatxt\">Sage obscur Salem<\/h2>\r\n                    <\/div>\r\n                    <dl class=\"sec_dl flex\">\r\n                        <dt id=\"CHARA_609_009\" class=\"sec_dt\">Aujourd&rsquo;hui, place \u00e0 Salem\u00a0! C&rsquo;est un ancien membre de l&rsquo;\u00c9glise de Loptr, o\u00f9 l&rsquo;on v\u00e9n\u00e9rait le dieu sombre Loptous, craint dans tout Jugdral.<\/dt>\r\n                        <dd class=\"sec_dd\">\r\n                            <a href=\"https:\/\/guide.fire-emblem-heroes.com\/wp-content\/uploads\/salem_dark_sage_pop01.png\" class=\"popup-image\">\r\n                                <img decoding=\"async\" src=\"https:\/\/guide.fire-emblem-heroes.com\/wp-content\/uploads\/salem_dark_sage_info01.png\" alt=\"\" \/>\r\n                            <\/a>\r\n                        <\/dd>\r\n                        <dt id=\"CHARA_609_010\" class=\"sec_dt\">D\u00e9\u00e7u par l&rsquo;\u00c9glise de Loptr, il a perdu la foi et tent\u00e9 de s&rsquo;\u00e9chapper, mais il a \u00e9t\u00e9 repris et ses poursuivants l&rsquo;ont laiss\u00e9 gravement bless\u00e9.<\/dt>\r\n                        <dd class=\"sec_dd\">\r\n                            <a href=\"https:\/\/guide.fire-emblem-heroes.com\/wp-content\/uploads\/salem_dark_sage_pop02.png\" class=\"popup-image\">\r\n                                <img decoding=\"async\" src=\"https:\/\/guide.fire-emblem-heroes.com\/wp-content\/uploads\/salem_dark_sage_info02.png\" alt=\"\" \/>\r\n                            <\/a>\r\n                        <\/dd>\r\n                        <dt id=\"CHARA_609_011\" class=\"sec_dt\">C&rsquo;est dans ce moment de d\u00e9tresse qu&rsquo;il a \u00e9t\u00e9 secouru par Perne, membre de l&rsquo;honorable groupe de bandits Dents-de-lion.<\/dt>\r\n                        <dd class=\"sec_dd\">\r\n                            <a href=\"https:\/\/guide.fire-emblem-heroes.com\/wp-content\/uploads\/salem_dark_sage_pop03.png\" class=\"popup-image\">\r\n                                <img decoding=\"async\" src=\"https:\/\/guide.fire-emblem-heroes.com\/wp-content\/uploads\/salem_dark_sage_info03.png\" alt=\"\" \/>\r\n                            <\/a>\r\n                        <\/dd>\r\n                        <dt id=\"CHARA_609_012\" class=\"sec_dt\">Les autres membres des Dents-de-lion \u00e9taient heureux du soutien magique de Salem\u2026 Et moi, je suis heureuse qu&rsquo;il ait trouv\u00e9 une fa\u00e7on plus productive d&rsquo;utiliser ses connaissances en magie noire.<\/dt>\r\n                        <dd class=\"sec_dd\">\r\n                            <a href=\"https:\/\/guide.fire-emblem-heroes.com\/wp-content\/uploads\/salem_dark_sage_pop04.png\" class=\"popup-image\">\r\n                                <img decoding=\"async\" src=\"https:\/\/guide.fire-emblem-heroes.com\/wp-content\/uploads\/salem_dark_sage_info04.png\" alt=\"\" \/>\r\n                            <\/a>\r\n                        <\/dd>\r\n                    <\/dl>\r\n                    <h3 id=\"CHARA_609_013\" class=\"sec_h3charatxt\">Personnage li\u00e9 \u00e0<\/h3>\r\n                    <h4 id=\"CHARA_609_014\" class=\"sec_h4charatxt\">Perne<\/h4>\r\n                    <p id=\"CHARA_609_015\" class=\"sec_charatxt\">Meneur des Dents-de-lion, un groupe d&rsquo;honorables bandits bas\u00e9 dans les for\u00eats de Dacia, il a secouru Salem s\u00e9rieusement bless\u00e9 et lui a accord\u00e9 l&rsquo;hospitalit\u00e9.<\/p>\r\n                    <h4 id=\"CHARA_609_016\" class=\"sec_h4charatxt\">Sara<\/h4>\r\n                    <p id=\"CHARA_609_017\" class=\"sec_charatxt\">Petite-fille du grand pr\u00eatre Manfroy, l&rsquo;archev\u00eaque de l&rsquo;\u00c9glise de Loptr, dont Salem \u00e9tait membre. Elle hait profond\u00e9ment Manfroy pour ce qu&rsquo;il a fait \u00e0 ses parents.<\/p>\r\n                <\/section>\r\n            <\/article>\r\n        <\/main>","protected":false},"excerpt":{"rendered":"H\u00e9ros Sage obscur Salem Appara\u00eet dans Fire Emblem: Thracia 776 Sharena vous pr\u00e9sente\u2026 Sage obscur Salem Aujourd&rsquo;hui, place \u00e0 Salem\u00a0! C&rsquo;est un ancien membre de l&rsquo;\u00c9glise de Loptr, o\u00f9 l&rsquo;on v\u00e9n\u00e9rait le dieu sombre Loptous, craint dans tout Jugdral. D\u00e9\u00e7u par l&rsquo;\u00c9glise de Loptr, il a perdu la foi et tent\u00e9 de s&rsquo;\u00e9chapper, mais il [&hellip;]","protected":false},"author":1,"featured_media":32854,"comment_status":"closed","ping_status":"closed","sticky":false,"template":"","format":"standard","meta":{"advanced_seo_description":"","jetpack_seo_html_title":"","jetpack_seo_noindex":false,"_jetpack_newsletter_access":"","_jetpack_dont_email_post_to_subs":false,"_jetpack_newsletter_tier_id":0,"_jetpack_memberships_contains_paywalled_content":false,"_locale":"fr_FR","_original_post":"https:\/\/guide.fire-emblem-heroes.com\/?p=32766","_jetpack_memberships_contains_paid_content":false,"footnotes":"","jetpack_publicize_message":"","jetpack_publicize_feature_enabled":true,"jetpack_social_post_already_shared":true,"jetpack_social_options":{"image_generator_settings":{"template":"highway","default_image_id":0,"font":"","enabled":false},"version":2},"_wpas_customize_per_network":false,"jetpack_post_was_ever_published":false},"categories":[1384,1438,1415,1390],"tags":[1419],"class_list":["post-32774","post","type-post","status-publish","format-standard","has-post-thumbnail","hentry","category-character","category-ex_works_thracia_776","category-heroes","category-stay_heroes","tag-heros","fr-FR"],"jetpack_publicize_connections":[],"jetpack_featured_media_url":"https:\/\/guide.fire-emblem-heroes.com\/wp-content\/uploads\/salem_dark_sage.png","jetpack_sharing_enabled":false,"jetpack_shortlink":"https:\/\/wp.me\/pa0Mj3-8wC","jetpack_likes_enabled":false,"amp_enabled":false,"_links":{"self":[{"href":"https:\/\/guide.fire-emblem-heroes.com\/wp-json\/wp\/v2\/posts\/32774","targetHints":{"allow":["GET"]}}],"collection":[{"href":"https:\/\/guide.fire-emblem-heroes.com\/wp-json\/wp\/v2\/posts"}],"about":[{"href":"https:\/\/guide.fire-emblem-heroes.com\/wp-json\/wp\/v2\/types\/post"}],"author":[{"embeddable":true,"href":"https:\/\/guide.fire-emblem-heroes.com\/wp-json\/wp\/v2\/users\/1"}],"replies":[{"embeddable":true,"href":"https:\/\/guide.fire-emblem-heroes.com\/wp-json\/wp\/v2\/comments?post=32774"}],"version-history":[{"count":1,"href":"https:\/\/guide.fire-emblem-heroes.com\/wp-json\/wp\/v2\/posts\/32774\/revisions"}],"predecessor-version":[{"id":32784,"href":"https:\/\/guide.fire-emblem-heroes.com\/wp-json\/wp\/v2\/posts\/32774\/revisions\/32784"}],"wp:featuredmedia":[{"embeddable":true,"href":"https:\/\/guide.fire-emblem-heroes.com\/wp-json\/wp\/v2\/media\/32854"}],"wp:attachment":[{"href":"https:\/\/guide.fire-emblem-heroes.com\/wp-json\/wp\/v2\/media?parent=32774"}],"wp:term":[{"taxonomy":"category","embeddable":true,"href":"https:\/\/guide.fire-emblem-heroes.com\/wp-json\/wp\/v2\/categories?post=32774"},{"taxonomy":"post_tag","embeddable":true,"href":"https:\/\/guide.fire-emblem-heroes.com\/wp-json\/wp\/v2\/tags?post=32774"}],"curies":[{"name":"wp","href":"https:\/\/api.w.org\/{rel}","templated":true}]}}