






{"id":32969,"date":"2022-03-29T12:54:19","date_gmt":"2022-03-29T03:54:19","guid":{"rendered":"https:\/\/guide.fire-emblem-heroes.com\/?p=32969"},"modified":"2022-03-30T13:16:45","modified_gmt":"2022-03-30T04:16:45","slug":"01005001000082-2","status":"publish","type":"post","link":"https:\/\/guide.fire-emblem-heroes.com\/fr\/01005001000082-2\/","title":{"rendered":"<span class=\"character_nick\">Mage du vent<\/span><span class=\"character_name\">Merric<\/span>"},"content":{"rendered":"<main id=\"CHARA_618\" class=\"main_page character\">\r\n            <article>\r\n                <section class=\"sec sec_character\">\r\n                    <ul class=\"sec_ul sec_ul--character slick-box\">\r\n                        <li class=\"sec_li sec_li--character\">\r\n                            <img decoding=\"async\" src=\"https:\/\/guide.fire-emblem-heroes.com\/wp-content\/uploads\/marich_wind_mage_slide01.png\" alt=\"\" \/>\r\n                        <\/li>\r\n                        <li class=\"sec_li sec_li--character\">\r\n                            <img decoding=\"async\" src=\"https:\/\/guide.fire-emblem-heroes.com\/wp-content\/uploads\/marich_wind_mage_slide02.png\" alt=\"\" \/>\r\n                        <\/li>\r\n                        <li class=\"sec_li sec_li--character\">\r\n                            <img decoding=\"async\" src=\"https:\/\/guide.fire-emblem-heroes.com\/wp-content\/uploads\/marich_wind_mage_slide03.png\" alt=\"\" \/>\r\n                        <\/li>\r\n                        <li class=\"sec_li sec_li--character\">\r\n                            <img decoding=\"async\" src=\"https:\/\/guide.fire-emblem-heroes.com\/wp-content\/uploads\/marich_wind_mage_slide04.png\" alt=\"\" \/>\r\n                        <\/li>\r\n                    <\/ul>\r\n                    <div class=\"sec_charainfoarea flex\">\r\n                        <div class=\"sec_gif\"><img loading=\"lazy\" decoding=\"async\" src=\"https:\/\/guide.fire-emblem-heroes.com\/wp-content\/uploads\/marich_wind_mage.png\" alt=\"\" width=\"210\" height=\"190\"\/><\/div>\r\n                        <div class=\"sec_charainfo\">\r\n                            <p id=\"CHARA_618_002\" class=\"sec_characate sec_characate--heroes\">H\u00e9ros<\/p>\r\n                            <p id=\"CHARA_618_003\" class=\"sec_charanick\">Mage du vent<\/p>\r\n                            <p id=\"CHARA_618_004\" class=\"sec_charaname\">Merric<\/p>\r\n                            <p id=\"CHARA_618_005\" class=\"sec_charaappearancetxt\">Appara\u00eet dans<\/p>\r\n                            <p id=\"CHARA_618_006\" class=\"sec_charaappearancetxt\">Fire Emblem: Mystery of the Emblem<\/p>\r\n                        <\/div>\r\n                    <\/div>\r\n                <\/section>\r\n            <\/article>\r\n            <article>\r\n                <section class=\"sec sec_characterarea\">\r\n                    <div class=\"sec_h2chara\">\r\n                        <p id=\"CHARA_618_007\" class=\"sec_h2charattl\">Sharena vous pr\u00e9sente\u2026<\/p>\r\n                        <h2 id=\"CHARA_618_008\" class=\"sec_h2charatxt\">Mage du vent Merric<\/h2>\r\n                    <\/div>\r\n                    <dl class=\"sec_dl flex\">\r\n                        <dt id=\"CHARA_618_009\" class=\"sec_dt\">N\u00e9 dans une prestigieuse famille d&rsquo;Altea, Merric est un homme aimable qui n&rsquo;appr\u00e9cie pas le conflit. D\u00e9j\u00e0 enfant, il s&rsquo;int\u00e9ressait plus aux livres qu&rsquo;aux \u00e9p\u00e9es.<\/dt>\r\n                        <dd class=\"sec_dd\">\r\n                            <a href=\"https:\/\/guide.fire-emblem-heroes.com\/wp-content\/uploads\/marich_wind_mage_pop01.png\" class=\"popup-image\">\r\n                                <img decoding=\"async\" src=\"https:\/\/guide.fire-emblem-heroes.com\/wp-content\/uploads\/marich_wind_mage_info01.png\" alt=\"\" \/>\r\n                            <\/a>\r\n                        <\/dd>\r\n                        <dt id=\"CHARA_618_010\" class=\"sec_dt\">Plus tard, Merric a d\u00e9cid\u00e9 d&rsquo;\u00e9tudier \u00e0 l&rsquo;\u00e9cole de magie de Khadein afin d&rsquo;aider son ami le jeune prince Marth. Il n&rsquo;a pas \u00e9conomis\u00e9 ses efforts et son talent magique a fini par \u00e9clore.<\/dt>\r\n                        <dd class=\"sec_dd\">\r\n                            <a href=\"https:\/\/guide.fire-emblem-heroes.com\/wp-content\/uploads\/marich_wind_mage_pop02.png\" class=\"popup-image\">\r\n                                <img decoding=\"async\" src=\"https:\/\/guide.fire-emblem-heroes.com\/wp-content\/uploads\/marich_wind_mage_info02.png\" alt=\"\" \/>\r\n                            <\/a>\r\n                        <\/dd>\r\n                        <dt id=\"CHARA_618_011\" class=\"sec_dt\">Il est \u00e9galement tr\u00e8s proche d&rsquo;Elice, la s\u0153ur a\u00een\u00e9e de Marth. De vous \u00e0 moi, je crois bien qu&rsquo;ils sont un peu plus que des amis, et que Merric avait quelques raisons cach\u00e9es d&rsquo;\u00e9tudier la magie.<\/dt>\r\n                        <dd class=\"sec_dd\">\r\n                            <a href=\"https:\/\/guide.fire-emblem-heroes.com\/wp-content\/uploads\/marich_wind_mage_pop03.png\" class=\"popup-image\">\r\n                                <img decoding=\"async\" src=\"https:\/\/guide.fire-emblem-heroes.com\/wp-content\/uploads\/marich_wind_mage_info03.png\" alt=\"\" \/>\r\n                            <\/a>\r\n                        <\/dd>\r\n                        <dt id=\"CHARA_618_012\" class=\"sec_dt\">Son travail acharn\u00e9 \u00e0 Khadein a permis \u00e0 Merric de ma\u00eetriser la magie du vent Excalibur. Avec ce pouvoir, il peut vaincre tous les obstacles sur la voie de la paix.<\/dt>\r\n                        <dd class=\"sec_dd\">\r\n                            <a href=\"https:\/\/guide.fire-emblem-heroes.com\/wp-content\/uploads\/marich_wind_mage_pop04.png\" class=\"popup-image\">\r\n                                <img decoding=\"async\" src=\"https:\/\/guide.fire-emblem-heroes.com\/wp-content\/uploads\/marich_wind_mage_info04.png\" alt=\"\" \/>\r\n                            <\/a>\r\n                        <\/dd>\r\n                    <\/dl>\r\n                    <h3 id=\"CHARA_618_013\" class=\"sec_h3charatxt\">Personnage li\u00e9 \u00e0<\/h3>\r\n                    <h4 id=\"CHARA_618_014\" class=\"sec_h4charatxt\">Marth<\/h4>\r\n                    <p id=\"CHARA_618_015\" class=\"sec_charatxt\">Prince d&rsquo;Altea qui se bat pour sa patrie et accorde une grande valeur \u00e0 ses amis. Ami d&rsquo;enfance de Merric.<\/p>\r\n                    <h4 id=\"CHARA_618_016\" class=\"sec_h4charatxt\">Elice<\/h4>\r\n                    <p id=\"CHARA_618_017\" class=\"sec_charatxt\">Princesse d&rsquo;Altea et s\u0153ur a\u00een\u00e9e de Marth, elle poss\u00e8de une certaine douceur et un fort sens du devoir. Merric \u00e9prouve des sentiments pour elle.<\/p>\r\n                <\/section>\r\n            <\/article>\r\n        <\/main>","protected":false},"excerpt":{"rendered":"H\u00e9ros Mage du vent Merric Appara\u00eet dans Fire Emblem: Mystery of the Emblem Sharena vous pr\u00e9sente\u2026 Mage du vent Merric N\u00e9 dans une prestigieuse famille d&rsquo;Altea, Merric est un homme aimable qui n&rsquo;appr\u00e9cie pas le conflit. D\u00e9j\u00e0 enfant, il s&rsquo;int\u00e9ressait plus aux livres qu&rsquo;aux \u00e9p\u00e9es. Plus tard, Merric a d\u00e9cid\u00e9 d&rsquo;\u00e9tudier \u00e0 l&rsquo;\u00e9cole de magie [&hellip;]","protected":false},"author":1,"featured_media":33075,"comment_status":"closed","ping_status":"closed","sticky":false,"template":"","format":"standard","meta":{"advanced_seo_description":"","jetpack_seo_html_title":"","jetpack_seo_noindex":false,"_jetpack_newsletter_access":"","_jetpack_dont_email_post_to_subs":false,"_jetpack_newsletter_tier_id":0,"_jetpack_memberships_contains_paywalled_content":false,"_locale":"fr_FR","_original_post":"https:\/\/guide.fire-emblem-heroes.com\/?p=32961","_jetpack_memberships_contains_paid_content":false,"footnotes":"","jetpack_publicize_message":"","jetpack_publicize_feature_enabled":true,"jetpack_social_post_already_shared":true,"jetpack_social_options":{"image_generator_settings":{"template":"highway","default_image_id":0,"font":"","enabled":false},"version":2},"_wpas_customize_per_network":false,"jetpack_post_was_ever_published":false},"categories":[1384,1424,1415,1390],"tags":[1419],"class_list":["post-32969","post","type-post","status-publish","format-standard","has-post-thumbnail","hentry","category-character","category-ex_works_mystery_of_the_emblem","category-heroes","category-stay_heroes","tag-heros","fr-FR"],"jetpack_publicize_connections":[],"jetpack_featured_media_url":"https:\/\/guide.fire-emblem-heroes.com\/wp-content\/uploads\/marich_wind_mage.png","jetpack_sharing_enabled":false,"jetpack_shortlink":"https:\/\/wp.me\/pa0Mj3-8zL","jetpack_likes_enabled":false,"amp_enabled":false,"_links":{"self":[{"href":"https:\/\/guide.fire-emblem-heroes.com\/wp-json\/wp\/v2\/posts\/32969","targetHints":{"allow":["GET"]}}],"collection":[{"href":"https:\/\/guide.fire-emblem-heroes.com\/wp-json\/wp\/v2\/posts"}],"about":[{"href":"https:\/\/guide.fire-emblem-heroes.com\/wp-json\/wp\/v2\/types\/post"}],"author":[{"embeddable":true,"href":"https:\/\/guide.fire-emblem-heroes.com\/wp-json\/wp\/v2\/users\/1"}],"replies":[{"embeddable":true,"href":"https:\/\/guide.fire-emblem-heroes.com\/wp-json\/wp\/v2\/comments?post=32969"}],"version-history":[{"count":1,"href":"https:\/\/guide.fire-emblem-heroes.com\/wp-json\/wp\/v2\/posts\/32969\/revisions"}],"predecessor-version":[{"id":32980,"href":"https:\/\/guide.fire-emblem-heroes.com\/wp-json\/wp\/v2\/posts\/32969\/revisions\/32980"}],"wp:featuredmedia":[{"embeddable":true,"href":"https:\/\/guide.fire-emblem-heroes.com\/wp-json\/wp\/v2\/media\/33075"}],"wp:attachment":[{"href":"https:\/\/guide.fire-emblem-heroes.com\/wp-json\/wp\/v2\/media?parent=32969"}],"wp:term":[{"taxonomy":"category","embeddable":true,"href":"https:\/\/guide.fire-emblem-heroes.com\/wp-json\/wp\/v2\/categories?post=32969"},{"taxonomy":"post_tag","embeddable":true,"href":"https:\/\/guide.fire-emblem-heroes.com\/wp-json\/wp\/v2\/tags?post=32969"}],"curies":[{"name":"wp","href":"https:\/\/api.w.org\/{rel}","templated":true}]}}