






{"id":33160,"date":"2022-04-05T12:03:31","date_gmt":"2022-04-05T03:03:31","guid":{"rendered":"https:\/\/guide.fire-emblem-heroes.com\/?p=33160"},"modified":"2022-05-09T16:15:12","modified_gmt":"2022-05-09T07:15:12","slug":"08001003000789-2","status":"publish","type":"post","link":"https:\/\/guide.fire-emblem-heroes.com\/fr\/08001003000789-2\/","title":{"rendered":"<span class=\"character_nick\">Voix \u00e9touff\u00e9e<\/span><span class=\"character_name\">Soren<\/span>"},"content":{"rendered":"<main id=\"CHARA_627\" class=\"main_page character\">\r\n            <article>\r\n                <section class=\"sec sec_character\">\r\n                    <ul class=\"sec_ul sec_ul--character slick-box\">\r\n                        <li class=\"sec_li sec_li--character\">\r\n                            <img decoding=\"async\" src=\"https:\/\/guide.fire-emblem-heroes.com\/wp-content\/uploads\/senerio_hushed_voice_slide01.png\" alt=\"\" \/>\r\n                        <\/li>\r\n                        <li class=\"sec_li sec_li--character\">\r\n                            <img decoding=\"async\" src=\"https:\/\/guide.fire-emblem-heroes.com\/wp-content\/uploads\/senerio_hushed_voice_slide02.png\" alt=\"\" \/>\r\n                        <\/li>\r\n                        <li class=\"sec_li sec_li--character\">\r\n                            <img decoding=\"async\" src=\"https:\/\/guide.fire-emblem-heroes.com\/wp-content\/uploads\/senerio_hushed_voice_slide03.png\" alt=\"\" \/>\r\n                        <\/li>\r\n                        <li class=\"sec_li sec_li--character\">\r\n                            <img decoding=\"async\" src=\"https:\/\/guide.fire-emblem-heroes.com\/wp-content\/uploads\/senerio_hushed_voice_slide04.png\" alt=\"\" \/>\r\n                        <\/li>\r\n                    <\/ul>\r\n                    <div class=\"sec_charainfoarea flex\">\r\n                        <div class=\"sec_gif\"><img loading=\"lazy\" decoding=\"async\" src=\"https:\/\/guide.fire-emblem-heroes.com\/wp-content\/uploads\/senerio_hushed_voice.png\" alt=\"\" width=\"210\" height=\"190\"\/><\/div>\r\n                        <div class=\"sec_charainfo\">\r\n                            <p id=\"CHARA_627_002\" class=\"sec_characate sec_characate--special_heroes\">H\u00e9ros sp\u00e9ciaux<\/p>\r\n                            <p id=\"CHARA_627_003\" class=\"sec_charanick\">Voix \u00e9touff\u00e9e<\/p>\r\n                            <p id=\"CHARA_627_004\" class=\"sec_charaname\">Soren<\/p>\r\n                            <p id=\"CHARA_627_005\" class=\"sec_charaappearancetxt\">Appara\u00eet dans<\/p>\r\n                            <p id=\"CHARA_627_006\" class=\"sec_charaappearancetxt\">Fire Emblem: Path of Radiance<\/p>\r\n                        <\/div>\r\n                    <\/div>\r\n                <\/section>\r\n            <\/article>\r\n            <article>\r\n                <section class=\"sec sec_characterarea\">\r\n                    <div class=\"sec_h2chara\">\r\n                        <p id=\"CHARA_627_007\" class=\"sec_h2charattl\">Sharena vous pr\u00e9sente\u2026<\/p>\r\n                        <h2 id=\"CHARA_627_008\" class=\"sec_h2charatxt\">Voix \u00e9touff\u00e9e Soren<\/h2>\r\n                    <\/div>\r\n                    <dl class=\"sec_dl flex\">\r\n                        <dt id=\"CHARA_627_009\" class=\"sec_dt\">Savez-vous qui est ce jeune et bel \u00e9rudit\u00a0? Eh bien, nul autre que Soren, le futur strat\u00e8ge des mercenaires de Greil\u00a0!<\/dt>\r\n                        <dd class=\"sec_dd\">\r\n                            <a href=\"https:\/\/guide.fire-emblem-heroes.com\/wp-content\/uploads\/senerio_hushed_voice_pop01.png\" class=\"popup-image\">\r\n                                <img decoding=\"async\" src=\"https:\/\/guide.fire-emblem-heroes.com\/wp-content\/uploads\/senerio_hushed_voice_info01.png\" alt=\"\" \/>\r\n                            <\/a>\r\n                        <\/dd>\r\n                        <dt id=\"CHARA_627_010\" class=\"sec_dt\">Durant sa prime enfance, Soren a \u00e9t\u00e9 confi\u00e9 \u00e0 un sage qui lui a enseign\u00e9 la magie avec s\u00e9v\u00e9rit\u00e9 et intransigeance. Le talent du jeune Soren d\u00e9passait d\u00e9j\u00e0 celui des adultes\u00a0!<\/dt>\r\n                        <dd class=\"sec_dd\">\r\n                            <a href=\"https:\/\/guide.fire-emblem-heroes.com\/wp-content\/uploads\/senerio_hushed_voice_pop02.png\" class=\"popup-image\">\r\n                                <img decoding=\"async\" src=\"https:\/\/guide.fire-emblem-heroes.com\/wp-content\/uploads\/senerio_hushed_voice_info02.png\" alt=\"\" \/>\r\n                            <\/a>\r\n                        <\/dd>\r\n                        <dt id=\"CHARA_627_011\" class=\"sec_dt\">Apr\u00e8s la mort du vieux sage, Soren a v\u00e9cu des instants \u00e9pouvantables. C&rsquo;est \u00e0 ce moment qu&rsquo;un jeune homme lui a tendu une main amicale.<\/dt>\r\n                        <dd class=\"sec_dd\">\r\n                            <a href=\"https:\/\/guide.fire-emblem-heroes.com\/wp-content\/uploads\/senerio_hushed_voice_pop03.png\" class=\"popup-image\">\r\n                                <img decoding=\"async\" src=\"https:\/\/guide.fire-emblem-heroes.com\/wp-content\/uploads\/senerio_hushed_voice_info03.png\" alt=\"\" \/>\r\n                            <\/a>\r\n                        <\/dd>\r\n                        <dt id=\"CHARA_627_012\" class=\"sec_dt\">Des circonstances tragiques les ont s\u00e9par\u00e9s, mais Soren a toujours gard\u00e9 une place pour lui dans son c\u0153ur. J&rsquo;esp\u00e8re qu&rsquo;ils se retrouveront un jour\u00a0!<\/dt>\r\n                        <dd class=\"sec_dd\">\r\n                            <a href=\"https:\/\/guide.fire-emblem-heroes.com\/wp-content\/uploads\/senerio_hushed_voice_pop04.png\" class=\"popup-image\">\r\n                                <img decoding=\"async\" src=\"https:\/\/guide.fire-emblem-heroes.com\/wp-content\/uploads\/senerio_hushed_voice_info04.png\" alt=\"\" \/>\r\n                            <\/a>\r\n                        <\/dd>\r\n                    <\/dl>\r\n                    <h3 id=\"CHARA_627_013\" class=\"sec_h3charatxt\">Personnage li\u00e9 \u00e0<\/h3>\r\n                    <h4 id=\"CHARA_627_014\" class=\"sec_h4charatxt\">Ike<\/h4>\r\n                    <p id=\"CHARA_627_015\" class=\"sec_charatxt\">Fils de Greil, chef des mercenaires de Greil, Ike aspire \u00e0 obtenir le m\u00eame statut que son p\u00e8re. Soren et lui partagent un lien sp\u00e9cial.<\/p>\r\n                <\/section>\r\n            <\/article>\r\n        <\/main>","protected":false},"excerpt":{"rendered":"H\u00e9ros sp\u00e9ciaux Voix \u00e9touff\u00e9e Soren Appara\u00eet dans Fire Emblem: Path of Radiance Sharena vous pr\u00e9sente\u2026 Voix \u00e9touff\u00e9e Soren Savez-vous qui est ce jeune et bel \u00e9rudit\u00a0? Eh bien, nul autre que Soren, le futur strat\u00e8ge des mercenaires de Greil\u00a0! Durant sa prime enfance, Soren a \u00e9t\u00e9 confi\u00e9 \u00e0 un sage qui lui a enseign\u00e9 la [&hellip;]","protected":false},"author":1,"featured_media":33313,"comment_status":"closed","ping_status":"closed","sticky":false,"template":"","format":"standard","meta":{"advanced_seo_description":"","jetpack_seo_html_title":"","jetpack_seo_noindex":false,"_jetpack_newsletter_access":"","_jetpack_dont_email_post_to_subs":false,"_jetpack_newsletter_tier_id":0,"_jetpack_memberships_contains_paywalled_content":false,"_locale":"fr_FR","_original_post":"https:\/\/guide.fire-emblem-heroes.com\/?p=33152","_jetpack_memberships_contains_paid_content":false,"footnotes":"","jetpack_publicize_message":"","jetpack_publicize_feature_enabled":true,"jetpack_social_post_already_shared":true,"jetpack_social_options":{"image_generator_settings":{"template":"highway","default_image_id":0,"font":"","enabled":false},"version":2},"_wpas_customize_per_network":false,"jetpack_post_was_ever_published":false},"categories":[1384,1429,1405,1390],"tags":[1410],"class_list":["post-33160","post","type-post","status-publish","format-standard","has-post-thumbnail","hentry","category-character","category-ex_works_path_of_radiance","category-special_heroes","category-stay_heroes","tag-heros-speciaux","fr-FR"],"jetpack_publicize_connections":[],"jetpack_featured_media_url":"https:\/\/guide.fire-emblem-heroes.com\/wp-content\/uploads\/senerio_hushed_voice.png","jetpack_sharing_enabled":false,"jetpack_shortlink":"https:\/\/wp.me\/pa0Mj3-8CQ","jetpack_likes_enabled":false,"amp_enabled":false,"_links":{"self":[{"href":"https:\/\/guide.fire-emblem-heroes.com\/wp-json\/wp\/v2\/posts\/33160","targetHints":{"allow":["GET"]}}],"collection":[{"href":"https:\/\/guide.fire-emblem-heroes.com\/wp-json\/wp\/v2\/posts"}],"about":[{"href":"https:\/\/guide.fire-emblem-heroes.com\/wp-json\/wp\/v2\/types\/post"}],"author":[{"embeddable":true,"href":"https:\/\/guide.fire-emblem-heroes.com\/wp-json\/wp\/v2\/users\/1"}],"replies":[{"embeddable":true,"href":"https:\/\/guide.fire-emblem-heroes.com\/wp-json\/wp\/v2\/comments?post=33160"}],"version-history":[{"count":1,"href":"https:\/\/guide.fire-emblem-heroes.com\/wp-json\/wp\/v2\/posts\/33160\/revisions"}],"predecessor-version":[{"id":33170,"href":"https:\/\/guide.fire-emblem-heroes.com\/wp-json\/wp\/v2\/posts\/33160\/revisions\/33170"}],"wp:featuredmedia":[{"embeddable":true,"href":"https:\/\/guide.fire-emblem-heroes.com\/wp-json\/wp\/v2\/media\/33313"}],"wp:attachment":[{"href":"https:\/\/guide.fire-emblem-heroes.com\/wp-json\/wp\/v2\/media?parent=33160"}],"wp:term":[{"taxonomy":"category","embeddable":true,"href":"https:\/\/guide.fire-emblem-heroes.com\/wp-json\/wp\/v2\/categories?post=33160"},{"taxonomy":"post_tag","embeddable":true,"href":"https:\/\/guide.fire-emblem-heroes.com\/wp-json\/wp\/v2\/tags?post=33160"}],"curies":[{"name":"wp","href":"https:\/\/api.w.org\/{rel}","templated":true}]}}