






{"id":37914,"date":"2022-10-28T11:28:36","date_gmt":"2022-10-28T02:28:36","guid":{"rendered":"https:\/\/guide.fire-emblem-heroes.com\/?p=37914"},"modified":"2022-10-31T11:50:58","modified_gmt":"2022-10-31T02:50:58","slug":"01008001000053-2","status":"publish","type":"post","link":"https:\/\/guide.fire-emblem-heroes.com\/fr\/01008001000053-2\/","title":{"rendered":"<span class=\"character_nick\">Princesse de Gra<\/span><span class=\"character_name\">Sheena<\/span>"},"content":{"rendered":"<main id=\"CHARA_727\" class=\"main_page character\">\r\n            <article>\r\n                <section class=\"sec sec_character\">\r\n                    <ul class=\"sec_ul sec_ul--character slick-box\">\r\n                        <li class=\"sec_li sec_li--character\">\r\n                            <img decoding=\"async\" src=\"https:\/\/guide.fire-emblem-heroes.com\/wp-content\/uploads\/sima_princess_of_gra_slide01.png\" alt=\"\" \/>\r\n                        <\/li>\r\n                        <li class=\"sec_li sec_li--character\">\r\n                            <img decoding=\"async\" src=\"https:\/\/guide.fire-emblem-heroes.com\/wp-content\/uploads\/sima_princess_of_gra_slide02.png\" alt=\"\" \/>\r\n                        <\/li>\r\n                        <li class=\"sec_li sec_li--character\">\r\n                            <img decoding=\"async\" src=\"https:\/\/guide.fire-emblem-heroes.com\/wp-content\/uploads\/sima_princess_of_gra_slide03.png\" alt=\"\" \/>\r\n                        <\/li>\r\n                        <li class=\"sec_li sec_li--character\">\r\n                            <img decoding=\"async\" src=\"https:\/\/guide.fire-emblem-heroes.com\/wp-content\/uploads\/sima_princess_of_gra_slide04.png\" alt=\"\" \/>\r\n                        <\/li>\r\n                    <\/ul>\r\n                    <div class=\"sec_charainfoarea flex\">\r\n                        <div class=\"sec_gif\"><img loading=\"lazy\" decoding=\"async\" src=\"https:\/\/guide.fire-emblem-heroes.com\/wp-content\/uploads\/sima_princess_of_gra.png\" alt=\"\" width=\"210\" height=\"190\"\/><\/div>\r\n                        <div class=\"sec_charainfo\">\r\n                            <p id=\"CHARA_727_002\" class=\"sec_characate sec_characate--heroes\">H\u00e9ros<\/p>\r\n                            <p id=\"CHARA_727_003\" class=\"sec_charanick\">Princesse de Gra<\/p>\r\n                            <p id=\"CHARA_727_004\" class=\"sec_charaname\">Sheena<\/p>\r\n                            <p id=\"CHARA_727_005\" class=\"sec_charaappearancetxt\">Appara\u00eet dans<\/p>\r\n                            <p id=\"CHARA_727_006\" class=\"sec_charaappearancetxt\">Fire Emblem: Mystery of the Emblem<\/p>\r\n                        <\/div>\r\n                    <\/div>\r\n                <\/section>\r\n            <\/article>\r\n            <article>\r\n                <section class=\"sec sec_characterarea\">\r\n                    <div class=\"sec_h2chara\">\r\n                        <p id=\"CHARA_727_007\" class=\"sec_h2charattl\">Sharena vous pr\u00e9sente\u2026<\/p>\r\n                        <h2 id=\"CHARA_727_008\" class=\"sec_h2charatxt\">Princesse de Gra Sheena<\/h2>\r\n                    <\/div>\r\n                    <dl class=\"sec_dl flex\">\r\n                        <dt id=\"CHARA_727_009\" class=\"sec_dt\">Je vous pr\u00e9sente aujourd&rsquo;hui Sheena, princesse de Gra. Elle a eu des probl\u00e8mes avec son p\u00e8re le roi et a v\u00e9cu secr\u00e8tement dans la capitale du royaume d&rsquo;Akaneia.<\/dt>\r\n                        <dd class=\"sec_dd\">\r\n                            <a href=\"https:\/\/guide.fire-emblem-heroes.com\/wp-content\/uploads\/sima_princess_of_gra_pop01.png\" class=\"popup-image\">\r\n                                <img decoding=\"async\" src=\"https:\/\/guide.fire-emblem-heroes.com\/wp-content\/uploads\/sima_princess_of_gra_info01.png\" alt=\"\" \/>\r\n                            <\/a>\r\n                        <\/dd>\r\n                        <dt id=\"CHARA_727_010\" class=\"sec_dt\">Le roi de Gra \u00e9tait un homme avare ayant disparu lors de la guerre qui enflammait le continent, et apr\u00e8s sa mort, l&#8217;empereur d&rsquo;Akaneia a d\u00e9sign\u00e9 Sheena comme h\u00e9riti\u00e8re.<\/dt>\r\n                        <dd class=\"sec_dd\">\r\n                            <a href=\"https:\/\/guide.fire-emblem-heroes.com\/wp-content\/uploads\/sima_princess_of_gra_pop02.png\" class=\"popup-image\">\r\n                                <img decoding=\"async\" src=\"https:\/\/guide.fire-emblem-heroes.com\/wp-content\/uploads\/sima_princess_of_gra_info02.png\" alt=\"\" \/>\r\n                            <\/a>\r\n                        <\/dd>\r\n                        <dt id=\"CHARA_727_011\" class=\"sec_dt\">Mais \u00e0 son retour dans son pays, c&rsquo;\u00e9tait encore la guerre et d&rsquo;autres conflits l&rsquo;attendaient, car l&#8217;empereur lui ordonna de combattre Marth, le prince d&rsquo;Altea.<\/dt>\r\n                        <dd class=\"sec_dd\">\r\n                            <a href=\"https:\/\/guide.fire-emblem-heroes.com\/wp-content\/uploads\/sima_princess_of_gra_pop03.png\" class=\"popup-image\">\r\n                                <img decoding=\"async\" src=\"https:\/\/guide.fire-emblem-heroes.com\/wp-content\/uploads\/sima_princess_of_gra_info03.png\" alt=\"\" \/>\r\n                            <\/a>\r\n                        <\/dd>\r\n                        <dt id=\"CHARA_727_012\" class=\"sec_dt\">Durant leur confrontation, Sheena a vu que Marth \u00e9pargnait les soldats de Gra. \u00c9mue par sa bont\u00e9, elle a rompu avec Akaneia pour rejoindre Marth et se battre r\u00e9ellement pour son peuple et sa patrie.<\/dt>\r\n                        <dd class=\"sec_dd\">\r\n                            <a href=\"https:\/\/guide.fire-emblem-heroes.com\/wp-content\/uploads\/sima_princess_of_gra_pop04.png\" class=\"popup-image\">\r\n                                <img decoding=\"async\" src=\"https:\/\/guide.fire-emblem-heroes.com\/wp-content\/uploads\/sima_princess_of_gra_info04.png\" alt=\"\" \/>\r\n                            <\/a>\r\n                        <\/dd>\r\n                    <\/dl>\r\n                    <h3 id=\"CHARA_727_013\" class=\"sec_h3charatxt\">Personnage li\u00e9 \u00e0<\/h3>\r\n                    <h4 id=\"CHARA_727_014\" class=\"sec_h4charatxt\">Samson<\/h4>\r\n                    <p id=\"CHARA_727_015\" class=\"sec_charatxt\">Mercenaire de talent, il est taciturne et d\u00e9vou\u00e9. Engag\u00e9 par Sheena, il se bat pour prot\u00e9ger Gra.<\/p>\r\n                    <h4 id=\"CHARA_727_016\" class=\"sec_h4charatxt\">Marth<\/h4>\r\n                    <p id=\"CHARA_727_017\" class=\"sec_charatxt\">Prince du royaume d&rsquo;Altea qui se bat pour sa patrie et ch\u00e9rit ses amis. Il a tu\u00e9 le p\u00e8re de Sheena, le roi Jiol.<\/p>\r\n                <\/section>\r\n            <\/article>\r\n        <\/main>","protected":false},"excerpt":{"rendered":"H\u00e9ros Princesse de Gra Sheena Appara\u00eet dans Fire Emblem: Mystery of the Emblem Sharena vous pr\u00e9sente\u2026 Princesse de Gra Sheena Je vous pr\u00e9sente aujourd&rsquo;hui Sheena, princesse de Gra. Elle a eu des probl\u00e8mes avec son p\u00e8re le roi et a v\u00e9cu secr\u00e8tement dans la capitale du royaume d&rsquo;Akaneia. Le roi de Gra \u00e9tait un homme [&hellip;]","protected":false},"author":1,"featured_media":38121,"comment_status":"closed","ping_status":"closed","sticky":false,"template":"","format":"standard","meta":{"advanced_seo_description":"","jetpack_seo_html_title":"","jetpack_seo_noindex":false,"_jetpack_newsletter_access":"","_jetpack_dont_email_post_to_subs":false,"_jetpack_newsletter_tier_id":0,"_jetpack_memberships_contains_paywalled_content":false,"_locale":"fr_FR","_original_post":"https:\/\/guide.fire-emblem-heroes.com\/?p=37906","_jetpack_memberships_contains_paid_content":false,"footnotes":"","jetpack_publicize_message":"","jetpack_publicize_feature_enabled":true,"jetpack_social_post_already_shared":false,"jetpack_social_options":{"image_generator_settings":{"template":"highway","default_image_id":0,"font":"","enabled":false},"version":2},"_wpas_customize_per_network":false,"jetpack_post_was_ever_published":false},"categories":[1384,1424,1415,1390],"tags":[1419],"class_list":["post-37914","post","type-post","status-publish","format-standard","has-post-thumbnail","hentry","category-character","category-ex_works_mystery_of_the_emblem","category-heroes","category-stay_heroes","tag-heros","fr-FR"],"jetpack_publicize_connections":[],"jetpack_featured_media_url":"https:\/\/guide.fire-emblem-heroes.com\/wp-content\/uploads\/sima_princess_of_gra.png","jetpack_sharing_enabled":false,"jetpack_shortlink":"https:\/\/wp.me\/pa0Mj3-9Rw","jetpack_likes_enabled":false,"amp_enabled":false,"_links":{"self":[{"href":"https:\/\/guide.fire-emblem-heroes.com\/wp-json\/wp\/v2\/posts\/37914","targetHints":{"allow":["GET"]}}],"collection":[{"href":"https:\/\/guide.fire-emblem-heroes.com\/wp-json\/wp\/v2\/posts"}],"about":[{"href":"https:\/\/guide.fire-emblem-heroes.com\/wp-json\/wp\/v2\/types\/post"}],"author":[{"embeddable":true,"href":"https:\/\/guide.fire-emblem-heroes.com\/wp-json\/wp\/v2\/users\/1"}],"replies":[{"embeddable":true,"href":"https:\/\/guide.fire-emblem-heroes.com\/wp-json\/wp\/v2\/comments?post=37914"}],"version-history":[{"count":1,"href":"https:\/\/guide.fire-emblem-heroes.com\/wp-json\/wp\/v2\/posts\/37914\/revisions"}],"predecessor-version":[{"id":37926,"href":"https:\/\/guide.fire-emblem-heroes.com\/wp-json\/wp\/v2\/posts\/37914\/revisions\/37926"}],"wp:featuredmedia":[{"embeddable":true,"href":"https:\/\/guide.fire-emblem-heroes.com\/wp-json\/wp\/v2\/media\/38121"}],"wp:attachment":[{"href":"https:\/\/guide.fire-emblem-heroes.com\/wp-json\/wp\/v2\/media?parent=37914"}],"wp:term":[{"taxonomy":"category","embeddable":true,"href":"https:\/\/guide.fire-emblem-heroes.com\/wp-json\/wp\/v2\/categories?post=37914"},{"taxonomy":"post_tag","embeddable":true,"href":"https:\/\/guide.fire-emblem-heroes.com\/wp-json\/wp\/v2\/tags?post=37914"}],"curies":[{"name":"wp","href":"https:\/\/api.w.org\/{rel}","templated":true}]}}