






{"id":38141,"date":"2022-11-04T12:22:43","date_gmt":"2022-11-04T03:22:43","guid":{"rendered":"https:\/\/guide.fire-emblem-heroes.com\/?p=38141"},"modified":"2022-12-08T16:07:49","modified_gmt":"2022-12-08T07:07:49","slug":"00003002000869-2","status":"publish","type":"post","link":"https:\/\/guide.fire-emblem-heroes.com\/fr\/00003002000869-2\/","title":{"rendered":"<span class=\"character_nick\">Flamme et givre<\/span><span class=\"character_name\">Laegjarn<\/span>"},"content":{"rendered":"<main id=\"CHARA_732\" class=\"main_page character\">\r\n            <article>\r\n                <section class=\"sec sec_character\">\r\n                    <ul class=\"sec_ul sec_ul--character slick-box\">\r\n                        <li class=\"sec_li sec_li--character\">\r\n                            <img decoding=\"async\" src=\"https:\/\/guide.fire-emblem-heroes.com\/wp-content\/uploads\/laegjarn_flame_and_frost_slide01.png\" alt=\"\" \/>\r\n                        <\/li>\r\n                        <li class=\"sec_li sec_li--character\">\r\n                            <img decoding=\"async\" src=\"https:\/\/guide.fire-emblem-heroes.com\/wp-content\/uploads\/laegjarn_flame_and_frost_slide02.png\" alt=\"\" \/>\r\n                        <\/li>\r\n                        <li class=\"sec_li sec_li--character\">\r\n                            <img decoding=\"async\" src=\"https:\/\/guide.fire-emblem-heroes.com\/wp-content\/uploads\/laegjarn_flame_and_frost_slide03.png\" alt=\"\" \/>\r\n                        <\/li>\r\n                        <li class=\"sec_li sec_li--character\">\r\n                            <img decoding=\"async\" src=\"https:\/\/guide.fire-emblem-heroes.com\/wp-content\/uploads\/laegjarn_flame_and_frost_slide04.png\" alt=\"\" \/>\r\n                        <\/li>\r\n                    <\/ul>\r\n                    <div class=\"sec_charainfoarea flex\">\r\n                        <div class=\"sec_gif\"><img loading=\"lazy\" decoding=\"async\" src=\"https:\/\/guide.fire-emblem-heroes.com\/wp-content\/uploads\/laegjarn_flame_and_frost.png\" alt=\"\" width=\"210\" height=\"190\"\/><\/div>\r\n                        <div class=\"sec_charainfo\">\r\n                            <p id=\"CHARA_732_002\" class=\"sec_characate sec_characate--duo_hero\">Doubles unit\u00e9s<\/p>\r\n                            <p id=\"CHARA_732_003\" class=\"sec_charanick\">Flamme et givre<\/p>\r\n                            <p id=\"CHARA_732_004\" class=\"sec_charaname\">Laegjarn<\/p>\r\n                            <p id=\"CHARA_732_005\" class=\"sec_charaappearancetxt\">Appara\u00eet dans<\/p>\r\n                            <p id=\"CHARA_732_006\" class=\"sec_charaappearancetxt\">Fire Emblem Heroes<\/p>\r\n                        <\/div>\r\n                    <\/div>\r\n                <\/section>\r\n            <\/article>\r\n            <article>\r\n                <section class=\"sec sec_characterarea\">\r\n                    <div class=\"sec_h2chara\">\r\n                        <p id=\"CHARA_732_007\" class=\"sec_h2charattl\">Sharena vous pr\u00e9sente\u2026<\/p>\r\n                        <h2 id=\"CHARA_732_008\" class=\"sec_h2charatxt\">Flamme et givre Laegjarn<\/h2>\r\n                    <\/div>\r\n                    <dl class=\"sec_dl flex\">\r\n                        <dt id=\"CHARA_732_009\" class=\"sec_dt\">Voici Laegjarn de M\u00faspell, le monde des flammes, et Fjorm de Nifl, le monde des glaces\u00a0! Elles font \u00e9quipe dans le cadre du festival des ninjas en Askr\u00a0!<\/dt>\r\n                        <dd class=\"sec_dd\">\r\n                            <a href=\"https:\/\/guide.fire-emblem-heroes.com\/wp-content\/uploads\/laegjarn_flame_and_frost_pop01.png\" class=\"popup-image\">\r\n                                <img decoding=\"async\" src=\"https:\/\/guide.fire-emblem-heroes.com\/wp-content\/uploads\/laegjarn_flame_and_frost_info01.png\" alt=\"\" \/>\r\n                            <\/a>\r\n                        <\/dd>\r\n                        <dt id=\"CHARA_732_010\" class=\"sec_dt\">Elles portent toutes les deux pour l&rsquo;occasion un costume de ninja, Laegjarn reprenant l&rsquo;imagerie du brasier, tandis que Fjorm adopte un look glacial. Ex\u00e9cuter les prouesses habituelles des ninjas sera un jeu d&rsquo;enfant avec de telles tenues\u00a0!<\/dt>\r\n                        <dd class=\"sec_dd\">\r\n                            <a href=\"https:\/\/guide.fire-emblem-heroes.com\/wp-content\/uploads\/laegjarn_flame_and_frost_pop02.png\" class=\"popup-image\">\r\n                                <img decoding=\"async\" src=\"https:\/\/guide.fire-emblem-heroes.com\/wp-content\/uploads\/laegjarn_flame_and_frost_info02.png\" alt=\"\" \/>\r\n                            <\/a>\r\n                        <\/dd>\r\n                        <dt id=\"CHARA_732_011\" class=\"sec_dt\">Et regardez leurs masques\u00a0! Laegjarn porte un masque de dragon de feu et Fjorm un masque de dragon de glace.<\/dt>\r\n                        <dd class=\"sec_dd\">\r\n                            <a href=\"https:\/\/guide.fire-emblem-heroes.com\/wp-content\/uploads\/laegjarn_flame_and_frost_pop03.png\" class=\"popup-image\">\r\n                                <img decoding=\"async\" src=\"https:\/\/guide.fire-emblem-heroes.com\/wp-content\/uploads\/laegjarn_flame_and_frost_info03.png\" alt=\"\" \/>\r\n                            <\/a>\r\n                        <\/dd>\r\n                        <dt id=\"CHARA_732_012\" class=\"sec_dt\">Elles \u00e9taient jadis destin\u00e9es \u00e0 s&rsquo;affronter&#8230; C&rsquo;est d&rsquo;autant plus merveilleux de les voir associ\u00e9es pour ce jour sp\u00e9cial ! Je suis s\u00fbre qu&rsquo;elles vont s&rsquo;amuser comme des folles ensemble !<\/dt>\r\n                        <dd class=\"sec_dd\">\r\n                            <a href=\"https:\/\/guide.fire-emblem-heroes.com\/wp-content\/uploads\/laegjarn_flame_and_frost_pop04.png\" class=\"popup-image\">\r\n                                <img decoding=\"async\" src=\"https:\/\/guide.fire-emblem-heroes.com\/wp-content\/uploads\/laegjarn_flame_and_frost_info04.png\" alt=\"\" \/>\r\n                            <\/a>\r\n                        <\/dd>\r\n                    <\/dl>\r\n                    <h3 id=\"CHARA_732_013\" class=\"sec_h3charatxt\">Personnage li\u00e9 \u00e0<\/h3>\r\n                    <h4 id=\"CHARA_732_014\" class=\"sec_h4charatxt\">M\u00faspell<\/h4>\r\n                    <p id=\"CHARA_732_015\" class=\"sec_charatxt\">Dieu de M\u00faspell, le monde des flammes. Son caract\u00e8re imp\u00e9tueux fait qu&rsquo;il voit souvent rouge et est sujet \u00e0 la violence. Il envo\u00fbte Laegjarn afin qu&rsquo;elle \u00e9limine la championne de Nifl.<\/p>\r\n                    <h4 id=\"CHARA_732_016\" class=\"sec_h4charatxt\">Nifl<\/h4>\r\n                    <p id=\"CHARA_732_017\" class=\"sec_charatxt\">D\u00e9esse de Nifl, le monde des glaces. Elle est froide et distante, \u00e0 l&rsquo;image de son royaume. Elle fait de Fjorm sa championne et la charge de vaincre M\u00faspell.<\/p>\r\n                <\/section>\r\n            <\/article>\r\n        <\/main>","protected":false},"excerpt":{"rendered":"Doubles unit\u00e9s Flamme et givre Laegjarn Appara\u00eet dans Fire Emblem Heroes Sharena vous pr\u00e9sente\u2026 Flamme et givre Laegjarn Voici Laegjarn de M\u00faspell, le monde des flammes, et Fjorm de Nifl, le monde des glaces\u00a0! Elles font \u00e9quipe dans le cadre du festival des ninjas en Askr\u00a0! Elles portent toutes les deux pour l&rsquo;occasion un costume [&hellip;]","protected":false},"author":1,"featured_media":38321,"comment_status":"closed","ping_status":"closed","sticky":false,"template":"","format":"standard","meta":{"advanced_seo_description":"","jetpack_seo_html_title":"","jetpack_seo_noindex":false,"_jetpack_newsletter_access":"","_jetpack_dont_email_post_to_subs":false,"_jetpack_newsletter_tier_id":0,"_jetpack_memberships_contains_paywalled_content":false,"_locale":"fr_FR","_original_post":"https:\/\/guide.fire-emblem-heroes.com\/?p=38133","_jetpack_memberships_contains_paid_content":false,"footnotes":"","jetpack_publicize_message":"","jetpack_publicize_feature_enabled":true,"jetpack_social_post_already_shared":false,"jetpack_social_options":{"image_generator_settings":{"template":"highway","default_image_id":0,"font":"","enabled":false},"version":2},"_wpas_customize_per_network":false,"jetpack_post_was_ever_published":false},"categories":[1384,1423,1390,1440],"tags":[1445],"class_list":["post-38141","post","type-post","status-publish","format-standard","has-post-thumbnail","hentry","category-character","category-ex_works_heroes","category-stay_heroes","category-duo_heroes","tag-doubles-unites","fr-FR"],"jetpack_publicize_connections":[],"jetpack_featured_media_url":"https:\/\/guide.fire-emblem-heroes.com\/wp-content\/uploads\/laegjarn_flame_and_frost.png","jetpack_sharing_enabled":false,"jetpack_shortlink":"https:\/\/wp.me\/pa0Mj3-9Vb","jetpack_likes_enabled":false,"amp_enabled":false,"_links":{"self":[{"href":"https:\/\/guide.fire-emblem-heroes.com\/wp-json\/wp\/v2\/posts\/38141","targetHints":{"allow":["GET"]}}],"collection":[{"href":"https:\/\/guide.fire-emblem-heroes.com\/wp-json\/wp\/v2\/posts"}],"about":[{"href":"https:\/\/guide.fire-emblem-heroes.com\/wp-json\/wp\/v2\/types\/post"}],"author":[{"embeddable":true,"href":"https:\/\/guide.fire-emblem-heroes.com\/wp-json\/wp\/v2\/users\/1"}],"replies":[{"embeddable":true,"href":"https:\/\/guide.fire-emblem-heroes.com\/wp-json\/wp\/v2\/comments?post=38141"}],"version-history":[{"count":1,"href":"https:\/\/guide.fire-emblem-heroes.com\/wp-json\/wp\/v2\/posts\/38141\/revisions"}],"predecessor-version":[{"id":38153,"href":"https:\/\/guide.fire-emblem-heroes.com\/wp-json\/wp\/v2\/posts\/38141\/revisions\/38153"}],"wp:featuredmedia":[{"embeddable":true,"href":"https:\/\/guide.fire-emblem-heroes.com\/wp-json\/wp\/v2\/media\/38321"}],"wp:attachment":[{"href":"https:\/\/guide.fire-emblem-heroes.com\/wp-json\/wp\/v2\/media?parent=38141"}],"wp:term":[{"taxonomy":"category","embeddable":true,"href":"https:\/\/guide.fire-emblem-heroes.com\/wp-json\/wp\/v2\/categories?post=38141"},{"taxonomy":"post_tag","embeddable":true,"href":"https:\/\/guide.fire-emblem-heroes.com\/wp-json\/wp\/v2\/tags?post=38141"}],"curies":[{"name":"wp","href":"https:\/\/api.w.org\/{rel}","templated":true}]}}