






{"id":38649,"date":"2022-11-28T12:52:39","date_gmt":"2022-11-28T03:52:39","guid":{"rendered":"https:\/\/guide.fire-emblem-heroes.com\/?p=38649"},"modified":"2022-11-29T13:15:20","modified_gmt":"2022-11-29T04:15:20","slug":"10069005000228-2","status":"publish","type":"post","link":"https:\/\/guide.fire-emblem-heroes.com\/fr\/10069005000228-2\/","title":{"rendered":"<span class=\"character_nick\">Cavalier masqu\u00e9<\/span><span class=\"character_name\">Gerome<\/span>"},"content":{"rendered":"<main id=\"CHARA_746\" class=\"main_page character\">\r\n            <article>\r\n                <section class=\"sec sec_character\">\r\n                    <ul class=\"sec_ul sec_ul--character slick-box\">\r\n                        <li class=\"sec_li sec_li--character\">\r\n                            <img decoding=\"async\" src=\"https:\/\/guide.fire-emblem-heroes.com\/wp-content\/uploads\/jerome_masked_rider_slide01.png\" alt=\"\" \/>\r\n                        <\/li>\r\n                        <li class=\"sec_li sec_li--character\">\r\n                            <img decoding=\"async\" src=\"https:\/\/guide.fire-emblem-heroes.com\/wp-content\/uploads\/jerome_masked_rider_slide02.png\" alt=\"\" \/>\r\n                        <\/li>\r\n                        <li class=\"sec_li sec_li--character\">\r\n                            <img decoding=\"async\" src=\"https:\/\/guide.fire-emblem-heroes.com\/wp-content\/uploads\/jerome_masked_rider_slide03.png\" alt=\"\" \/>\r\n                        <\/li>\r\n                        <li class=\"sec_li sec_li--character\">\r\n                            <img decoding=\"async\" src=\"https:\/\/guide.fire-emblem-heroes.com\/wp-content\/uploads\/jerome_masked_rider_slide04.png\" alt=\"\" \/>\r\n                        <\/li>\r\n                    <\/ul>\r\n                    <div class=\"sec_charainfoarea flex\">\r\n                        <div class=\"sec_gif\"><img loading=\"lazy\" decoding=\"async\" src=\"https:\/\/guide.fire-emblem-heroes.com\/wp-content\/uploads\/jerome_masked_rider.png\" alt=\"\" width=\"210\" height=\"190\"\/><\/div>\r\n                        <div class=\"sec_charainfo\">\r\n                            <p id=\"CHARA_746_002\" class=\"sec_characate sec_characate--heroes\">H\u00e9ros<\/p>\r\n                            <p id=\"CHARA_746_003\" class=\"sec_charanick\">Cavalier masqu\u00e9<\/p>\r\n                            <p id=\"CHARA_746_004\" class=\"sec_charaname\">Gerome<\/p>\r\n                            <p id=\"CHARA_746_005\" class=\"sec_charaappearancetxt\">Appara\u00eet dans<\/p>\r\n                            <p id=\"CHARA_746_006\" class=\"sec_charaappearancetxt\">Fire Emblem: Awakening<\/p>\r\n                        <\/div>\r\n                    <\/div>\r\n                <\/section>\r\n            <\/article>\r\n            <article>\r\n                <section class=\"sec sec_characterarea\">\r\n                    <div class=\"sec_h2chara\">\r\n                        <p id=\"CHARA_746_007\" class=\"sec_h2charattl\">Sharena vous pr\u00e9sente\u2026<\/p>\r\n                        <h2 id=\"CHARA_746_008\" class=\"sec_h2charatxt\">Cavalier masqu\u00e9 Gerome<\/h2>\r\n                    <\/div>\r\n                    <dl class=\"sec_dl flex\">\r\n                        <dt id=\"CHARA_746_009\" class=\"sec_dt\">Voici Gerome, arriv\u00e9 du futur dans le Saint-Royaume d&rsquo;Ylisse. Le masque qu&rsquo;il porte cache peut-\u00eatre leur ressemblance, mais c&rsquo;est un cavalier wyverne, comme sa m\u00e8re Zelcher.<\/dt>\r\n                        <dd class=\"sec_dd\">\r\n                            <a href=\"https:\/\/guide.fire-emblem-heroes.com\/wp-content\/uploads\/jerome_masked_rider_pop01.png\" class=\"popup-image\">\r\n                                <img decoding=\"async\" src=\"https:\/\/guide.fire-emblem-heroes.com\/wp-content\/uploads\/jerome_masked_rider_info01.png\" alt=\"\" \/>\r\n                            <\/a>\r\n                        <\/dd>\r\n                        <dt id=\"CHARA_746_010\" class=\"sec_dt\">Gerome est venu dans l&rsquo;Ylisse du pr\u00e9sent pour ramener Minerva chez elle dans la vall\u00e9e wyverne. Minerva \u00e9tait la monture de Zelcher, avant que cette derni\u00e8re ne meure dans le futur d&rsquo;o\u00f9 vient Gerome.<\/dt>\r\n                        <dd class=\"sec_dd\">\r\n                            <a href=\"https:\/\/guide.fire-emblem-heroes.com\/wp-content\/uploads\/jerome_masked_rider_pop02.png\" class=\"popup-image\">\r\n                                <img decoding=\"async\" src=\"https:\/\/guide.fire-emblem-heroes.com\/wp-content\/uploads\/jerome_masked_rider_info02.png\" alt=\"\" \/>\r\n                            <\/a>\r\n                        <\/dd>\r\n                        <dt id=\"CHARA_746_011\" class=\"sec_dt\">Gerome a commenc\u00e9 \u00e0 porter un masque enfant parce qu&rsquo;il trouvait \u00e7a cool et il en a gard\u00e9 l&rsquo;habitude. De plus, on dit que c&rsquo;est Gerome qui a donn\u00e9 \u00e0 Lucina le masque qu&rsquo;elle portait au cours de son voyage vers le pr\u00e9sent\u00a0!<\/dt>\r\n                        <dd class=\"sec_dd\">\r\n                            <a href=\"https:\/\/guide.fire-emblem-heroes.com\/wp-content\/uploads\/jerome_masked_rider_pop03.png\" class=\"popup-image\">\r\n                                <img decoding=\"async\" src=\"https:\/\/guide.fire-emblem-heroes.com\/wp-content\/uploads\/jerome_masked_rider_info03.png\" alt=\"\" \/>\r\n                            <\/a>\r\n                        <\/dd>\r\n                        <dt id=\"CHARA_746_012\" class=\"sec_dt\">M\u00eame s&rsquo;il vient d&rsquo;un monde futur, Gerome garde ses distances, y compris apr\u00e8s avoir retrouv\u00e9 ses parents. Y a-t-il une raison derri\u00e8re ce caract\u00e8re ombrageux\u00a0?<\/dt>\r\n                        <dd class=\"sec_dd\">\r\n                            <a href=\"https:\/\/guide.fire-emblem-heroes.com\/wp-content\/uploads\/jerome_masked_rider_pop04.png\" class=\"popup-image\">\r\n                                <img decoding=\"async\" src=\"https:\/\/guide.fire-emblem-heroes.com\/wp-content\/uploads\/jerome_masked_rider_info04.png\" alt=\"\" \/>\r\n                            <\/a>\r\n                        <\/dd>\r\n                    <\/dl>\r\n                    <h3 id=\"CHARA_746_013\" class=\"sec_h3charatxt\">Personnage li\u00e9 \u00e0<\/h3>\r\n                    <h4 id=\"CHARA_746_014\" class=\"sec_h4charatxt\">Zelcher<\/h4>\r\n                    <p id=\"CHARA_746_015\" class=\"sec_charatxt\">Cavali\u00e8re wyverne de la maison de Virion. Trouve sa wyverne Minerva adorable. C&rsquo;est la m\u00e8re de Gerome.<\/p>\r\n                <\/section>\r\n            <\/article>\r\n        <\/main>","protected":false},"excerpt":{"rendered":"H\u00e9ros Cavalier masqu\u00e9 Gerome Appara\u00eet dans Fire Emblem: Awakening Sharena vous pr\u00e9sente\u2026 Cavalier masqu\u00e9 Gerome Voici Gerome, arriv\u00e9 du futur dans le Saint-Royaume d&rsquo;Ylisse. Le masque qu&rsquo;il porte cache peut-\u00eatre leur ressemblance, mais c&rsquo;est un cavalier wyverne, comme sa m\u00e8re Zelcher. Gerome est venu dans l&rsquo;Ylisse du pr\u00e9sent pour ramener Minerva chez elle dans la [&hellip;]","protected":false},"author":1,"featured_media":38766,"comment_status":"closed","ping_status":"closed","sticky":false,"template":"","format":"standard","meta":{"advanced_seo_description":"","jetpack_seo_html_title":"","jetpack_seo_noindex":false,"_jetpack_newsletter_access":"","_jetpack_dont_email_post_to_subs":false,"_jetpack_newsletter_tier_id":0,"_jetpack_memberships_contains_paywalled_content":false,"_locale":"fr_FR","_original_post":"https:\/\/guide.fire-emblem-heroes.com\/?p=38641","_jetpack_memberships_contains_paid_content":false,"footnotes":"","jetpack_publicize_message":"","jetpack_publicize_feature_enabled":true,"jetpack_social_post_already_shared":false,"jetpack_social_options":{"image_generator_settings":{"template":"highway","default_image_id":0,"font":"","enabled":false},"version":2},"_wpas_customize_per_network":false,"jetpack_post_was_ever_published":false},"categories":[1384,1415,1431,1390],"tags":[1419],"class_list":["post-38649","post","type-post","status-publish","format-standard","has-post-thumbnail","hentry","category-character","category-heroes","category-ex_works_awakening","category-stay_heroes","tag-heros","fr-FR"],"jetpack_publicize_connections":[],"jetpack_featured_media_url":"https:\/\/guide.fire-emblem-heroes.com\/wp-content\/uploads\/jerome_masked_rider.png","jetpack_sharing_enabled":false,"jetpack_shortlink":"https:\/\/wp.me\/pa0Mj3-a3n","jetpack_likes_enabled":false,"amp_enabled":false,"_links":{"self":[{"href":"https:\/\/guide.fire-emblem-heroes.com\/wp-json\/wp\/v2\/posts\/38649","targetHints":{"allow":["GET"]}}],"collection":[{"href":"https:\/\/guide.fire-emblem-heroes.com\/wp-json\/wp\/v2\/posts"}],"about":[{"href":"https:\/\/guide.fire-emblem-heroes.com\/wp-json\/wp\/v2\/types\/post"}],"author":[{"embeddable":true,"href":"https:\/\/guide.fire-emblem-heroes.com\/wp-json\/wp\/v2\/users\/1"}],"replies":[{"embeddable":true,"href":"https:\/\/guide.fire-emblem-heroes.com\/wp-json\/wp\/v2\/comments?post=38649"}],"version-history":[{"count":1,"href":"https:\/\/guide.fire-emblem-heroes.com\/wp-json\/wp\/v2\/posts\/38649\/revisions"}],"predecessor-version":[{"id":38661,"href":"https:\/\/guide.fire-emblem-heroes.com\/wp-json\/wp\/v2\/posts\/38649\/revisions\/38661"}],"wp:featuredmedia":[{"embeddable":true,"href":"https:\/\/guide.fire-emblem-heroes.com\/wp-json\/wp\/v2\/media\/38766"}],"wp:attachment":[{"href":"https:\/\/guide.fire-emblem-heroes.com\/wp-json\/wp\/v2\/media?parent=38649"}],"wp:term":[{"taxonomy":"category","embeddable":true,"href":"https:\/\/guide.fire-emblem-heroes.com\/wp-json\/wp\/v2\/categories?post=38649"},{"taxonomy":"post_tag","embeddable":true,"href":"https:\/\/guide.fire-emblem-heroes.com\/wp-json\/wp\/v2\/tags?post=38649"}],"curies":[{"name":"wp","href":"https:\/\/api.w.org\/{rel}","templated":true}]}}