






{"id":39981,"date":"2023-01-06T12:27:01","date_gmt":"2023-01-06T03:27:01","guid":{"rendered":"https:\/\/guide.fire-emblem-heroes.com\/?p=39981"},"modified":"2023-02-10T16:09:19","modified_gmt":"2023-02-10T07:09:19","slug":"01003002000905-2","status":"publish","type":"post","link":"https:\/\/guide.fire-emblem-heroes.com\/fr\/01003002000905-2\/","title":{"rendered":"<span class=\"character_nick\">Li\u00e9es par le destin<\/span><span class=\"character_name\">Linde<\/span>"},"content":{"rendered":"<main id=\"CHARA_782\" class=\"main_page character\">\r\n            <article>\r\n                <section class=\"sec sec_character\">\r\n                    <ul class=\"sec_ul sec_ul--character slick-box\">\r\n                        <li class=\"sec_li sec_li--character\">\r\n                            <img decoding=\"async\" src=\"https:\/\/guide.fire-emblem-heroes.com\/wp-content\/uploads\/rinda_bound_by_grief_slide01.png\" alt=\"\" \/>\r\n                        <\/li>\r\n                        <li class=\"sec_li sec_li--character\">\r\n                            <img decoding=\"async\" src=\"https:\/\/guide.fire-emblem-heroes.com\/wp-content\/uploads\/rinda_bound_by_grief_slide02.png\" alt=\"\" \/>\r\n                        <\/li>\r\n                        <li class=\"sec_li sec_li--character\">\r\n                            <img decoding=\"async\" src=\"https:\/\/guide.fire-emblem-heroes.com\/wp-content\/uploads\/rinda_bound_by_grief_slide03.png\" alt=\"\" \/>\r\n                        <\/li>\r\n                        <li class=\"sec_li sec_li--character\">\r\n                            <img decoding=\"async\" src=\"https:\/\/guide.fire-emblem-heroes.com\/wp-content\/uploads\/rinda_bound_by_grief_slide04.png\" alt=\"\" \/>\r\n                        <\/li>\r\n                    <\/ul>\r\n                    <div class=\"sec_charainfoarea flex\">\r\n                        <div class=\"sec_gif\"><img loading=\"lazy\" decoding=\"async\" src=\"https:\/\/guide.fire-emblem-heroes.com\/wp-content\/uploads\/rinda_bound_by_grief.png\" alt=\"\" width=\"210\" height=\"190\"\/><\/div>\r\n                        <div class=\"sec_charainfo\">\r\n                            <p id=\"CHARA_782_002\" class=\"sec_characate sec_characate sec_characate--harmonized_hero\">Unit\u00e9s harmonis\u00e9es<\/p>\r\n                            <p id=\"CHARA_782_003\" class=\"sec_charanick\">Li\u00e9es par le destin<\/p>\r\n                            <p id=\"CHARA_782_004\" class=\"sec_charaname\">Linde<\/p>\r\n                            <p id=\"CHARA_782_005\" class=\"sec_charaappearancetxt\">Appara\u00eet dans<\/p>\r\n                            <p id=\"CHARA_782_006\" class=\"sec_charaappearancetxt\">Fire Emblem: Mystery of the Emblem<br \/>Fire Emblem: Thracia 776<\/p>\r\n                        <\/div>\r\n                    <\/div>\r\n                <\/section>\r\n            <\/article>\r\n            <article>\r\n                <section class=\"sec sec_characterarea\">\r\n                    <div class=\"sec_h2chara\">\r\n                        <p id=\"CHARA_782_007\" class=\"sec_h2charattl\">Sharena vous pr\u00e9sente&#8230;<\/p>\r\n                        <h2 id=\"CHARA_782_008\" class=\"sec_h2charatxt\">Li\u00e9es par le destin Linde<\/h2>\r\n                    <\/div>\r\n                    <dl class=\"sec_dl flex\">\r\n                        <dt id=\"CHARA_782_009\" class=\"sec_dt\">Voici Linde, une mage d&rsquo;Akaneia, et Sara, une clerc venant de Jugdral, toutes les deux en visite \u00e0 l&rsquo;acad\u00e9mie de magie de Khadein !<\/dt>\r\n                        <dd class=\"sec_dd\">\r\n                            <a href=\"https:\/\/guide.fire-emblem-heroes.com\/wp-content\/uploads\/rinda_bound_by_grief_pop01.png\" class=\"popup-image\">\r\n                                <img decoding=\"async\" src=\"https:\/\/guide.fire-emblem-heroes.com\/wp-content\/uploads\/rinda_bound_by_grief_info01.png\" alt=\"\" \/>\r\n                            <\/a>\r\n                        <\/dd>\r\n                        <dt id=\"CHARA_782_010\" class=\"sec_dt\">On dirait qu&rsquo;elles portent les habits traditionnels de Khadein ! Linde fait forte impression, on dirait presque une pr\u00eatresse !<\/dt>\r\n                        <dd class=\"sec_dd\">\r\n                            <a href=\"https:\/\/guide.fire-emblem-heroes.com\/wp-content\/uploads\/rinda_bound_by_grief_pop02.png\" class=\"popup-image\">\r\n                                <img decoding=\"async\" src=\"https:\/\/guide.fire-emblem-heroes.com\/wp-content\/uploads\/rinda_bound_by_grief_info02.png\" alt=\"\" \/>\r\n                            <\/a>\r\n                        <\/dd>\r\n                        <dt id=\"CHARA_782_011\" class=\"sec_dt\">Sara, quant \u00e0 elle, a choisi un style tr\u00e8s mignon\u00a0! Au fait, ces globes c\u00e9lestes color\u00e9s qu&rsquo;elles portent toutes les deux&#8230; Ce sont des armes magiques, et surtout puissantes\u00a0!<\/dt>\r\n                        <dd class=\"sec_dd\">\r\n                            <a href=\"https:\/\/guide.fire-emblem-heroes.com\/wp-content\/uploads\/rinda_bound_by_grief_pop03.png\" class=\"popup-image\">\r\n                                <img decoding=\"async\" src=\"https:\/\/guide.fire-emblem-heroes.com\/wp-content\/uploads\/rinda_bound_by_grief_info03.png\" alt=\"\" \/>\r\n                            <\/a>\r\n                        <\/dd>\r\n                        <dt id=\"CHARA_782_012\" class=\"sec_dt\">Si Linde accorde une grande importance \u00e0 l&rsquo;histoire de l&rsquo;acad\u00e9mie de magie, Sara est juste ravie de d\u00e9couvrir un nouvel endroit. Elles profitent de l&rsquo;instant, chacune \u00e0 sa mani\u00e8re !<\/dt>\r\n                        <dd class=\"sec_dd\">\r\n                            <a href=\"https:\/\/guide.fire-emblem-heroes.com\/wp-content\/uploads\/rinda_bound_by_grief_pop04.png\" class=\"popup-image\">\r\n                                <img decoding=\"async\" src=\"https:\/\/guide.fire-emblem-heroes.com\/wp-content\/uploads\/rinda_bound_by_grief_info04.png\" alt=\"\" \/>\r\n                            <\/a>\r\n                        <\/dd>\r\n                    <\/dl>\r\n                    <h3 id=\"CHARA_782_013\" class=\"sec_h3charatxt\">Personnage li\u00e9 \u00e0<\/h3>\r\n                    <h4 id=\"CHARA_782_014\" class=\"sec_h4charatxt\">Marth<\/h4>\r\n                    <p id=\"CHARA_782_015\" class=\"sec_charatxt\">Prince d&rsquo;Altea qui se bat pour sa patrie et ch\u00e9rit ses amis. Il secourt Linde lorsqu&rsquo;elle se fait capturer par des ren\u00e9gats.<\/p>\r\n                    <h4 id=\"CHARA_782_016\" class=\"sec_h4charatxt\">Leif<\/h4>\r\n                    <p id=\"CHARA_782_017\" class=\"sec_charatxt\">Fils de Quan, il a quitt\u00e9 Fiana, o\u00f9 il se cachait, apr\u00e8s une attaque des forces imp\u00e9riales. Sara s&rsquo;int\u00e9resse \u00e0 lui.<\/p>\r\n                <\/section>\r\n            <\/article>\r\n        <\/main>","protected":false},"excerpt":{"rendered":"Unit\u00e9s harmonis\u00e9es Li\u00e9es par le destin Linde Appara\u00eet dans Fire Emblem: Mystery of the EmblemFire Emblem: Thracia 776 Sharena vous pr\u00e9sente&#8230; Li\u00e9es par le destin Linde Voici Linde, une mage d&rsquo;Akaneia, et Sara, une clerc venant de Jugdral, toutes les deux en visite \u00e0 l&rsquo;acad\u00e9mie de magie de Khadein ! On dirait qu&rsquo;elles portent les [&hellip;]","protected":false},"author":1,"featured_media":40125,"comment_status":"closed","ping_status":"closed","sticky":false,"template":"","format":"standard","meta":{"advanced_seo_description":"","jetpack_seo_html_title":"","jetpack_seo_noindex":false,"_jetpack_newsletter_access":"","_jetpack_dont_email_post_to_subs":false,"_jetpack_newsletter_tier_id":0,"_jetpack_memberships_contains_paywalled_content":false,"_locale":"fr_FR","_original_post":"https:\/\/guide.fire-emblem-heroes.com\/?p=39972","_jetpack_memberships_contains_paid_content":false,"footnotes":"","jetpack_publicize_message":"","jetpack_publicize_feature_enabled":true,"jetpack_social_post_already_shared":false,"jetpack_social_options":{"image_generator_settings":{"template":"highway","default_image_id":0,"font":"","enabled":false},"version":2},"_wpas_customize_per_network":false,"jetpack_post_was_ever_published":false},"categories":[1384,1424,1464,1390],"tags":[1469],"class_list":["post-39981","post","type-post","status-publish","format-standard","has-post-thumbnail","hentry","category-character","category-ex_works_mystery_of_the_emblem","category-harmonized_heroes","category-stay_heroes","tag-unites-harmonisees","fr-FR"],"jetpack_publicize_connections":[],"jetpack_featured_media_url":"https:\/\/guide.fire-emblem-heroes.com\/wp-content\/uploads\/rinda_bound_by_grief.png","jetpack_sharing_enabled":false,"jetpack_shortlink":"https:\/\/wp.me\/pa0Mj3-aoR","jetpack_likes_enabled":false,"amp_enabled":false,"_links":{"self":[{"href":"https:\/\/guide.fire-emblem-heroes.com\/wp-json\/wp\/v2\/posts\/39981","targetHints":{"allow":["GET"]}}],"collection":[{"href":"https:\/\/guide.fire-emblem-heroes.com\/wp-json\/wp\/v2\/posts"}],"about":[{"href":"https:\/\/guide.fire-emblem-heroes.com\/wp-json\/wp\/v2\/types\/post"}],"author":[{"embeddable":true,"href":"https:\/\/guide.fire-emblem-heroes.com\/wp-json\/wp\/v2\/users\/1"}],"replies":[{"embeddable":true,"href":"https:\/\/guide.fire-emblem-heroes.com\/wp-json\/wp\/v2\/comments?post=39981"}],"version-history":[{"count":1,"href":"https:\/\/guide.fire-emblem-heroes.com\/wp-json\/wp\/v2\/posts\/39981\/revisions"}],"predecessor-version":[{"id":39990,"href":"https:\/\/guide.fire-emblem-heroes.com\/wp-json\/wp\/v2\/posts\/39981\/revisions\/39990"}],"wp:featuredmedia":[{"embeddable":true,"href":"https:\/\/guide.fire-emblem-heroes.com\/wp-json\/wp\/v2\/media\/40125"}],"wp:attachment":[{"href":"https:\/\/guide.fire-emblem-heroes.com\/wp-json\/wp\/v2\/media?parent=39981"}],"wp:term":[{"taxonomy":"category","embeddable":true,"href":"https:\/\/guide.fire-emblem-heroes.com\/wp-json\/wp\/v2\/categories?post=39981"},{"taxonomy":"post_tag","embeddable":true,"href":"https:\/\/guide.fire-emblem-heroes.com\/wp-json\/wp\/v2\/tags?post=39981"}],"curies":[{"name":"wp","href":"https:\/\/api.w.org\/{rel}","templated":true}]}}