






{"id":44669,"date":"2023-07-26T12:10:32","date_gmt":"2023-07-26T03:10:32","guid":{"rendered":"https:\/\/guide.fire-emblem-heroes.com\/?p=44669"},"modified":"2023-08-14T16:22:54","modified_gmt":"2023-08-14T07:22:54","slug":"00004006000980-2","status":"publish","type":"post","link":"https:\/\/guide.fire-emblem-heroes.com\/fr\/00004006000980-2\/","title":{"rendered":"<span class=\"character_nick\">Roi des r\u00eaves<\/span><span class=\"character_name\">Freyr<\/span>"},"content":{"rendered":"<main id=\"CHARA_884\" class=\"main_page character\">\r\n            <article>\r\n                <section class=\"sec sec_character\">\r\n                    <ul class=\"sec_ul sec_ul--character slick-box\">\r\n                        <li class=\"sec_li sec_li--character\">\r\n                            <img decoding=\"async\" src=\"https:\/\/guide.fire-emblem-heroes.com\/wp-content\/uploads\/froda_dream-king_slide01.png\" alt=\"\" \/>\r\n                        <\/li>\r\n                        <li class=\"sec_li sec_li--character\">\r\n                            <img decoding=\"async\" src=\"https:\/\/guide.fire-emblem-heroes.com\/wp-content\/uploads\/froda_dream-king_slide02.png\" alt=\"\" \/>\r\n                        <\/li>\r\n                        <li class=\"sec_li sec_li--character\">\r\n                            <img decoding=\"async\" src=\"https:\/\/guide.fire-emblem-heroes.com\/wp-content\/uploads\/froda_dream-king_slide03.png\" alt=\"\" \/>\r\n                        <\/li>\r\n                        <li class=\"sec_li sec_li--character\">\r\n                            <img decoding=\"async\" src=\"https:\/\/guide.fire-emblem-heroes.com\/wp-content\/uploads\/froda_dream-king_slide04.png\" alt=\"\" \/>\r\n                        <\/li>\r\n                    <\/ul>\r\n                    <div class=\"sec_charainfoarea flex\">\r\n                        <div class=\"sec_gif\"><img loading=\"lazy\" decoding=\"async\" src=\"https:\/\/guide.fire-emblem-heroes.com\/wp-content\/uploads\/froda_dream-king.png\" alt=\"\" width=\"210\" height=\"190\"\/><\/div>\r\n                        <div class=\"sec_charainfo\">\r\n                            <p id=\"CHARA_884_002\" class=\"sec_characate sec_characate--mythic_heroes\">H\u00e9ros mythiques<\/p>\r\n                            <p id=\"CHARA_884_003\" class=\"sec_charanick\">Roi des r\u00eaves<\/p>\r\n                            <p id=\"CHARA_884_004\" class=\"sec_charaname\">Freyr<\/p>\r\n                            <p id=\"CHARA_884_005\" class=\"sec_charaappearancetxt\">Appara\u00eet dans<\/p>\r\n                            <p id=\"CHARA_884_006\" class=\"sec_charaappearancetxt\">Fire Emblem Heroes<\/p>\r\n                        <\/div>\r\n                    <\/div>\r\n                <\/section>\r\n            <\/article>\r\n            <article>\r\n                <section class=\"sec sec_characterarea\">\r\n                    <div class=\"sec_h2chara\">\r\n                        <p id=\"CHARA_884_007\" class=\"sec_h2charattl\">Sharena vous pr\u00e9sente\u2026<\/p>\r\n                        <h2 id=\"CHARA_884_008\" class=\"sec_h2charatxt\">Roi des r\u00eaves Freyr<\/h2>\r\n                    <\/div>\r\n                    <dl class=\"sec_dl flex\">\r\n                        <dt id=\"CHARA_884_009\" class=\"sec_dt\">Freyr est le roi d\u00e9bonnaire et compatissant de Lj\u00f3s\u00e1lfheimr. Originaire de Vanaheimr, le royaume de lumi\u00e8re, il est \u00e9galement surnomm\u00e9 le roi de l&rsquo;abondance.<\/dt>\r\n                        <dd class=\"sec_dd\">\r\n                            <a href=\"https:\/\/guide.fire-emblem-heroes.com\/wp-content\/uploads\/froda_dream-king_pop01.png\" class=\"popup-image\">\r\n                                <img decoding=\"async\" src=\"https:\/\/guide.fire-emblem-heroes.com\/wp-content\/uploads\/froda_dream-king_info01.png\" alt=\"\" \/>\r\n                            <\/a>\r\n                        <\/dd>\r\n                        <dt id=\"CHARA_884_010\" class=\"sec_dt\">Apr\u00e8s son d\u00e9part de Vanaheimr, Freyr a fond\u00e9 Lj\u00f3s\u00e1lfheimr avec sa s\u0153ur Freyja. Mais leur royaume a failli succomber quand les humains ont oubli\u00e9 leurs r\u00eaves.<\/dt>\r\n                        <dd class=\"sec_dd\">\r\n                            <a href=\"https:\/\/guide.fire-emblem-heroes.com\/wp-content\/uploads\/froda_dream-king_pop02.png\" class=\"popup-image\">\r\n                                <img decoding=\"async\" src=\"https:\/\/guide.fire-emblem-heroes.com\/wp-content\/uploads\/froda_dream-king_info02.png\" alt=\"\" \/>\r\n                            <\/a>\r\n                        <\/dd>\r\n                        <dt id=\"CHARA_884_011\" class=\"sec_dt\">Cherchant \u00e0 sauver le monde des r\u00eaves et apaiser le c\u0153ur des gens, Freyr a chang\u00e9 le destin de malheureux enfants humains en les transformant en elfes. Cette fa\u00e7on d&rsquo;intervenir pour changer le destin des gens a fait na\u00eetre en lui des sentiments contradictoires.<\/dt>\r\n                        <dd class=\"sec_dd\">\r\n                            <a href=\"https:\/\/guide.fire-emblem-heroes.com\/wp-content\/uploads\/froda_dream-king_pop03.png\" class=\"popup-image\">\r\n                                <img decoding=\"async\" src=\"https:\/\/guide.fire-emblem-heroes.com\/wp-content\/uploads\/froda_dream-king_info03.png\" alt=\"\" \/>\r\n                            <\/a>\r\n                        <\/dd>\r\n                        <dt id=\"CHARA_884_012\" class=\"sec_dt\">Apr\u00e8s notre rencontre avec Freyja, Freyr s&rsquo;est sacrifi\u00e9 pour nous sauver. J&rsquo;esp\u00e8re qu&rsquo;il pourra enfin exaucer ses r\u00eaves en Askr\u00a0!<\/dt>\r\n                        <dd class=\"sec_dd\">\r\n                            <a href=\"https:\/\/guide.fire-emblem-heroes.com\/wp-content\/uploads\/froda_dream-king_pop04.png\" class=\"popup-image\">\r\n                                <img decoding=\"async\" src=\"https:\/\/guide.fire-emblem-heroes.com\/wp-content\/uploads\/froda_dream-king_info04.png\" alt=\"\" \/>\r\n                            <\/a>\r\n                        <\/dd>\r\n                    <\/dl>\r\n                    <h3 id=\"CHARA_884_013\" class=\"sec_h3charatxt\">Personnage li\u00e9 \u00e0<\/h3>\r\n                    <h4 id=\"CHARA_884_014\" class=\"sec_h4charatxt\">Freyja<\/h4>\r\n                    <p id=\"CHARA_884_015\" class=\"sec_charatxt\">Reine de D\u00f6kk\u00e1lfheimr, le royaume des cauchemars. Elle aime tant son fr\u00e8re a\u00een\u00e9 Freyr qu&rsquo;elle est pr\u00eate \u00e0 tout pour rester \u00e0 ses c\u00f4t\u00e9s.<\/p>\r\n                    <h4 id=\"CHARA_884_016\" class=\"sec_h4charatxt\">Ner\u00feuz<\/h4>\r\n                    <p id=\"CHARA_884_017\" class=\"sec_charatxt\">D\u00e9esse de Vanaheimr, le royaume de lumi\u00e8re. Elle d\u00e9gage une aura maternelle et adore toutes les cr\u00e9atures qui peuplent la terre. C&rsquo;est la tante de Freyr.<\/p>\r\n                <\/section>\r\n            <\/article>\r\n        <\/main>","protected":false},"excerpt":{"rendered":"H\u00e9ros mythiques Roi des r\u00eaves Freyr Appara\u00eet dans Fire Emblem Heroes Sharena vous pr\u00e9sente\u2026 Roi des r\u00eaves Freyr Freyr est le roi d\u00e9bonnaire et compatissant de Lj\u00f3s\u00e1lfheimr. Originaire de Vanaheimr, le royaume de lumi\u00e8re, il est \u00e9galement surnomm\u00e9 le roi de l&rsquo;abondance. Apr\u00e8s son d\u00e9part de Vanaheimr, Freyr a fond\u00e9 Lj\u00f3s\u00e1lfheimr avec sa s\u0153ur Freyja. [&hellip;]","protected":false},"author":1,"featured_media":44788,"comment_status":"closed","ping_status":"closed","sticky":false,"template":"","format":"standard","meta":{"advanced_seo_description":"","jetpack_seo_html_title":"","jetpack_seo_noindex":false,"_jetpack_newsletter_access":"","_jetpack_dont_email_post_to_subs":false,"_jetpack_newsletter_tier_id":0,"_jetpack_memberships_contains_paywalled_content":false,"_locale":"fr_FR","_original_post":"https:\/\/guide.fire-emblem-heroes.com\/?p=44661","_jetpack_memberships_contains_paid_content":false,"footnotes":"","jetpack_publicize_message":"","jetpack_publicize_feature_enabled":true,"jetpack_social_post_already_shared":false,"jetpack_social_options":{"image_generator_settings":{"template":"highway","default_image_id":0,"font":"","enabled":false},"version":2},"_wpas_customize_per_network":false,"jetpack_post_was_ever_published":false},"categories":[1384,1423,1385,1390],"tags":[1402],"class_list":["post-44669","post","type-post","status-publish","format-standard","has-post-thumbnail","hentry","category-character","category-ex_works_heroes","category-mythic_heroes","category-stay_heroes","tag-heros-mythiques","fr-FR"],"jetpack_publicize_connections":[],"jetpack_featured_media_url":"https:\/\/guide.fire-emblem-heroes.com\/wp-content\/uploads\/froda_dream-king.png","jetpack_sharing_enabled":false,"jetpack_shortlink":"https:\/\/wp.me\/pa0Mj3-bCt","jetpack_likes_enabled":false,"amp_enabled":false,"_links":{"self":[{"href":"https:\/\/guide.fire-emblem-heroes.com\/wp-json\/wp\/v2\/posts\/44669","targetHints":{"allow":["GET"]}}],"collection":[{"href":"https:\/\/guide.fire-emblem-heroes.com\/wp-json\/wp\/v2\/posts"}],"about":[{"href":"https:\/\/guide.fire-emblem-heroes.com\/wp-json\/wp\/v2\/types\/post"}],"author":[{"embeddable":true,"href":"https:\/\/guide.fire-emblem-heroes.com\/wp-json\/wp\/v2\/users\/1"}],"replies":[{"embeddable":true,"href":"https:\/\/guide.fire-emblem-heroes.com\/wp-json\/wp\/v2\/comments?post=44669"}],"version-history":[{"count":1,"href":"https:\/\/guide.fire-emblem-heroes.com\/wp-json\/wp\/v2\/posts\/44669\/revisions"}],"predecessor-version":[{"id":44681,"href":"https:\/\/guide.fire-emblem-heroes.com\/wp-json\/wp\/v2\/posts\/44669\/revisions\/44681"}],"wp:featuredmedia":[{"embeddable":true,"href":"https:\/\/guide.fire-emblem-heroes.com\/wp-json\/wp\/v2\/media\/44788"}],"wp:attachment":[{"href":"https:\/\/guide.fire-emblem-heroes.com\/wp-json\/wp\/v2\/media?parent=44669"}],"wp:term":[{"taxonomy":"category","embeddable":true,"href":"https:\/\/guide.fire-emblem-heroes.com\/wp-json\/wp\/v2\/categories?post=44669"},{"taxonomy":"post_tag","embeddable":true,"href":"https:\/\/guide.fire-emblem-heroes.com\/wp-json\/wp\/v2\/tags?post=44669"}],"curies":[{"name":"wp","href":"https:\/\/api.w.org\/{rel}","templated":true}]}}