






{"id":44838,"date":"2023-08-04T12:08:40","date_gmt":"2023-08-04T03:08:40","guid":{"rendered":"https:\/\/guide.fire-emblem-heroes.com\/?p=44838"},"modified":"2023-09-08T16:06:14","modified_gmt":"2023-09-08T07:06:14","slug":"03008001000981-2","status":"publish","type":"post","link":"https:\/\/guide.fire-emblem-heroes.com\/fr\/03008001000981-2\/","title":{"rendered":"<span class=\"character_nick\">Unies par le th\u00e9<\/span><span class=\"character_name\">Ayra<\/span>"},"content":{"rendered":"<main id=\"CHARA_888\" class=\"main_page character\">\r\n            <article>\r\n                <section class=\"sec sec_character\">\r\n                    <ul class=\"sec_ul sec_ul--character slick-box\">\r\n                        <li class=\"sec_li sec_li--character\">\r\n                            <img decoding=\"async\" src=\"https:\/\/guide.fire-emblem-heroes.com\/wp-content\/uploads\/ira_together_in_tea_slide01.png\" alt=\"\" \/>\r\n                        <\/li>\r\n                        <li class=\"sec_li sec_li--character\">\r\n                            <img decoding=\"async\" src=\"https:\/\/guide.fire-emblem-heroes.com\/wp-content\/uploads\/ira_together_in_tea_slide02.png\" alt=\"\" \/>\r\n                        <\/li>\r\n                        <li class=\"sec_li sec_li--character\">\r\n                            <img decoding=\"async\" src=\"https:\/\/guide.fire-emblem-heroes.com\/wp-content\/uploads\/ira_together_in_tea_slide03.png\" alt=\"\" \/>\r\n                        <\/li>\r\n                        <li class=\"sec_li sec_li--character\">\r\n                            <img decoding=\"async\" src=\"https:\/\/guide.fire-emblem-heroes.com\/wp-content\/uploads\/ira_together_in_tea_slide04.png\" alt=\"\" \/>\r\n                        <\/li>\r\n                    <\/ul>\r\n                    <div class=\"sec_charainfoarea flex\">\r\n                        <div class=\"sec_gif\"><img loading=\"lazy\" decoding=\"async\" src=\"https:\/\/guide.fire-emblem-heroes.com\/wp-content\/uploads\/ira_together_in_tea.png\" alt=\"\" width=\"210\" height=\"190\"\/><\/div>\r\n                        <div class=\"sec_charainfo\">\r\n                            <p id=\"CHARA_888_002\" class=\"sec_characate sec_characate sec_characate--harmonized_hero\">Unit\u00e9s harmonis\u00e9es<\/p>\r\n                            <p id=\"CHARA_888_003\" class=\"sec_charanick\">Unies par le th\u00e9<\/p>\r\n                            <p id=\"CHARA_888_004\" class=\"sec_charaname\">Ayra<\/p>\r\n                            <p id=\"CHARA_888_005\" class=\"sec_charaappearancetxt\">Appara\u00eet dans<\/p>\r\n                            <p id=\"CHARA_888_006\" class=\"sec_charaappearancetxt\">Fire Emblem: Genealogy of the Holy War<br \/>Fire Emblem: Three Houses<\/p>\r\n                        <\/div>\r\n                    <\/div>\r\n                <\/section>\r\n            <\/article>\r\n            <article>\r\n                <section class=\"sec sec_characterarea\">\r\n                    <div class=\"sec_h2chara\">\r\n                        <p id=\"CHARA_888_007\" class=\"sec_h2charattl\">Sharena vous pr\u00e9sente\u2026<\/p>\r\n                        <h2 id=\"CHARA_888_008\" class=\"sec_h2charatxt\">Unies par le th\u00e9 Ayra<\/h2>\r\n                    <\/div>\r\n                    <dl class=\"sec_dl flex\">\r\n                        <dt id=\"CHARA_888_009\" class=\"sec_dt\">Voici Ayra, princesse du royaume d&rsquo;Isaach en Jugdral, et Mercedes, \u00e9tudiante \u00e0 l&rsquo;Acad\u00e9mie des officiers au monast\u00e8re de Garreg Mach. Elles sont venues donner un coup de main pour notre d\u00e9gustation de th\u00e9.<\/dt>\r\n                        <dd class=\"sec_dd\">\r\n                            <a href=\"https:\/\/guide.fire-emblem-heroes.com\/wp-content\/uploads\/ira_together_in_tea_pop01.png\" class=\"popup-image\">\r\n                                <img decoding=\"async\" src=\"https:\/\/guide.fire-emblem-heroes.com\/wp-content\/uploads\/ira_together_in_tea_info01.png\" alt=\"\" \/>\r\n                            <\/a>\r\n                        <\/dd>\r\n                        <dt id=\"CHARA_888_010\" class=\"sec_dt\">Pour l&rsquo;occasion, elles ont rev\u00eatu des tenues de service tr\u00e8s \u00e9l\u00e9gantes\u00a0! Toujours aussi active et \u00e9nergique, Ayra porte une jupe fendue qui facilite ses mouvements, juste au cas o\u00f9 un combat \u00e9claterait entre deux amateurs de th\u00e9\u00a0!<\/dt>\r\n                        <dd class=\"sec_dd\">\r\n                            <a href=\"https:\/\/guide.fire-emblem-heroes.com\/wp-content\/uploads\/ira_together_in_tea_pop02.png\" class=\"popup-image\">\r\n                                <img decoding=\"async\" src=\"https:\/\/guide.fire-emblem-heroes.com\/wp-content\/uploads\/ira_together_in_tea_info02.png\" alt=\"\" \/>\r\n                            <\/a>\r\n                        <\/dd>\r\n                        <dt id=\"CHARA_888_011\" class=\"sec_dt\">Mercedes quant \u00e0 elle arbore un ensemble mignon, avec une jupe confortable qui colle bien avec son allure d\u00e9sinvolte.<\/dt>\r\n                        <dd class=\"sec_dd\">\r\n                            <a href=\"https:\/\/guide.fire-emblem-heroes.com\/wp-content\/uploads\/ira_together_in_tea_pop03.png\" class=\"popup-image\">\r\n                                <img decoding=\"async\" src=\"https:\/\/guide.fire-emblem-heroes.com\/wp-content\/uploads\/ira_together_in_tea_info03.png\" alt=\"\" \/>\r\n                            <\/a>\r\n                        <\/dd>\r\n                        <dt id=\"CHARA_888_012\" class=\"sec_dt\">Toutes deux sont \u00e9quip\u00e9es pour accueillir alli\u00e9s et ennemis avec l&rsquo;hospitalit\u00e9 habituelle des Gardiens d&rsquo;Askr\u00a0: un couteau \u00e0 p\u00e2tisserie pour Arya et un service \u00e0 th\u00e9 pour Mercedes.<\/dt>\r\n                        <dd class=\"sec_dd\">\r\n                            <a href=\"https:\/\/guide.fire-emblem-heroes.com\/wp-content\/uploads\/ira_together_in_tea_pop04.png\" class=\"popup-image\">\r\n                                <img decoding=\"async\" src=\"https:\/\/guide.fire-emblem-heroes.com\/wp-content\/uploads\/ira_together_in_tea_info04.png\" alt=\"\" \/>\r\n                            <\/a>\r\n                        <\/dd>\r\n                    <\/dl>\r\n                    <h3 id=\"CHARA_888_013\" class=\"sec_h3charatxt\">Personnage li\u00e9 \u00e0<\/h3>\r\n                    <h4 id=\"CHARA_888_014\" class=\"sec_h4charatxt\">Shannan<\/h4>\r\n                    <p id=\"CHARA_888_015\" class=\"sec_charatxt\">Prince d&rsquo;Isaach et descendant du crois\u00e9 Od, c&rsquo;est un habile \u00e9p\u00e9iste maniant la lame divine Balmung. C&rsquo;est le neveu d&rsquo;Ayra.<\/p>\r\n                    <h4 id=\"CHARA_888_016\" class=\"sec_h4charatxt\">Annette<\/h4>\r\n                    <p id=\"CHARA_888_017\" class=\"sec_charatxt\">Noble appartenant au Saint Royaume de Faerghus, ni\u00e8ce du baron Dominic. Bien qu&rsquo;elle soit une bonne \u00e9l\u00e8ve, elle a tendance \u00e0 en faire trop. Elle est l&rsquo;amie de Mercedes.<\/p>\r\n                <\/section>\r\n            <\/article>\r\n        <\/main>","protected":false},"excerpt":{"rendered":"Unit\u00e9s harmonis\u00e9es Unies par le th\u00e9 Ayra Appara\u00eet dans Fire Emblem: Genealogy of the Holy WarFire Emblem: Three Houses Sharena vous pr\u00e9sente\u2026 Unies par le th\u00e9 Ayra Voici Ayra, princesse du royaume d&rsquo;Isaach en Jugdral, et Mercedes, \u00e9tudiante \u00e0 l&rsquo;Acad\u00e9mie des officiers au monast\u00e8re de Garreg Mach. Elles sont venues donner un coup de main [&hellip;]","protected":false},"author":1,"featured_media":44984,"comment_status":"closed","ping_status":"closed","sticky":false,"template":"","format":"standard","meta":{"advanced_seo_description":"","jetpack_seo_html_title":"","jetpack_seo_noindex":false,"_jetpack_newsletter_access":"","_jetpack_dont_email_post_to_subs":false,"_jetpack_newsletter_tier_id":0,"_jetpack_memberships_contains_paywalled_content":false,"_locale":"fr_FR","_original_post":"https:\/\/guide.fire-emblem-heroes.com\/?p=44830","_jetpack_memberships_contains_paid_content":false,"footnotes":"","jetpack_publicize_message":"","jetpack_publicize_feature_enabled":true,"jetpack_social_post_already_shared":false,"jetpack_social_options":{"image_generator_settings":{"template":"highway","default_image_id":0,"font":"","enabled":false},"version":2},"_wpas_customize_per_network":false,"jetpack_post_was_ever_published":false},"categories":[1384,1436,1464,1390],"tags":[1469],"class_list":["post-44838","post","type-post","status-publish","format-standard","has-post-thumbnail","hentry","category-character","category-ex_works_genealogy_of_the_holy_war","category-harmonized_heroes","category-stay_heroes","tag-unites-harmonisees","fr-FR"],"jetpack_publicize_connections":[],"jetpack_featured_media_url":"https:\/\/guide.fire-emblem-heroes.com\/wp-content\/uploads\/ira_together_in_tea.png","jetpack_sharing_enabled":false,"jetpack_shortlink":"https:\/\/wp.me\/pa0Mj3-bFc","jetpack_likes_enabled":false,"amp_enabled":false,"_links":{"self":[{"href":"https:\/\/guide.fire-emblem-heroes.com\/wp-json\/wp\/v2\/posts\/44838","targetHints":{"allow":["GET"]}}],"collection":[{"href":"https:\/\/guide.fire-emblem-heroes.com\/wp-json\/wp\/v2\/posts"}],"about":[{"href":"https:\/\/guide.fire-emblem-heroes.com\/wp-json\/wp\/v2\/types\/post"}],"author":[{"embeddable":true,"href":"https:\/\/guide.fire-emblem-heroes.com\/wp-json\/wp\/v2\/users\/1"}],"replies":[{"embeddable":true,"href":"https:\/\/guide.fire-emblem-heroes.com\/wp-json\/wp\/v2\/comments?post=44838"}],"version-history":[{"count":1,"href":"https:\/\/guide.fire-emblem-heroes.com\/wp-json\/wp\/v2\/posts\/44838\/revisions"}],"predecessor-version":[{"id":44849,"href":"https:\/\/guide.fire-emblem-heroes.com\/wp-json\/wp\/v2\/posts\/44838\/revisions\/44849"}],"wp:featuredmedia":[{"embeddable":true,"href":"https:\/\/guide.fire-emblem-heroes.com\/wp-json\/wp\/v2\/media\/44984"}],"wp:attachment":[{"href":"https:\/\/guide.fire-emblem-heroes.com\/wp-json\/wp\/v2\/media?parent=44838"}],"wp:term":[{"taxonomy":"category","embeddable":true,"href":"https:\/\/guide.fire-emblem-heroes.com\/wp-json\/wp\/v2\/categories?post=44838"},{"taxonomy":"post_tag","embeddable":true,"href":"https:\/\/guide.fire-emblem-heroes.com\/wp-json\/wp\/v2\/tags?post=44838"}],"curies":[{"name":"wp","href":"https:\/\/api.w.org\/{rel}","templated":true}]}}